{"id":20226,"date":"2025-04-26T17:45:28","date_gmt":"2025-04-26T20:45:28","guid":{"rendered":"https:\/\/13.com.ar\/index.php\/los-hinchas-de-san-lorenzo-explotaron-contra-moretti-en-un-nuevo-gasometro-que-tambien-se-emociono-por-el-papa-francisco\/"},"modified":"2025-04-26T17:45:28","modified_gmt":"2025-04-26T20:45:28","slug":"los-hinchas-de-san-lorenzo-explotaron-contra-moretti-en-un-nuevo-gasometro-que-tambien-se-emociono-por-el-papa-francisco","status":"publish","type":"post","link":"https:\/\/13.com.ar\/index.php\/los-hinchas-de-san-lorenzo-explotaron-contra-moretti-en-un-nuevo-gasometro-que-tambien-se-emociono-por-el-papa-francisco\/","title":{"rendered":"Los hinchas de San Lorenzo explotaron contra Moretti en un Nuevo Gas\u00f3metro que tambi\u00e9n se emocion\u00f3 por el Papa Francisco"},"content":{"rendered":"<p> <br \/>\n<br \/><img decoding=\"async\" src=\"https:\/\/13.com.ar\/wp-content\/uploads\/2025\/04\/Los-hinchas-de-San-Lorenzo-explotaron-contra-Moretti-en-un.jpg\" \/><\/p>\n<div id=\"element-body-0\">\n<p>Lo que iba a pasar, finalmente pas\u00f3. Mientras los futbolistas de <strong>San Lorenzo<\/strong> realizaban la entrada en calor previa el partido de este tarde ante <strong>Rosario Central<\/strong>, los hinchas del Cicl\u00f3n que empezaban a llenar el <strong>Nuevo Gas\u00f3metro<\/strong> expresaron todo su repudio contra <strong>Marcelo Moretti,<\/strong> el presidente que est\u00e1 de licencia por 90 d\u00edas luego del video en el que se lo ve recibiendo 25 mil d\u00f3lares de la madre de un juvenil del club y guard\u00e1ndoselo en el saco.<\/p>\n<\/div>\n<div id=\"element-body-1\">\n<p><strong>&#8220;Dirigentes, dirigentes&#8230; no se lo decimos m\u00e1s&#8230; si no mandan a elecciones&#8230; qu\u00e9 quilombo se va a armar&#8221;,<\/strong> cantaron en una previa caliente que se encuentra entremezclada por la emoci\u00f3n que genera en los hinchas el fallecimiento del <strong>Papa Francisco,<\/strong> su hincha m\u00e1s famoso, a quien le dedicaron una bandera gigantesca.<\/p>\n<\/div>\n<div id=\"element-body-2\">\n<p>Viggo Mortensen, otro reconocido fan\u00e1tico del Cuervo, tambi\u00e9n pidi\u00f3 por la salida del presidente. &#8220;Moretti, andate por favor, por el bien de San Lorenzo y su hinchada. Ya hiciste bastante da\u00f1o desde que fuiste elegido para cuidar al club. Gracias, Viggo&#8221;, escribi\u00f3 el estadounidense de 66 a\u00f1os.<\/p>\n<\/div>\n<div id=\"element-body-3\">\n<p>El minuto de silencio dedicado al Papa Francisco fue el manto de piedad para tanta bronca y catarsis del hincha del Cicl\u00f3n contra sus autoridades. &#8220;El Papa es de Boedo, el Papa es de Boedo&#8230;&#8221; se escuch\u00f3 desde la popular azulgrana, en un grito que vol\u00f3 de Bajo Flores a Roma.<\/p>\n<\/div>\n<div id=\"element-body-4\">\n<blockquote class=\"twitter-tweet\">\n<p lang=\"es\" dir=\"ltr\">&#8220;FRANCISCO QUERIDO, ESTA HINCHADA EST\u00c1 CONTIGO&#8221;<\/p>\n<p>\ud83d\ude4c El Nuevo Gas\u00f3metro para el Papa Francisco. <a rel=\"nofollow\" target=\"_blank\" href=\"https:\/\/t.co\/pMqFJlquf0\">pic.twitter.com\/pMqFJlquf0<\/a><\/p>\n<p>\u2014 SportsCenter (@SC_ESPN) <a rel=\"nofollow\" target=\"_blank\" href=\"https:\/\/twitter.com\/SC_ESPN\/status\/1916225122530214174?ref_src=twsrc%5Etfw\">April 26, 2025<\/a><\/p><\/blockquote>\n<\/div>\n<div id=\"element-body-5\">\n<blockquote class=\"twitter-tweet\">\n<p lang=\"es\" dir=\"ltr\">EMOCIONANTE MINUTO DE SILENCIO Y APLAUSOS POR EL PAPA FRANCISCO EN EL NUEVO GAS\u00d3METRO.<\/p>\n<p>\ud83d\udcfa ESPN Premium | Suscribite al Pack F\u00fatbol en  <a rel=\"nofollow\" target=\"_blank\" href=\"https:\/\/t.co\/LOmgYVqNz5\">pic.twitter.com\/LOmgYVqNz5<\/a><\/p>\n<p>\u2014 SportsCenter (@SC_ESPN) <a rel=\"nofollow\" target=\"_blank\" href=\"https:\/\/twitter.com\/SC_ESPN\/status\/1916221910024601852?ref_src=twsrc%5Etfw\">April 26, 2025<\/a><\/p><\/blockquote>\n<\/div>\n<div id=\"element-body-6\">\n<blockquote class=\"twitter-tweet\">\n<p lang=\"es\" dir=\"ltr\">EMOTIVO RECIBIMIENTO A SAN LORENZO EN EL NUEVO GAS\u00d3METRO CON UN HOMENAJE AL PAPA FRANCISCO.<\/p>\n<p>\ud83d\udcfa ESPN Premium | Suscribite al Pack F\u00fatbol en  <a rel=\"nofollow\" target=\"_blank\" href=\"https:\/\/t.co\/vHrOqI54vR\">pic.twitter.com\/vHrOqI54vR<\/a><\/p>\n<p>\u2014 SportsCenter (@SC_ESPN) <a rel=\"nofollow\" target=\"_blank\" href=\"https:\/\/twitter.com\/SC_ESPN\/status\/1916220853143949603?ref_src=twsrc%5Etfw\">April 26, 2025<\/a><\/p><\/blockquote>\n<\/div>\n<div id=\"element-body-7\">\n<blockquote class=\"twitter-tweet\">\n<p lang=\"es\" dir=\"ltr\">Banderas para recordar al Papa Francisco en el Nuevo Gas\u00f3metro. <a rel=\"nofollow\" target=\"_blank\" href=\"https:\/\/t.co\/T9in3rCz7r\">pic.twitter.com\/T9in3rCz7r<\/a><\/p>\n<p>\u2014 SportsCenter (@SC_ESPN) <a rel=\"nofollow\" target=\"_blank\" href=\"https:\/\/twitter.com\/SC_ESPN\/status\/1916218274263482776?ref_src=twsrc%5Etfw\">April 26, 2025<\/a><\/p><\/blockquote>\n<\/div>\n<div id=\"element-body-8\">\n<p><em>Noticia en desarrollo&#8230;.<\/em><\/p>\n<\/div>\n<p><script async src=\"\/\/platform.twitter.com\/widgets.js\" charset=\"utf-8\"><\/script><br \/>\n<br \/><br \/>\n<br \/><a href=\"https:\/\/www.clarin.com\/deportes\/hinchas-san-lorenzo-explotaron-moretti-nuevo-gasometro-emociono-papa-francisco_0_Lf8HT1QEUE.html\">Fuente Clarin.com <\/a><\/p>\n","protected":false},"excerpt":{"rendered":"<p>Lo que iba a pasar, finalmente pas\u00f3. Mientras los futbolistas de San Lorenzo realizaban la entrada en calor previa el partido de este tarde ante Rosario Central, los hinchas del Cicl\u00f3n que empezaban a llenar el Nuevo Gas\u00f3metro expresaron todo su repudio contra Marcelo Moretti, el presidente que est\u00e1 de licencia por 90 d\u00edas luego [&hellip;]<\/p>\n","protected":false},"author":1,"featured_media":20227,"comment_status":"open","ping_status":"open","sticky":false,"template":"","format":"standard","meta":{"footnotes":""},"categories":[2],"tags":[835,6916,5915,917,16124,3593,452,28,15569,14,2919,142,451,440],"class_list":["post-20226","post","type-post","status-publish","format-standard","has-post-thumbnail","hentry","category-ultimas-noticias","tag-contra","tag-emociono","tag-explotaron","tag-francisco","tag-gasometro","tag-hinchas","tag-lorenzo","tag-los","tag-moretti","tag-nuevo","tag-papa","tag-por","tag-san","tag-tambien"],"_links":{"self":[{"href":"https:\/\/13.com.ar\/index.php\/wp-json\/wp\/v2\/posts\/20226","targetHints":{"allow":["GET"]}}],"collection":[{"href":"https:\/\/13.com.ar\/index.php\/wp-json\/wp\/v2\/posts"}],"about":[{"href":"https:\/\/13.com.ar\/index.php\/wp-json\/wp\/v2\/types\/post"}],"author":[{"embeddable":true,"href":"https:\/\/13.com.ar\/index.php\/wp-json\/wp\/v2\/users\/1"}],"replies":[{"embeddable":true,"href":"https:\/\/13.com.ar\/index.php\/wp-json\/wp\/v2\/comments?post=20226"}],"version-history":[{"count":0,"href":"https:\/\/13.com.ar\/index.php\/wp-json\/wp\/v2\/posts\/20226\/revisions"}],"wp:featuredmedia":[{"embeddable":true,"href":"https:\/\/13.com.ar\/index.php\/wp-json\/wp\/v2\/media\/20227"}],"wp:attachment":[{"href":"https:\/\/13.com.ar\/index.php\/wp-json\/wp\/v2\/media?parent=20226"}],"wp:term":[{"taxonomy":"category","embeddable":true,"href":"https:\/\/13.com.ar\/index.php\/wp-json\/wp\/v2\/categories?post=20226"},{"taxonomy":"post_tag","embeddable":true,"href":"https:\/\/13.com.ar\/index.php\/wp-json\/wp\/v2\/tags?post=20226"}],"curies":[{"name":"wp","href":"https:\/\/api.w.org\/{rel}","templated":true}]}}