{"id":20224,"date":"2025-04-26T17:42:28","date_gmt":"2025-04-26T20:42:28","guid":{"rendered":"https:\/\/13.com.ar\/index.php\/se-inauguro-la-sede-de-la-fundacion-de-la-familia-policial\/"},"modified":"2025-04-26T17:42:28","modified_gmt":"2025-04-26T20:42:28","slug":"se-inauguro-la-sede-de-la-fundacion-de-la-familia-policial","status":"publish","type":"post","link":"https:\/\/13.com.ar\/index.php\/se-inauguro-la-sede-de-la-fundacion-de-la-familia-policial\/","title":{"rendered":"Se inaugur\u00f3 la sede de la Fundaci\u00f3n de la Familia Policial"},"content":{"rendered":"<p> <br \/>\n<br \/><img decoding=\"async\" src=\"https:\/\/13.com.ar\/wp-content\/uploads\/2025\/04\/Se-inauguro-la-sede-de-la-Fundacion-de-la-Familia.jpg\" \/><\/p>\n<div id=\"element-body-0\">\n<p>La <strong>Fundaci\u00f3n de la Familia Policial<\/strong>, la organizaci\u00f3n creada para brindar asistencia integral a los efectivos de la Polic\u00eda de la Ciudad, al cuerpo de bomberos y a sus familias, inaugur\u00f3 formalmente su sede, en un acto con m\u00e1s de 300 invitados.<\/p>\n<\/div>\n<div id=\"element-body-1\">\n<p>Entre otras actividades, la fundaci\u00f3n ofrece acompa\u00f1amiento psicol\u00f3gico, orientaci\u00f3n legal y contable, apoyo a familias con hijos con discapacidad y asistencia ante emergencias (como destrucci\u00f3n de vivienda o accidentes graves). Recibe <strong>donaciones <\/strong>y tambi\u00e9n tiene abierto el <strong>voluntariado <\/strong>para todos quienes deseen colaborar.<\/p>\n<\/div>\n<div id=\"element-body-2\">\n<p>En el evento de inauguraci\u00f3n, su presidenta, Genoveva Ferrero, subray\u00f3 \u201cel compromiso de estar presentes cuando nuestro personal atraviesa momentos dif\u00edciles. Si cuidamos a la persona que est\u00e1 detr\u00e1s del uniforme, esa misma persona <strong>brindar\u00e1 un mejor servicio de seguridad a la comunidad<\/strong>\u201d.<\/p>\n<\/div>\n<div id=\"element-body-4\">\n<p>Un emotivo momento del recorrido por las nuevas instalaciones, en las que el artista Milo Lockett don\u00f3 un mural. Tambi\u00e9n se entregaron placas de padrinazgo a ex ministros de Seguridad y se present\u00f3 al equipo directivo, con Pedro Potocar \u2014primer jefe de la Polic\u00eda de la Ciudad\u2014 como vicepresidente.<\/p>\n<\/div>\n<div id=\"element-body-5\">\n<p>Del <strong>evento de inauguraci\u00f3n<\/strong> participaron el jefe de Gobierno de la Ciudad, Jorge Macri; el procurador general porte\u00f1o, Mart\u00edn Ocampo; el auditor general de la Naci\u00f3n, Juan Manuel Olmos; el fiscal general de la Ciudad y rector de la Universidad de Seguridad P\u00fablica, Juan Bautista Mahiques; el senador nacional Mart\u00edn Lousteau; el diputado nacional Diego Santilli; el legislador porte\u00f1o Juan Pablo Arenaza; el ex ministro de Seguridad Marcelo D\u2019Alessandro; y el dirigente radical Daniel Angelici, entre otros.<\/p>\n<\/div>\n<div id=\"element-body-7\">\n<p>Los <strong>canales de contacto<\/strong> de la fundaci\u00f3n son su mail, info@familiapolicial.org; sus redes sociales, @fundacionfamiliapolicial; y su sitio web, <\/p>\n<\/div>\n<p><br \/>\n<br \/><a href=\"https:\/\/www.clarin.com\/sociedad\/inauguro-sede-fundacion-familia-policial_0_AjToH4QZ5u.html\">Fuente Clarin.com <\/a><\/p>\n","protected":false},"excerpt":{"rendered":"<p>La Fundaci\u00f3n de la Familia Policial, la organizaci\u00f3n creada para brindar asistencia integral a los efectivos de la Polic\u00eda de la Ciudad, al cuerpo de bomberos y a sus familias, inaugur\u00f3 formalmente su sede, en un acto con m\u00e1s de 300 invitados. Entre otras actividades, la fundaci\u00f3n ofrece acompa\u00f1amiento psicol\u00f3gico, orientaci\u00f3n legal y contable, apoyo [&hellip;]<\/p>\n","protected":false},"author":1,"featured_media":20225,"comment_status":"open","ping_status":"open","sticky":false,"template":"","format":"standard","meta":{"footnotes":""},"categories":[2],"tags":[1497,6640,9011,2146,9605],"class_list":["post-20224","post","type-post","status-publish","format-standard","has-post-thumbnail","hentry","category-ultimas-noticias","tag-familia","tag-fundacion","tag-inauguro","tag-policial","tag-sede"],"_links":{"self":[{"href":"https:\/\/13.com.ar\/index.php\/wp-json\/wp\/v2\/posts\/20224","targetHints":{"allow":["GET"]}}],"collection":[{"href":"https:\/\/13.com.ar\/index.php\/wp-json\/wp\/v2\/posts"}],"about":[{"href":"https:\/\/13.com.ar\/index.php\/wp-json\/wp\/v2\/types\/post"}],"author":[{"embeddable":true,"href":"https:\/\/13.com.ar\/index.php\/wp-json\/wp\/v2\/users\/1"}],"replies":[{"embeddable":true,"href":"https:\/\/13.com.ar\/index.php\/wp-json\/wp\/v2\/comments?post=20224"}],"version-history":[{"count":0,"href":"https:\/\/13.com.ar\/index.php\/wp-json\/wp\/v2\/posts\/20224\/revisions"}],"wp:featuredmedia":[{"embeddable":true,"href":"https:\/\/13.com.ar\/index.php\/wp-json\/wp\/v2\/media\/20225"}],"wp:attachment":[{"href":"https:\/\/13.com.ar\/index.php\/wp-json\/wp\/v2\/media?parent=20224"}],"wp:term":[{"taxonomy":"category","embeddable":true,"href":"https:\/\/13.com.ar\/index.php\/wp-json\/wp\/v2\/categories?post=20224"},{"taxonomy":"post_tag","embeddable":true,"href":"https:\/\/13.com.ar\/index.php\/wp-json\/wp\/v2\/tags?post=20224"}],"curies":[{"name":"wp","href":"https:\/\/api.w.org\/{rel}","templated":true}]}}