{"id":20222,"date":"2025-04-26T17:06:59","date_gmt":"2025-04-26T20:06:59","guid":{"rendered":"https:\/\/13.com.ar\/index.php\/detuvieron-al-principal-sospechoso-por-el-caso-del-hombre-que-aparecio-decapitado-en-ciudadela\/"},"modified":"2025-04-26T17:06:59","modified_gmt":"2025-04-26T20:06:59","slug":"detuvieron-al-principal-sospechoso-por-el-caso-del-hombre-que-aparecio-decapitado-en-ciudadela","status":"publish","type":"post","link":"https:\/\/13.com.ar\/index.php\/detuvieron-al-principal-sospechoso-por-el-caso-del-hombre-que-aparecio-decapitado-en-ciudadela\/","title":{"rendered":"Detuvieron al principal sospechoso por el caso del hombre que apareci\u00f3 decapitado en Ciudadela"},"content":{"rendered":"<p> <br \/>\n<br \/><img decoding=\"async\" src=\"https:\/\/13.com.ar\/wp-content\/uploads\/2025\/04\/Detuvieron-al-principal-sospechoso-por-el-caso-del-hombre-que.jpg\" \/><\/p>\n<div id=\"element-body-0\">\n<p>Despu\u00e9s de pasar m\u00e1s de un mes pr\u00f3fugo, cay\u00f3 este s\u00e1bado <strong>&#8220;Maty el Wacho&#8221;.<\/strong> Se trata del principal sospechoso por el crimen del dominicano <strong>Brunildo S\u00e1nchez Concepci\u00f3n<\/strong>, cuyo cuerpo apareci\u00f3 <strong>decapitado <\/strong>en Ciudadela.<\/p>\n<\/div>\n<div id=\"element-body-1\">\n<p><strong>Mat\u00edas Ezequiel Herrera<\/strong> (34) es un nuevo detenido por el caso, despu\u00e9s del arresto de dos sospechosos en las primeras horas de investigaci\u00f3n y de un hombre de 45 a\u00f1os el 22 de marzo pasado, cinco d\u00edas despu\u00e9s de la aparici\u00f3n de una cabeza dentro de un contenedor de basura.<\/p>\n<\/div>\n<div id=\"element-body-2\">\n<p>Herrera, que trabaja como mec\u00e1nico, es el presunto autor material del crimen de S\u00e1nchez Concepci\u00f3n (43), un dominicano que viv\u00eda en situaci\u00f3n de calle y cuya cabeza apareci\u00f3 <strong>dentro de un bolso negro<\/strong> arrojado a un tacho de basura el lunes 17 de marzo.<\/p>\n<\/div>\n<div id=\"element-body-3\">\n<p>La incertidumbre por el hallazgo comenz\u00f3 a disiparse dos d\u00edas m\u00e1s tarde, cuando las autoridades lograron identificar los restos. Para eso fueron claves las huellas dactilares de la v\u00edctima, cuyo cuerpo fue escondido en un pensionado de la calle San Mart\u00edn al 200, en Ciudadela.<\/p>\n<\/div>\n<div id=\"element-body-4\">\n<p>S\u00e1nchez Concepci\u00f3n ten\u00eda antecedentes penales por amenazas, lesiones y estafa. Lo habr\u00edan asesinado de un golpe en la cabeza, antes de que lo decapitaran. El corte era compatible con el uso de un &#8220;machete&#8221;.<\/p>\n<\/div>\n<div id=\"element-body-6\">\n<p>Quien est\u00e1 se\u00f1alado como supuesto autor de la decapitaci\u00f3n es Herrera, que fue atrapado este s\u00e1bado por polic\u00edas de la Comisar\u00eda 12da de Tres de Febrero. Lo encontraron en la calle G\u00e9nova, entre Alianza y Estero Bellaco, en Ciudadela, a menos de diez cuadras de la avenida General Paz.<\/p>\n<\/div>\n<div id=\"element-body-7\">\n<p>Se encontraba pr\u00f3fugo desde el d\u00eda del homicidio. Ahora qued\u00f3 detenido como coautor de &#8220;homicidio agravado por ensa\u00f1amiento en curso real, con privaci\u00f3n ilegal de la libertad agravada por su comisi\u00f3n con violencia, amenaza y tortura&#8221;.<\/p>\n<\/div>\n<div id=\"element-body-8\">\n<p>En los inicios de la investigaci\u00f3n hubo dos detenidos: el due\u00f1o de la pensi\u00f3n en la que fue encontrado el cuerpo (por entonces qued\u00f3 imputado por &#8220;encubrimiento agravado&#8221;) y otro sospechoso que se entreg\u00f3 en la comisar\u00eda 12a de Ciudadela, cercado por la Polic\u00eda. <\/p>\n<\/div>\n<div id=\"element-body-9\">\n<p>Ellos dos no ser\u00edan los mismos que trasladaron la cabeza de S\u00e1nchez Concepci\u00f3n en una bolsa para tirarla en el contenedor de basura, indic\u00f3 la Polic\u00eda, que relev\u00f3 c\u00e1maras de seguridad de la zona.<\/p>\n<\/div>\n<div id=\"element-body-11\">\n<p>Sin embargo, el 22 de marzo atraparon a otro sospechoso, que ten\u00eda pedido de captura por el caso. Al hombre, de 45 a\u00f1os y cuya identidad no trascendi\u00f3, lo encontraron en plena madrugada del s\u00e1bado 22 de marzo, luego de que junto a un adolescente de 16 a\u00f1os irrumpieran en un local de la calle Jos\u00e9 Le\u00f3n Su\u00e1rez 90 violentando el frente del comercio.<\/p>\n<\/div>\n<div id=\"element-body-12\">\n<p>Cuando lo esposaron, intentaba escapar con cientos de pares de media que hab\u00eda robado de ese negocio.<\/p>\n<\/div>\n<p><br \/>\n<br \/><a href=\"https:\/\/www.clarin.com\/policiales\/detuvieron-principal-sospechoso-caso-hombre-aparecio-decapitado-ciudadela_0_7e4RhpI01J.html\">Fuente Clarin.com <\/a><\/p>\n","protected":false},"excerpt":{"rendered":"<p>Despu\u00e9s de pasar m\u00e1s de un mes pr\u00f3fugo, cay\u00f3 este s\u00e1bado &#8220;Maty el Wacho&#8221;. Se trata del principal sospechoso por el crimen del dominicano Brunildo S\u00e1nchez Concepci\u00f3n, cuyo cuerpo apareci\u00f3 decapitado en Ciudadela. Mat\u00edas Ezequiel Herrera (34) es un nuevo detenido por el caso, despu\u00e9s del arresto de dos sospechosos en las primeras horas de [&hellip;]<\/p>\n","protected":false},"author":1,"featured_media":20223,"comment_status":"open","ping_status":"open","sticky":false,"template":"","format":"standard","meta":{"footnotes":""},"categories":[2],"tags":[1336,800,13258,12548,100,1148,532,142,5291,6832],"class_list":["post-20222","post","type-post","status-publish","format-standard","has-post-thumbnail","hentry","category-ultimas-noticias","tag-aparecio","tag-caso","tag-ciudadela","tag-decapitado","tag-del","tag-detuvieron","tag-hombre","tag-por","tag-principal","tag-sospechoso"],"_links":{"self":[{"href":"https:\/\/13.com.ar\/index.php\/wp-json\/wp\/v2\/posts\/20222","targetHints":{"allow":["GET"]}}],"collection":[{"href":"https:\/\/13.com.ar\/index.php\/wp-json\/wp\/v2\/posts"}],"about":[{"href":"https:\/\/13.com.ar\/index.php\/wp-json\/wp\/v2\/types\/post"}],"author":[{"embeddable":true,"href":"https:\/\/13.com.ar\/index.php\/wp-json\/wp\/v2\/users\/1"}],"replies":[{"embeddable":true,"href":"https:\/\/13.com.ar\/index.php\/wp-json\/wp\/v2\/comments?post=20222"}],"version-history":[{"count":0,"href":"https:\/\/13.com.ar\/index.php\/wp-json\/wp\/v2\/posts\/20222\/revisions"}],"wp:featuredmedia":[{"embeddable":true,"href":"https:\/\/13.com.ar\/index.php\/wp-json\/wp\/v2\/media\/20223"}],"wp:attachment":[{"href":"https:\/\/13.com.ar\/index.php\/wp-json\/wp\/v2\/media?parent=20222"}],"wp:term":[{"taxonomy":"category","embeddable":true,"href":"https:\/\/13.com.ar\/index.php\/wp-json\/wp\/v2\/categories?post=20222"},{"taxonomy":"post_tag","embeddable":true,"href":"https:\/\/13.com.ar\/index.php\/wp-json\/wp\/v2\/tags?post=20222"}],"curies":[{"name":"wp","href":"https:\/\/api.w.org\/{rel}","templated":true}]}}