{"id":2009,"date":"2025-02-04T20:36:49","date_gmt":"2025-02-04T23:36:49","guid":{"rendered":"https:\/\/13.com.ar\/index.php\/dos-gobernadores-se-rebelaron-y-cristina-sufrio-un-duro-golpe-que-fortalece-a-kicillof\/"},"modified":"2025-02-04T20:36:49","modified_gmt":"2025-02-04T23:36:49","slug":"dos-gobernadores-se-rebelaron-y-cristina-sufrio-un-duro-golpe-que-fortalece-a-kicillof","status":"publish","type":"post","link":"https:\/\/13.com.ar\/index.php\/dos-gobernadores-se-rebelaron-y-cristina-sufrio-un-duro-golpe-que-fortalece-a-kicillof\/","title":{"rendered":"dos gobernadores se rebelaron y Cristina sufri\u00f3 un duro golpe que fortalece a Kicillof"},"content":{"rendered":"<p> <br \/>\n<\/p>\n<div id=\"cuerpo\">\n<div class=\"sc-80531b6b-0 chRIGJ container-text text-embed\">\n<p><strong>\u201cNosotros no rompemos nada, porque esto ya est\u00e1 roto\u201d<\/strong>, se defendi\u00f3 uno de los diputados de Uni\u00f3n por la Patria que hab\u00eda decidido sostener la continuidad de las PASO m\u00e1s all\u00e1 de lo que decidiera el bloque en su conjunto, y que ya ten\u00eda la certeza de que legisladores que responden a gobernadores colaborar\u00edan con el oficialismo. En la primera jornada de debate, en el inicio de las extraordinarias, qued\u00f3 <strong>expuesto el quiebre<\/strong> en el peronismo.<\/p>\n<\/div>\n<div class=\"sc-80531b6b-0 chRIGJ container-text text-embed\">\n<p>En un intento de disimular la imposibilidad de unificar una postura, el bloque presidido por Germ\u00e1n Mart\u00ednez hab\u00eda salido del paso el lunes por la noche con el anuncio de que no dar\u00eda qu\u00f3rum ni ayudar\u00eda con la firma de los dict\u00e1menes con la exigencia de que se tratara el Presupuesto en lugar de la reforma del sistema electoral.<\/p>\n<\/div>\n<div class=\"sc-80531b6b-0 chRIGJ container-text text-embed\">\n<p>A las pocas horas <strong>ese posicionamiento fr\u00e1gil y forzado naufrag\u00f3 con la ayuda de dos santiague\u00f1os y dos catamarque\u00f1os<\/strong> que presentaron un dictamen propio. Aun sin que avalaran el texto del oficialismo, de ese modo posibilitaron que la suspensi\u00f3n de las PASO reuniera las firmas necesarias para quedar habilitada para ser debatida este jueves en el recinto.<\/p>\n<\/div>\n<div class=\"sc-80531b6b-0 chRIGJ container-text text-embed\">\n<p>Ra\u00fal Jalil ya hab\u00eda instruido a los diputados por Catamarca a votar a favor de parte de la Ley de Bases y otros proyectos. Gerardo Zamora, en cambio, ayud\u00f3 al Gobierno con ausencias en algunos casos aunque nunca de manera tan directa. <strong>De origen radical, el santiague\u00f1o no forma parte de la estructura del PJ pero Cristina Kirchner arm\u00f3 su primer acto como presidenta del peronismo en ese distrito.<\/strong><\/p>\n<\/div>\n<div class=\"sc-80531b6b-0 chRIGJ container-text text-embed\">\n<p>El resultado del debate en comisi\u00f3n implic\u00f3 un <strong>doble golpe para la ex mandataria<\/strong>: esos diputados con terminal en los gobernadores desoyeron su estrategia y posibilitaron que quede m\u00e1s cerca el escenario que favorece a Axel Kicillof en la disputa por la definici\u00f3n del calendario bonaerense en la provincia de Buenos Aires.<\/p>\n<\/div>\n<div class=\"sc-80531b6b-0 chRIGJ container-text text-embed\">\n<p>Acaso porque ve\u00eda venir lo que sucedi\u00f3,<strong> Cristina no baj\u00f3 l\u00ednea de manera directa en la previa<\/strong> del tratamiento. En la reuni\u00f3n de bloque, M\u00e1ximo Kirchner no tom\u00f3 la palabra. En su lugar lo hizo Mario Manrique, que aludi\u00f3 a la \u201cconducci\u00f3n\u201d para promover el rechazo a la suspensi\u00f3n de las PASO y asegur\u00f3 que las estrategias provinciales ten\u00edan que supeditarse, lo que gener\u00f3 ruido en legisladores del interior.<\/p>\n<\/div>\n<div class=\"sc-198be8ec-0 cynXbu image-embed  image-embed \"><picture class=\"sc-198be8ec-1 kOjRiQ\"><source media=\"(min-width: 975px)\" width=\"720\" height=\"480\" \/><img alt=\"Cecilia Moreau y Germ\u00e1n Mart\u00ednez, este martes, en el debate en comisi\u00f3n por la suspensi\u00f3n de las PASO:&#10;Foto: Federico L\u00f3pez Claro.\" loading=\"lazy\" width=\"720\" height=\"480\" decoding=\"async\" data-nimg=\"1\" style=\"color:transparent\" src=\"https:\/\/13.com.ar\/wp-content\/uploads\/2025\/02\/dos-gobernadores-se-rebelaron-y-Cristina-sufrio-un-duro-golpe.jpg\"\/><span class=\"epigraphe\">Cecilia Moreau y Germ\u00e1n Mart\u00ednez, este martes, en el debate en comisi\u00f3n por la suspensi\u00f3n de las PASO:<br \/>\nFoto: Federico L\u00f3pez Claro.<\/span><span class=\"bkg\"\/><span class=\"picture-open\"><button class=\"open-image\" aria-label=\"Open Image\"\/><\/span><\/picture><\/div>\n<div class=\"sc-80531b6b-0 chRIGJ container-text text-embed\">\n<p>Como argumentos para no avalar el dictamen del oficialismo se escuch\u00f3 desde no darle un triunfo parlamentario al Gobierno a no ir contra una herramienta creada por N\u00e9stor Kirchner. <strong>La disputa en territorio bonaerense subyac\u00eda como elemento central en el intento de frenar la iniciativa del oficialismo.<\/strong><\/p>\n<\/div>\n<div class=\"sc-80531b6b-0 chRIGJ container-text text-embed\">\n<p>Si se concreta la suspensi\u00f3n de las primarias, Kicillof quedar\u00e1 con un <strong>panorama m\u00e1s favorable al desdoblamiento<\/strong> de la elecci\u00f3n para cargos provinciales y municipales, una posibilidad que re\u00fane el respaldo de los intendentes que lo alientan a dar ese paso como se\u00f1al de autonom\u00eda para restarle peso a Cristina Kirchner en las definiciones de las candidaturas y en la centralidad de la campa\u00f1a.<\/p>\n<\/div>\n<div class=\"sc-80531b6b-0 chRIGJ container-text text-embed\">\n<p>Con la continuidad de las PASO, al gobernador bonaerense se le har\u00eda cuesta arriba para convocar a una tercera fecha (en caso de primarias unificadas y generales separadas) o cuatro con un esquema de ambas desdobladas, m\u00e1s complicado todav\u00eda.<\/p>\n<\/div>\n<div class=\"sc-80531b6b-0 chRIGJ container-text text-embed\">\n<p>La tensi\u00f3n de Mart\u00ednez, Cecilia Moreau, Paula Penacca y otros referentes de Uni\u00f3n por la Patria era evidente en el plenario de comisiones.<strong> \u201cPod\u00edamos esperar que si el oficialismo consegu\u00eda el dictamen y el qu\u00f3rum en el recinto, algunos votaran con ellos. Pero no que nosotros les di\u00e9ramos las firmas ahora\u201d<\/strong>, admiti\u00f3 el impacto uno de los diputados.<\/p>\n<\/div>\n<div class=\"sc-80531b6b-0 chRIGJ container-text text-embed\">\n<p>\u201c\u00bfC\u00f3mo Cristina no va a bajar una posici\u00f3n partidaria clara? As\u00ed cualquiera hace cualquier cosa y quedan expuestos los gobernadores.<strong> Van a terminar votando lo que m\u00e1s les convenga<\/strong>\u201d, reproch\u00f3 un legislador alineado con un mandatario del norte que por el momento mantuvo el rechazo a bajar las PASO.<\/p>\n<\/div>\n<div class=\"sc-80531b6b-0 chRIGJ container-text text-embed\">\n<p>A Zamora le responden siete santiague\u00f1os y a Jalil cuatro, una cantidad que garantizar\u00eda la aprobaci\u00f3n del proyecto. Si se repite el esquema en la C\u00e1mara alta, el oficialismo podr\u00eda contar con la ayuda de los tres senadores santiague\u00f1os y uno por Catamarca, lo que le dar\u00eda cierto margen para reunir los votos necesarios.<\/p>\n<\/div>\n<div class=\"sc-4306f4f9-0 bAPCpp\">\n<div class=\"inner-card-m\">\n<div class=\"related-content\">\n<p><span class=\"body-title\">Mir\u00e1 tambi\u00e9n<\/span><\/p>\n<h3>Suspensi\u00f3n de las PASO: con ayuda K el oficialismo logr\u00f3 dictamen y el jueves se vota en Diputados<\/h3>\n<source media=\"(min-width: 975px)\" width=\"340\" height=\"340\" \/><img alt=\"Suspensi\u00f3n de las PASO: con ayuda K el oficialismo logr\u00f3 dictamen y el jueves se vota en Diputados\" loading=\"lazy\" width=\"340\" height=\"340\" decoding=\"async\" data-nimg=\"1\" style=\"color:transparent\" src=\"https:\/\/13.com.ar\/wp-content\/uploads\/2025\/02\/1738712209_582_dos-gobernadores-se-rebelaron-y-Cristina-sufrio-un-duro-golpe.jpg\"\/><\/div>\n<\/div>\n<\/div>\n<div class=\"sc-4306f4f9-0 bAPCpp\">\n<div class=\"inner-card-m\">\n<div class=\"related-content\">\n<p><span class=\"body-title\">Mir\u00e1 tambi\u00e9n<\/span><\/p>\n<h3>Cristina Kirchner le contest\u00f3 a Milei por la denuncia de Capital Humano: &#8220;Mand\u00e1s a la burra que te hace Reiki a que haga esta berretada&#8221;<\/h3>\n<source media=\"(min-width: 975px)\" width=\"340\" height=\"340\" \/><img alt=\"Cristina Kirchner le contest\u00f3 a Milei por la denuncia de Capital Humano: &quot;Mand\u00e1s a la burra que te hace Reiki a que haga esta berretada&quot;\" loading=\"lazy\" width=\"340\" height=\"340\" decoding=\"async\" data-nimg=\"1\" style=\"color:transparent\" src=\"https:\/\/13.com.ar\/wp-content\/uploads\/2025\/02\/1738712209_188_dos-gobernadores-se-rebelaron-y-Cristina-sufrio-un-duro-golpe.jpg\"\/><\/div>\n<\/div>\n<\/div>\n<\/div>\n<p><br \/>\n<br \/><a href=\"https:\/\/www.clarin.com\/politica\/suspension-paso-gobernadores-rebelaron-cristina-sufrio-duro-golpe-fortalece-kicillof_0_dXEVw5Xcbw.html\">Fuente Clarin.com <\/a><\/p>\n","protected":false},"excerpt":{"rendered":"<p>\u201cNosotros no rompemos nada, porque esto ya est\u00e1 roto\u201d, se defendi\u00f3 uno de los diputados de Uni\u00f3n por la Patria que hab\u00eda decidido sostener la continuidad de las PASO m\u00e1s all\u00e1 de lo que decidiera el bloque en su conjunto, y que ya ten\u00eda la certeza de que legisladores que responden a gobernadores colaborar\u00edan con [&hellip;]<\/p>\n","protected":false},"author":1,"featured_media":2010,"comment_status":"open","ping_status":"open","sticky":false,"template":"","format":"standard","meta":{"footnotes":""},"categories":[2],"tags":[497,59,1369,3841,2769,3103,488,3840,474],"class_list":["post-2009","post","type-post","status-publish","format-standard","has-post-thumbnail","hentry","category-ultimas-noticias","tag-cristina","tag-dos","tag-duro","tag-fortalece","tag-gobernadores","tag-golpe","tag-kicillof","tag-rebelaron","tag-sufrio"],"_links":{"self":[{"href":"https:\/\/13.com.ar\/index.php\/wp-json\/wp\/v2\/posts\/2009","targetHints":{"allow":["GET"]}}],"collection":[{"href":"https:\/\/13.com.ar\/index.php\/wp-json\/wp\/v2\/posts"}],"about":[{"href":"https:\/\/13.com.ar\/index.php\/wp-json\/wp\/v2\/types\/post"}],"author":[{"embeddable":true,"href":"https:\/\/13.com.ar\/index.php\/wp-json\/wp\/v2\/users\/1"}],"replies":[{"embeddable":true,"href":"https:\/\/13.com.ar\/index.php\/wp-json\/wp\/v2\/comments?post=2009"}],"version-history":[{"count":0,"href":"https:\/\/13.com.ar\/index.php\/wp-json\/wp\/v2\/posts\/2009\/revisions"}],"wp:featuredmedia":[{"embeddable":true,"href":"https:\/\/13.com.ar\/index.php\/wp-json\/wp\/v2\/media\/2010"}],"wp:attachment":[{"href":"https:\/\/13.com.ar\/index.php\/wp-json\/wp\/v2\/media?parent=2009"}],"wp:term":[{"taxonomy":"category","embeddable":true,"href":"https:\/\/13.com.ar\/index.php\/wp-json\/wp\/v2\/categories?post=2009"},{"taxonomy":"post_tag","embeddable":true,"href":"https:\/\/13.com.ar\/index.php\/wp-json\/wp\/v2\/tags?post=2009"}],"curies":[{"name":"wp","href":"https:\/\/api.w.org\/{rel}","templated":true}]}}