{"id":2005,"date":"2025-02-04T20:30:39","date_gmt":"2025-02-04T23:30:39","guid":{"rendered":"https:\/\/13.com.ar\/index.php\/las-duras-acusaciones-de-alberto-fernandez-contra-fabiola-yanez-en-su-declaracion-ante-la-justicia\/"},"modified":"2025-02-04T20:30:39","modified_gmt":"2025-02-04T23:30:39","slug":"las-duras-acusaciones-de-alberto-fernandez-contra-fabiola-yanez-en-su-declaracion-ante-la-justicia","status":"publish","type":"post","link":"https:\/\/13.com.ar\/index.php\/las-duras-acusaciones-de-alberto-fernandez-contra-fabiola-yanez-en-su-declaracion-ante-la-justicia\/","title":{"rendered":"las duras acusaciones de Alberto Fern\u00e1ndez contra Fabiola Ya\u00f1ez en su declaraci\u00f3n ante la Justicia"},"content":{"rendered":"<p> <br \/>\n<\/p>\n<div id=\"cuerpo\">\n<div class=\"sc-80531b6b-0 chRIGJ container-text text-embed\">\n<p>En un escrito de 200 p\u00e1ginas, ante la Justicia, <strong>Alberto Fern\u00e1ndez <\/strong>se refiri\u00f3 a Fabiola Y\u00e1\u00f1ez como una mujer con <strong>trastorno bipolar, psiqui\u00e1trica, alcoh\u00f3lica y extorsionadora<\/strong>. Lo hizo en el mismo informe en el que se despeg\u00f3 de las acusaciones de violencia f\u00edsica al decir &#8220;el  agredido fui yo, ella se pon\u00eda violenta&#8221;.<\/p>\n<\/div>\n<div class=\"sc-80531b6b-0 chRIGJ container-text text-embed\">\n<p>Con esas dur\u00edsimas acusaciones <strong>se despach\u00f3 el ex presidente <\/strong>sobre su ex pareja en el marco de la causa la que se encuentra imputado por los delitos de lesiones, agravadas por haberse cometido en un contexto de violencia de g\u00e9nero y contra su ex mujer, de quien dijo tambi\u00e9n que &#8220;arm\u00f3 la causa&#8221;.<\/p>\n<\/div>\n<div class=\"sc-80531b6b-0 chRIGJ container-text text-embed\">\n<p>Las principales frases contra Y\u00e1\u00f1ez las expres\u00f3 en el texto que present\u00f3 a las 10 de la ma\u00f1ana en el juzgado de Juli\u00e1n Ercolini, juez al que busc\u00f3 apartar en reiteradas ocasiones desde que se inici\u00f3 la investigaci\u00f3n, que dio a conocer <strong>Clar\u00edn <\/strong>a principios de agosto del a\u00f1o pasado<\/p>\n<\/div>\n<div class=\"sc-80531b6b-0 chRIGJ container-text text-embed\">\n<p>Sin responder preguntas del juzgado ni de la fiscal\u00eda, <strong>el ex Jefe de Estado opt\u00f3 hacer su descargo a trav\u00e9s de un extenso escrito <\/strong>en el que brind\u00f3 detalles de la convivencia con Fabiola Ya\u00f1ez, replanteando con una versi\u00f3n antag\u00f3nica a las acusaciones algunos de los hechos centrales de la investigaci\u00f3n.<\/p>\n<\/div>\n<p><h2>El diagn\u00f3stico de bipolaridad y el cuadro psiqui\u00e1trico de Y\u00e1\u00f1ez<\/h2>\n<\/p>\n<div class=\"sc-80531b6b-0 chRIGJ container-text text-embed\">\n<p>En su descargo ante el juez, Alberto Fern\u00e1ndez hizo menci\u00f3n a un diagn\u00f3stico de bipolaridad de la ex primera dama. As\u00ed lo relat\u00f3:<\/p>\n<\/div>\n<div class=\"sc-80531b6b-0 chRIGJ container-text text-embed\">\n<p>\u201dRecuper\u00e9 mi optimismo:<strong> Fabiola habia decidido avanzar en un tratamiento. Por lo que, con premura llam\u00e9 a Manes (Facundo) quien fue muy atento y diligente y r\u00e1pidamente nos concedi\u00f3 la entrevista<\/strong>. Fabiola asisti\u00f3 a sus primeras consultas m\u00e9dicas y tras algunas reuniones, recibi\u00f3 su primer diagn\u00f3stico\u201d, dijo Fern\u00e1ndez.<\/p>\n<\/div>\n<div class=\"sc-80531b6b-0 chRIGJ container-text text-embed\">\n<p>De esta etapa, que fue cuando llevaban un per\u00edodo corto desde el inicio de la relaci\u00f3n, record\u00f3: \u201cEse d\u00eda lleg\u00f3 a mi departamento visiblemente afectada y conmovida por la noticia. Se mostr\u00f3 abatida y, entre l\u00e1grimas, me entreg\u00f3 una carpeta que contenia un informe m\u00e9dico. En los \u00faltimos dos renglones del documento, se transcrib\u00eda el diagn\u00f3stico de manera clara y concisa\u201d.<\/p>\n<\/div>\n<div class=\"sc-80531b6b-0 chRIGJ container-text text-embed\">\n<p>Hasta donde puedo recordar, continu\u00f3 relatando el ex presidente,<strong> \u201cdec\u00eda textualmente: trastorno de personalidad por bipolaridad, adicci\u00f3n al alcohol con sindromes de abstinencia&#8221;<\/strong>. Las descripciones sobre el comportamiento de Ya\u00f1ez continuaron a lo largo del descargo. Y all\u00ed se refiri\u00f3 a la etapa en la que ya se encontraban radicados en Madrid.<\/p>\n<\/div>\n<div class=\"sc-80531b6b-0 chRIGJ container-text text-embed\">\n<p>En ese punto cont\u00f3 <strong>un episodio con la madre de la ex primera dama<\/strong>. Ya\u00f1ez hab\u00eda salido por la noche, y Fern\u00e1ndez relat\u00f3 la siguiente escena: \u201cLe pregunt\u00e9 si sab\u00eda algo de ella. &#8216;Est\u00e1 durmiendo&#8217;, me dijo con toda seguridad. Cuando le dije que no era as\u00ed y que Fabiola no hab\u00eda regresado, se desplom\u00f3 sobre una silla de la mesa del comedor y mientras tomaba su cabeza con sus manos en un gesto desesperado, dec\u00eda y repet\u00eda &#8216;esto no da para m\u00e1s&#8230;esto no da m\u00e1s&#8217;, en alusi\u00f3n a las conductas de su hija y su consumo problem\u00e1tico\u201d.<\/p>\n<\/div>\n<div class=\"sc-80531b6b-0 chRIGJ container-text text-embed\">\n<p>Fabiola Ya\u00f1ez, seg\u00fan los dichos del ex Jefe de Estado, \u201capareci\u00f3 cerca del mediod\u00eda&#8221;. Y prosigui\u00f3: &#8220;Luego <strong>me enter\u00e9 que hab\u00eda llamado a la custodia<\/strong> para que fueran a buscarla a un lugar que nadie registraba como habitual. Ella cargaba encima la resaca propia de quienes se alcoholizan en exceso\u201d.<\/p>\n<\/div>\n<div class=\"sc-80531b6b-0 chRIGJ container-text text-embed\">\n<p>Dio m\u00e1s detalles sobre la situaci\u00f3n: \u201cAl llegar a la casa, camin\u00f3 zigzagueante hasta el cuarto sin decir ninguna palabra ni atinar a dar ninguna explicaci\u00f3n. Ese mismo d\u00eda, cuando la noche ca\u00eda en Madrid, hablamos y le transmiti mi decisi\u00f3n de que hasta all\u00ed hab\u00edamos llegado\u201d. \u201cLe ped\u00ed encarecidamente que volviera a un programa que la ayudara con sus trastornos psiqui\u00e1tricos y que se pusiera en manos de especialistas que la ayudaran a superar sus problemas de adicci\u00f3n al alcohol\u201d, agreg\u00f3.<\/p>\n<\/div>\n<div class=\"sc-198be8ec-0 cynXbu image-embed  image-embed \"><picture class=\"sc-198be8ec-1 kOjRiQ\"><source media=\"(min-width: 975px)\" width=\"720\" height=\"480\" \/><img alt=\"Alberto Fern\u00e1ndez, en Comodoro Py. Foto: Guillermo Rodr\u00ediguez Adami.\" loading=\"lazy\" width=\"720\" height=\"480\" decoding=\"async\" data-nimg=\"1\" style=\"color:transparent\" src=\"https:\/\/13.com.ar\/wp-content\/uploads\/2025\/02\/las-duras-acusaciones-de-Alberto-Fernandez-contra-Fabiola-Yanez-en.jpg\"\/><span class=\"epigraphe\">Alberto Fern\u00e1ndez, en Comodoro Py. Foto: Guillermo Rodr\u00ediguez Adami.<\/span><span class=\"bkg\"\/><span class=\"picture-open\"><button class=\"open-image\" aria-label=\"Open Image\"\/><\/span><\/picture><\/div>\n<p><h2>La \u201cextorsionadora\u201d que &#8220;arm\u00f3 todo&#8221;<\/h2>\n<\/p>\n<div class=\"sc-80531b6b-0 chRIGJ container-text text-embed\">\n<p>Pese a estar acusado de lesiones graves contra Y\u00e1\u00f1ez, Alberto Fern\u00e1ndez dijo que \u201cjam\u00e1s ejerc\u00ed violencia contra ella\u201d y declar\u00f3 que el agredido hab\u00eda sido \u00e9l. En el ensayo de su defensa, tambi\u00e9n acus\u00f3 a la ex primera dama de <strong>haber \u201carmado todo\u201d para \u201cextorsionarlo\u201d<\/strong>.<\/p>\n<\/div>\n<div class=\"sc-80531b6b-0 chRIGJ container-text text-embed\">\n<p>\u201cLos interrogantes tambi\u00e9n caben por otras actitudes que deja al descubierto Fabiola Ya\u00f1ez. Ahora sabemos que ocultamente grababa conversaciones conmigo: se fotografiaba con golpes o represent\u00e1ndolos; que sacaba fotos en nuestra alcoba incluso mientras yo dorm\u00eda\u201d, coment\u00f3.<\/p>\n<\/div>\n<div class=\"sc-80531b6b-0 chRIGJ container-text text-embed\">\n<p><strong>Al respecto, a\u00f1adi\u00f3: \u201c\u00bfEs posible que pensemos que Fabiola Ya\u00f1ez, atrapada en sus trastornos psicol\u00f3gicos y adictivos haya tramado una historia con el \u00fanico fin de extorsionarme?\u201d.<\/strong><\/p>\n<\/div>\n<div class=\"sc-80531b6b-0 chRIGJ container-text text-embed\">\n<p>Esto significa, ampli\u00f3 Fern\u00e1ndez, que Fabiola Ya\u00f1ez &#8220;por las dudas se fotografiaba las lesiones que se inflig\u00eda como consecuencia de su estado de embriaguez. \u00bfSu duda era eventualmente usarlas en mi contra para ocasionarme un da\u00f1o? Tal vez all\u00ed est\u00e9 la respuesta de lo que ha hecho\u201d.<\/p>\n<\/div>\n<div class=\"sc-198be8ec-0 cynXbu image-embed  image-embed \"><picture class=\"sc-198be8ec-1 kOjRiQ\"><source media=\"(min-width: 975px)\" width=\"720\" height=\"480\" \/><img alt=\"El ex presidente Alberto Fern\u00e1ndez. Foto. Guillermo Rodr\u00edguez Adami.\" loading=\"lazy\" width=\"720\" height=\"480\" decoding=\"async\" data-nimg=\"1\" style=\"color:transparent\" src=\"https:\/\/13.com.ar\/wp-content\/uploads\/2025\/02\/1738711839_420_las-duras-acusaciones-de-Alberto-Fernandez-contra-Fabiola-Yanez-en.jpg\"\/><span class=\"epigraphe\">El ex presidente Alberto Fern\u00e1ndez. Foto. Guillermo Rodr\u00edguez Adami.<\/span><span class=\"bkg\"\/><span class=\"picture-open\"><button class=\"open-image\" aria-label=\"Open Image\"\/><\/span><\/picture><\/div>\n<p><h2>La r\u00e9plica del ex presidente a las fotograf\u00edas<\/h2>\n<\/p>\n<div class=\"sc-80531b6b-0 chRIGJ container-text text-embed\">\n<p>Sobre <strong>las im\u00e1genes que constan en la causa que exponen a la ex primera dama con moretones en unos de sus brazos y en el ojo<\/strong>, Alberto Fern\u00e1ndez dijo: \u201cDebo advertir que nunca vi las fotos que llegaron al tel\u00e9fono de Mar\u00eda Cantero. Solo s\u00e9 que son capturas de pantallas, y que por no contar con el metadato (fecha, horario y equipo que las tom\u00f3) carecen de toda validez probatoria\u201d.<\/p>\n<\/div>\n<div class=\"sc-80531b6b-0 chRIGJ container-text text-embed\">\n<p>Despu\u00e9s habl\u00f3 de las im\u00e1genes que Y\u00e1\u00f1ez le envi\u00f3 a Mar\u00eda Cantero, ex secretaria privada de Fern\u00e1ndez: \u201cTambi\u00e9n advert\u00ed que en los chats (mensajes) capturados en la pantalla y que ese d\u00eda Fabiola Ya\u00f1ez envi\u00f3 a Mar\u00eda Cantero, no aparecen con el doble tilde azul que indica que yo los pueda haber le\u00eddo\u201d. Y replic\u00f3 al juez: \u201c\u00bfPor qu\u00e9 todas estas cuestiones fueron soslayadas por el fiscal y el juez a la hora de llamarme a prestar esta declaraci\u00f3n?\u201d<\/p>\n<\/div>\n<div class=\"sc-80531b6b-0 chRIGJ container-text text-embed\">\n<p>Tambi\u00e9n detall\u00f3 que cuando estos hechos salieron a la luz,<strong> Fabiola Ya\u00f1ez \u201cme insist\u00eda en que no ten\u00eda idea qu\u00e9 conten\u00edan los chats que hab\u00eda enviado a Mar\u00eda Cantero<\/strong>. No recordaba en qu\u00e9 circunstancias hab\u00eda ocurrido esa charla\u201d.<\/p>\n<\/div>\n<div class=\"sc-80531b6b-0 chRIGJ container-text text-embed\">\n<p>En  noviembre -siempre en la versi\u00f3n de Alberto Fern\u00e1ndez-, \u201cme llam\u00f3 a altas horas de la madrugada madrile\u00f1a, en absoluto estado de ebriedad y en medio de amenazas de diferente indole, me dijo que la culpable de todo lo que ocurr\u00eda era Mar\u00eda Cantero. Nunca entendi\u00f3 por qu\u00e9 esos chats quedaron guardados en el tel\u00e9fono de quien fuera mi secretaria\u201d.<\/p>\n<\/div>\n<p><h2>La foto de la Fiesta de Olivos<\/h2>\n<\/p>\n<div class=\"sc-80531b6b-0 chRIGJ container-text text-embed\">\n<p>Finalmente, el ex Jefe de Estado <strong>habl\u00f3 de la foto de la Fiesta de Olivos<\/strong>. Primero dijo que los medios de comunicaci\u00f3n tergiversaron sus dichos se\u00f1alando que hab\u00eda acusado a Fabiola Ya\u00f1ez. &#8220;Yo me hice cargo siempre, dije que la responsabilidad pol\u00edtica era m\u00eda\u201d, sostuvo.<\/p>\n<\/div>\n<div class=\"sc-80531b6b-0 chRIGJ container-text text-embed\">\n<p>En cuanto a la ex primera dama, a\u00f1adi\u00f3: \u201cDebo concluir que,<strong> con el estado psiqui\u00e1trico que arrastra desde siempre, esos chats fueron producto del odio que me guarda y que le gener\u00f3 la difusi\u00f3n de la fotograf\u00eda que daba cuenta de la cena celebrada en Olivos el 14 de julio de 2020 con motivo de su cumplea\u00f1os<\/strong>\u201d.<\/p>\n<\/div>\n<div class=\"sc-80531b6b-0 chRIGJ container-text text-embed\">\n<p>\u201dSiempre crey\u00f3 que el gobierno que yo presid\u00eda la hab\u00eda dejado en estado de indefensi\u00f3n. Jam\u00e1s entendi\u00f3 que aqu\u00e9l gobierno y yo eran los destinatarios de las cr\u00edticas que circulaban en medios de comunicaci\u00f3n y redes sociales\u201d. Entonces, agreg\u00f3 que \u201cla consecuencia de todo el odio que acumul\u00f3 hacia mi desde ese d\u00eda en que la &#8220;foto de Olivos&#8221; se difundi\u00f3, es lo \u00fanico que explica este disparatado proceso\u201d.<\/p>\n<\/div>\n<\/div>\n<p><br \/>\n<br \/><a href=\"https:\/\/www.clarin.com\/politica\/bipolar-psiquiatrica-extorsionadora-alcoholica-duras-acusaciones-alberto-fernandez-fabiola-yanez-declaracion-justicia_0_qXWCGGOFgy.html\">Fuente Clarin.com <\/a><\/p>\n","protected":false},"excerpt":{"rendered":"<p>En un escrito de 200 p\u00e1ginas, ante la Justicia, Alberto Fern\u00e1ndez se refiri\u00f3 a Fabiola Y\u00e1\u00f1ez como una mujer con trastorno bipolar, psiqui\u00e1trica, alcoh\u00f3lica y extorsionadora. Lo hizo en el mismo informe en el que se despeg\u00f3 de las acusaciones de violencia f\u00edsica al decir &#8220;el agredido fui yo, ella se pon\u00eda violenta&#8221;. Con esas [&hellip;]<\/p>\n","protected":false},"author":1,"featured_media":2006,"comment_status":"open","ping_status":"open","sticky":false,"template":"","format":"standard","meta":{"footnotes":""},"categories":[2],"tags":[2221,579,2759,835,3680,3834,3508,5,964,48,3509],"class_list":["post-2005","post","type-post","status-publish","format-standard","has-post-thumbnail","hentry","category-ultimas-noticias","tag-acusaciones","tag-alberto","tag-ante","tag-contra","tag-declaracion","tag-duras","tag-fabiola","tag-fernandez","tag-justicia","tag-las","tag-yanez"],"_links":{"self":[{"href":"https:\/\/13.com.ar\/index.php\/wp-json\/wp\/v2\/posts\/2005","targetHints":{"allow":["GET"]}}],"collection":[{"href":"https:\/\/13.com.ar\/index.php\/wp-json\/wp\/v2\/posts"}],"about":[{"href":"https:\/\/13.com.ar\/index.php\/wp-json\/wp\/v2\/types\/post"}],"author":[{"embeddable":true,"href":"https:\/\/13.com.ar\/index.php\/wp-json\/wp\/v2\/users\/1"}],"replies":[{"embeddable":true,"href":"https:\/\/13.com.ar\/index.php\/wp-json\/wp\/v2\/comments?post=2005"}],"version-history":[{"count":0,"href":"https:\/\/13.com.ar\/index.php\/wp-json\/wp\/v2\/posts\/2005\/revisions"}],"wp:featuredmedia":[{"embeddable":true,"href":"https:\/\/13.com.ar\/index.php\/wp-json\/wp\/v2\/media\/2006"}],"wp:attachment":[{"href":"https:\/\/13.com.ar\/index.php\/wp-json\/wp\/v2\/media?parent=2005"}],"wp:term":[{"taxonomy":"category","embeddable":true,"href":"https:\/\/13.com.ar\/index.php\/wp-json\/wp\/v2\/categories?post=2005"},{"taxonomy":"post_tag","embeddable":true,"href":"https:\/\/13.com.ar\/index.php\/wp-json\/wp\/v2\/tags?post=2005"}],"curies":[{"name":"wp","href":"https:\/\/api.w.org\/{rel}","templated":true}]}}