{"id":2003,"date":"2025-02-04T20:27:33","date_gmt":"2025-02-04T23:27:33","guid":{"rendered":"https:\/\/13.com.ar\/index.php\/buenos-aires-en-alerta-naranja-por-tormentas-y-calor-extremo\/"},"modified":"2025-02-04T20:27:33","modified_gmt":"2025-02-04T23:27:33","slug":"buenos-aires-en-alerta-naranja-por-tormentas-y-calor-extremo","status":"publish","type":"post","link":"https:\/\/13.com.ar\/index.php\/buenos-aires-en-alerta-naranja-por-tormentas-y-calor-extremo\/","title":{"rendered":"Buenos Aires en alerta naranja por tormentas y calor extremo"},"content":{"rendered":"<p> <br \/>\n<\/p>\n<div id=\"cuerpo\">\n<div class=\"sc-80531b6b-0 chRIGJ container-text text-embed\">\n<p>Despu\u00e9s de la ola de calor de los \u00faltimos d\u00edas con un lunes abrumador que roz\u00f3 los 40 grados en distintos sectores del pa\u00eds,y de las precipitaciones que se formaron en las primeras horas del martes, finalmente ma\u00f1ana se espera un combo clim\u00e1tico que podr\u00eda traer un poco de alivio. Pero tambi\u00e9n vendr\u00e1 con preocupaci\u00f3n. Es que rige una doble <strong>alerta naranja<\/strong> en la Ciudad de Buenos Aires: al de <strong>calor extremo<\/strong> se suma para este mi\u00e9rcoles uno por <strong>tormenta, con posible ca\u00edda de granizo<\/strong>. Un combo que har\u00e1 bajar las temperaturas, aunque s\u00f3lo por un rato.<\/p>\n<\/div>\n<div class=\"sc-80531b6b-0 chRIGJ container-text text-embed\">\n<p>La alerta naranja por tormenta que emiti\u00f3 el Servicio Meteorol\u00f3gico Nacional (SMN) para el mi\u00e9rcoles afectar\u00e1 principalmente al Gran Buenos Aires, adem\u00e1s del territorio porte\u00f1o. Tambi\u00e9n tiene vigencia en el interior de bonaerense y en el sur de C\u00f3rdoba. <\/p>\n<\/div>\n<div class=\"sc-80531b6b-0 chRIGJ container-text text-embed\">\n<p><strong>&#8220;El \u00e1rea ser\u00e1 afectada por lluvias intensas y tormentas, algunas localmente fuertes.<\/strong> Las mismas estar\u00e1n acompa\u00f1adas por r\u00e1fagas que podr\u00edan alcanzar los 80 km\/h, granizo, fuerte actividad el\u00e9ctrica y especialmente abundante ca\u00edda de agua en cortos per\u00edodos. Se prev\u00e9n valores de precipitaci\u00f3n acumulada entre 60 y 90 mm, pudiendo ser superados en forma puntual&#8221;, comunic\u00f3 el SMN.<\/p>\n<\/div>\n<div class=\"sc-80531b6b-0 chRIGJ container-text text-embed\">\n<p>Adem\u00e1s, el Centro de Prevenci\u00f3n de Crecidas del Servicio de Hidrograf\u00eda Naval inform\u00f3 que durante la madrugada del mi\u00e9rcoles <strong>habr\u00e1 crecida del R\u00edo de la Plata<\/strong>, provocando inconvenientes en la zona Costanera porte\u00f1a y en la zona ribere\u00f1a bonaerense.<\/p>\n<\/div>\n<div class=\"sc-80531b6b-0 chRIGJ container-text text-embed\">\n<p>&#8220;El R\u00edo de la Plata se encontrar\u00e1 un metro diez cent\u00edmetros sobre los valores indicados en las tablas de marea&#8221;, comunic\u00f3 el organismo, agregando que se estima que <strong>el puerto de San Fernando tendr\u00e1 el pico de crecida de 2.80 metros, a las 3 de la madrugada.<\/strong> Para Buenos Aires se espera que el agua toque los 2.70 metros, a las 2, y en La Plata a los 2.60 metros, a la medianoche.<\/p>\n<\/div>\n<p><h2>Doce provincias en alerta: tormenta, viento y lluvia fuerte<\/h2>\n<\/p>\n<div class=\"sc-80531b6b-0 chRIGJ container-text text-embed\">\n<p>Adem\u00e1s de la zona naranja en la que quedaron la Ciudad, parte de la Provincia de Buenos Aires y C\u00f3rdoba, el SMN dej\u00f3 en alerta a otras nueve provincias.<\/p>\n<\/div>\n<div class=\"sc-198be8ec-0 cynXbu image-embed  image-embed \"><picture class=\"sc-198be8ec-1 kOjRiQ\"><source media=\"(min-width: 975px)\" width=\"720\" height=\"480\" \/><img alt=\"Alerta naranja por tormentas en la Ciudad y el Gran Buenos Aires.\" loading=\"lazy\" width=\"720\" height=\"480\" decoding=\"async\" data-nimg=\"1\" style=\"color:transparent\" src=\"https:\/\/13.com.ar\/wp-content\/uploads\/2025\/02\/Buenos-Aires-en-alerta-naranja-por-tormentas-y-calor-extremo.jpg\"\/><span class=\"epigraphe\">Alerta naranja por tormentas en la Ciudad y el Gran Buenos Aires.<\/span><span class=\"bkg\"\/><span class=\"picture-open\"><button class=\"open-image\" aria-label=\"Open Image\"\/><\/span><\/picture><\/div>\n<div class=\"sc-80531b6b-0 chRIGJ container-text text-embed\">\n<p>Con alerta amarilla por tormentas se encuentran en el sur y centro bonaerenses, el norte y este de R\u00edo Negro, el este de La Pampa, casi todo San Luis (salvo el noroeste), el centro de C\u00f3rdoba, el sur de Santa Fe y el sur de Entre R\u00edos. <\/p>\n<\/div>\n<div class=\"sc-80531b6b-0 chRIGJ container-text text-embed\">\n<p>Una alerta del mismo color, pero por precipitaciones fuertes, tiene vigencia en el extremo sur de la cordillera en Santa Cruz. En tanto, en amarillo por vientos fuertes se encuentran el noroeste santacruce\u00f1o, el centro y oeste de Chubut, el extremo oeste de R\u00edo Negro y el sudoeste de Neuqu\u00e9n.<\/p>\n<\/div>\n<div class=\"sc-80531b6b-0 chRIGJ container-text text-embed\">\n<p>A pesar del alivio que traer\u00e1 el agua, con el correr de los d\u00edas habr\u00e1 un aumento de las temperaturas, llegando <strong>para el fin de semana a una nueva entrada combinaci\u00f3n de d\u00edas de intenso calor. <\/strong>En el AMBA volver\u00e1 a escalar hasta los 34 grados pronosticados para el domingo.<\/p>\n<\/div>\n<\/div>\n<p><br \/>\n<br \/><a href=\"https:\/\/www.clarin.com\/sociedad\/alerta-naranja-buenos-aires-tormentas-calor-extremo_0_awlj6q5PtF.html\">Fuente Clarin.com <\/a><\/p>\n","protected":false},"excerpt":{"rendered":"<p>Despu\u00e9s de la ola de calor de los \u00faltimos d\u00edas con un lunes abrumador que roz\u00f3 los 40 grados en distintos sectores del pa\u00eds,y de las precipitaciones que se formaron en las primeras horas del martes, finalmente ma\u00f1ana se espera un combo clim\u00e1tico que podr\u00eda traer un poco de alivio. Pero tambi\u00e9n vendr\u00e1 con preocupaci\u00f3n. [&hellip;]<\/p>\n","protected":false},"author":1,"featured_media":2004,"comment_status":"open","ping_status":"open","sticky":false,"template":"","format":"standard","meta":{"footnotes":""},"categories":[2],"tags":[328,985,327,1204,2659,3161,142,3833],"class_list":["post-2003","post","type-post","status-publish","format-standard","has-post-thumbnail","hentry","category-ultimas-noticias","tag-aires","tag-alerta","tag-buenos","tag-calor","tag-extremo","tag-naranja","tag-por","tag-tormentas"],"_links":{"self":[{"href":"https:\/\/13.com.ar\/index.php\/wp-json\/wp\/v2\/posts\/2003","targetHints":{"allow":["GET"]}}],"collection":[{"href":"https:\/\/13.com.ar\/index.php\/wp-json\/wp\/v2\/posts"}],"about":[{"href":"https:\/\/13.com.ar\/index.php\/wp-json\/wp\/v2\/types\/post"}],"author":[{"embeddable":true,"href":"https:\/\/13.com.ar\/index.php\/wp-json\/wp\/v2\/users\/1"}],"replies":[{"embeddable":true,"href":"https:\/\/13.com.ar\/index.php\/wp-json\/wp\/v2\/comments?post=2003"}],"version-history":[{"count":0,"href":"https:\/\/13.com.ar\/index.php\/wp-json\/wp\/v2\/posts\/2003\/revisions"}],"wp:featuredmedia":[{"embeddable":true,"href":"https:\/\/13.com.ar\/index.php\/wp-json\/wp\/v2\/media\/2004"}],"wp:attachment":[{"href":"https:\/\/13.com.ar\/index.php\/wp-json\/wp\/v2\/media?parent=2003"}],"wp:term":[{"taxonomy":"category","embeddable":true,"href":"https:\/\/13.com.ar\/index.php\/wp-json\/wp\/v2\/categories?post=2003"},{"taxonomy":"post_tag","embeddable":true,"href":"https:\/\/13.com.ar\/index.php\/wp-json\/wp\/v2\/tags?post=2003"}],"curies":[{"name":"wp","href":"https:\/\/api.w.org\/{rel}","templated":true}]}}