{"id":2001,"date":"2025-02-04T20:24:51","date_gmt":"2025-02-04T23:24:51","guid":{"rendered":"https:\/\/13.com.ar\/index.php\/la-carambola-que-no-le-salio-a-cristina-kirchner\/"},"modified":"2025-02-04T20:24:51","modified_gmt":"2025-02-04T23:24:51","slug":"la-carambola-que-no-le-salio-a-cristina-kirchner","status":"publish","type":"post","link":"https:\/\/13.com.ar\/index.php\/la-carambola-que-no-le-salio-a-cristina-kirchner\/","title":{"rendered":"La carambola que no le sali\u00f3 a Cristina Kirchner"},"content":{"rendered":"<p> <br \/>\n<br \/><img decoding=\"async\" src=\"https:\/\/13.com.ar\/wp-content\/uploads\/2025\/02\/La-carambola-que-no-le-salio-a-Cristina-Kirchner.jpg\" \/><\/p>\n<div>\n<p>Cristina Kirchner ya hab\u00eda aceptado concederle al Gobierno<strong> los votos que necesitaba <\/strong>en el Congreso para que no hubiera PASO este a\u00f1o.<\/p>\n<\/div>\n<div>\n<p>No era un regalo desinteresado. A la Casa Rosada no le sirven las PASO porque <strong>todas las listas de La Libertad Avanza en el pa\u00eds se presentar\u00e1n atendiendo los mandatos del Gobierno<\/strong>: la posibilidad de someter a discusi\u00f3n esos nombres no le interesa a nadie en el Poder Ejecutivo.<\/p>\n<\/div>\n<div>\n<p>Cristina piensa algo parecido. Como consigui\u00f3 quedarse<strong> con el control pleno del Partido Justicialista<\/strong>, las listas de diputados y senadores nacionales, y tambi\u00e9n las de algunas provincias, quedar\u00e1n bajo su revisi\u00f3n \u00faltima. \u00bfPara qu\u00e9 abrir esa decisi\u00f3n que hoy est\u00e1 cerrada a la discusi\u00f3n en unas PASO?<\/p>\n<\/div>\n<div>\n<p>A Milei y a Cristina los un\u00eda adem\u00e1s<strong> la intenci\u00f3n de perjudicar al PRO y al radicalismo<\/strong>, dos partidos a los que las PASO le sirven para ordenar de manera econ\u00f3mica y definitiva las disputas en algunos territorios.<\/p>\n<\/div>\n<div>\n<p>Pero ese escenario primitivo <strong>se modific\u00f3 para Cristina cuando creci\u00f3 su diferencia con Axel Kicillof<\/strong>.<\/p>\n<\/div>\n<div>\n<p>Se sabe que el gobernador bonaerense, con apoyo de buena parte de los intendentes peronistas, quiere adelantar las elecciones provinciales para protegerse de la buena imagen que tiene el presidente Javier Milei en el distrito. Se sabe tambi\u00e9n que Cristina<strong> quiere que las elecciones bonaerenses se hagan el mismo d\u00eda<\/strong> que las de cargos nacionales porque es la \u00fanica manera de asegurarse el apoyo de los intendentes y los aparatos locales a las candidaturas de diputados, que son las que m\u00e1s le interesan a la ex presidenta, sobre todo porque es el tramo de la elecci\u00f3n que va a armar con su lapicera.<\/p>\n<\/div>\n<div>\n<p>Para poder separar la elecci\u00f3n provincial, <strong>Kicillof necesita que no haya PASO nacionales<\/strong>, porque hoy la ley bonaerense obliga a que las PASO bonaerenses se hagan el mismo d\u00eda que las nacionales. Si no hay PASO nacionales, el Gobernador puede elegir otra fecha.<\/p>\n<\/div>\n<div>\n<p>Por eso mismo es que<strong> Cristina cambi\u00f3 su percepci\u00f3n original <\/strong>y mand\u00f3 a sus diputados a que trabaran el dictamen para suspender las PASO en el plenario de comisiones que se hizo ayer.<\/p>\n<\/div>\n<div>\n<p>Su problema fue que la disciplina del bloque no fue tan f\u00e9rrea como la que necesitaba: hubo dos diputados de Catamarca y otros dos de Santiago del Estero que escucharon el pedido del Gobierno y ayudaron a sacar el dictamen.<\/p>\n<\/div>\n<div>\n<p>Esa conducta era esperable en el caso de los catamarque\u00f1os, porque el gobernador Ra\u00fal Jalil hace tiempo que juega con Javier Milei, pero no tanto en el de los santiague\u00f1os, porque Gerardo Zamora no est\u00e1 alineado de la misma manera con su colega.<\/p>\n<\/div>\n<div>\n<p>En estos dos casos -que si se reproducen en el Senado podr\u00edan convertirse en la llave de oro para la ley- <strong>la carambola se mueve tambi\u00e9n por otros intereses<\/strong>. La ausencia de PASO les sirven a Jalil y a Zamora para sus armados provinciales y los votos de sus diputados tambi\u00e9n son \u00fatiles para darle una mano a Kicillof, un gesto que alguna vez, potencialmente, puede ser retribuido. A\u00fan sin conocer el resultado final de la disputa,<strong> el episodio le servir\u00e1 al gobernador bonaerense<\/strong> para confirmar que su adversaria en la interna sigue teniendo el apellido m\u00e1s poderoso en el peronismo pero su dedo perdi\u00f3 efectividad.<\/p>\n<\/div>\n<p><br \/>\n<br \/><a href=\"https:\/\/www.clarin.com\/opinion\/carambola-salio-cristina-kirchner_0_4AszIjyBTf.html\">Fuente Clarin.com <\/a><\/p>\n","protected":false},"excerpt":{"rendered":"<p>Cristina Kirchner ya hab\u00eda aceptado concederle al Gobierno los votos que necesitaba en el Congreso para que no hubiera PASO este a\u00f1o. No era un regalo desinteresado. A la Casa Rosada no le sirven las PASO porque todas las listas de La Libertad Avanza en el pa\u00eds se presentar\u00e1n atendiendo los mandatos del Gobierno: la [&hellip;]<\/p>\n","protected":false},"author":1,"featured_media":2002,"comment_status":"open","ping_status":"open","sticky":false,"template":"","format":"standard","meta":{"footnotes":""},"categories":[2],"tags":[3832,497,1381,1588],"class_list":["post-2001","post","type-post","status-publish","format-standard","has-post-thumbnail","hentry","category-ultimas-noticias","tag-carambola","tag-cristina","tag-kirchner","tag-salio"],"_links":{"self":[{"href":"https:\/\/13.com.ar\/index.php\/wp-json\/wp\/v2\/posts\/2001","targetHints":{"allow":["GET"]}}],"collection":[{"href":"https:\/\/13.com.ar\/index.php\/wp-json\/wp\/v2\/posts"}],"about":[{"href":"https:\/\/13.com.ar\/index.php\/wp-json\/wp\/v2\/types\/post"}],"author":[{"embeddable":true,"href":"https:\/\/13.com.ar\/index.php\/wp-json\/wp\/v2\/users\/1"}],"replies":[{"embeddable":true,"href":"https:\/\/13.com.ar\/index.php\/wp-json\/wp\/v2\/comments?post=2001"}],"version-history":[{"count":0,"href":"https:\/\/13.com.ar\/index.php\/wp-json\/wp\/v2\/posts\/2001\/revisions"}],"wp:featuredmedia":[{"embeddable":true,"href":"https:\/\/13.com.ar\/index.php\/wp-json\/wp\/v2\/media\/2002"}],"wp:attachment":[{"href":"https:\/\/13.com.ar\/index.php\/wp-json\/wp\/v2\/media?parent=2001"}],"wp:term":[{"taxonomy":"category","embeddable":true,"href":"https:\/\/13.com.ar\/index.php\/wp-json\/wp\/v2\/categories?post=2001"},{"taxonomy":"post_tag","embeddable":true,"href":"https:\/\/13.com.ar\/index.php\/wp-json\/wp\/v2\/tags?post=2001"}],"curies":[{"name":"wp","href":"https:\/\/api.w.org\/{rel}","templated":true}]}}