{"id":20,"date":"2025-01-28T13:56:41","date_gmt":"2025-01-28T16:56:41","guid":{"rendered":"https:\/\/13.com.ar\/index.php\/2025\/01\/28\/crece-el-reclamo-empresario-y-caputo-vuelve-a-pedir-que-las-provincias-bajen-impuestos\/"},"modified":"2025-01-28T13:56:41","modified_gmt":"2025-01-28T16:56:41","slug":"crece-el-reclamo-empresario-y-caputo-vuelve-a-pedir-que-las-provincias-bajen-impuestos","status":"publish","type":"post","link":"https:\/\/13.com.ar\/index.php\/crece-el-reclamo-empresario-y-caputo-vuelve-a-pedir-que-las-provincias-bajen-impuestos\/","title":{"rendered":"Crece el reclamo empresario y Caputo vuelve a pedir que las provincias bajen impuestos"},"content":{"rendered":"<p> <br \/>\n<br \/><img decoding=\"async\" src=\"https:\/\/13.com.ar\/wp-content\/uploads\/2025\/01\/Crece-el-reclamo-empresario-y-Caputo-vuelve-a-pedir-que.jpg\" \/><\/p>\n<div>\n<p>El <strong>peso de los impuestos provinciales y municipales <\/strong>est\u00e1 en el centro de la escena por estos d\u00edas. Luego de anunciar la quita de impuestos para el sector automotriz y en medio de los reclamos del sector empresario, <strong>Luis Caputo volvi\u00f3 a pedirle a los gobernadores e intendentes que aflojen con las al\u00edcuotas <\/strong>que cobran por I<strong>Ingresos Brutos y tasas municipales. <\/strong><\/p>\n<\/div>\n<div>\n<p>El ministro de Econom\u00eda resalt\u00f3 que su Gobierno redujo el d\u00e9ficit fiscal y que estas medidas apuntan tambi\u00e9n <strong>a la baja de la inflaci\u00f3n y a la recuperaci\u00f3n de la actividad.<\/strong> &#8220;Quiero remarcar <strong>la importancia de reducir el d\u00e9ficit v\u00eda reducci\u00f3n de gastos, y no v\u00eda aumento de impuestos <\/strong>como est\u00e1n haciendo algunas provincias y municipios (tasas en este caso) de manera injustificada, ya que todos est\u00e1n recibiendo mayores ingresos por el aumento en la recaudaci\u00f3n&#8221;, dijo en su cuenta de la red social X.<\/p>\n<\/div>\n<div>\n<p>&#8220;<strong>Ser\u00eda muy importante para el pa\u00eds que provincias y municipios, aprovechando este aumento en sus ingresos, se sumaran al esfuerzo que est\u00e1n haciendo todos los argentinos y redujeran Ingresos Brutos y tasas municipales<\/strong>&#8220;, remarc\u00f3 Caputo, que volvi\u00f3 a poner el tema sobre la mesa en medio de una<strong> oleada de reclamos del sector empresarial.<\/strong><\/p>\n<\/div>\n<div>\n<p>En un comunicado, el<strong> Grupo de los Seis destac\u00f3 que &#8220;resulta imposible avanzar con un desarrollo sostenible y federal, <\/strong>con creaci\u00f3n de empleo de calidad y recuperaci\u00f3n del consumo,<strong> si las provincias y municipios no acompa\u00f1an<\/strong> el horizonte de reducci\u00f3n de la carga impositiva planteado por el Gobierno nacional&#8221;. <\/p>\n<\/div>\n<div>\n<p>El G6 &#8211; que est\u00e1 integrado por la Asociaci\u00f3n de Bancos Argentinos <strong>(ADEBA)<\/strong>, la Bolsa de Comercio de Buenos Aires<strong> (BCBA),<\/strong> la C\u00e1mara Argentina de Comercio y Servicios<strong> (CAC),<\/strong> la C\u00e1mara Argentina de la Construcci\u00f3n<strong> (CAMARCO), <\/strong>la Sociedad Rural Argentina <strong>(SRA) <\/strong>y la Uni\u00f3n Industrial Argentina <strong>(UIA)-<\/strong> pidi\u00f3 a las provincias y municipios que &#8220;acompa\u00f1en la agenda de competitividad de las empresas argentinas mediante la<strong> baja de la carga tributaria en las provincias<\/strong>, a trav\u00e9s del cobro de ingresos brutos, y la revisi\u00f3n de las tasas municipales que se han convertido en un m\u00e9todo de financiamiento local antes que en una contraprestaci\u00f3n efectiva&#8221;.<\/p>\n<\/div>\n<div>\n<p>En este contexto, el G6 remarc\u00f3 que si bien la al\u00edcuota de ingresos brutos est\u00e1 determinada por ley en 1.5%, <strong>su aplicaci\u00f3n \u201cen cascada\u201d puede alcanzar entre el 3 y el 9%. <\/strong>En cuanto a las tasas municipales el G6 advirti\u00f3 que el principal problema es la falta de proporcionalidad y la ausencia de contraprestaci\u00f3n individual.<\/p>\n<\/div>\n<div>\n<p>Seg\u00fan informes de las entidades miembros del G6, solo la tasa de seguridad e higiene representa en promedio el 34% de los recursos municipales propios y que puede llegar a representar cerca del 2% del valor final de un producto<strong>. En tanto ingresos brutos y sellos explican el 84% de los ingresos impositivos de origen provincial.<\/strong><\/p>\n<\/div>\n<div>\n<p>El pedido del G6 llega despu\u00e9s de que el sector financiero &#8211; con todas las c\u00e1maras bancarias y la C\u00e1mara Fintech- salieran a reclamar una revisi\u00f3n de estos impuestos.<\/p>\n<\/div>\n<p><br \/>\n<br \/><a href=\"https:\/\/www.clarin.com\/economia\/crece-reclamo-empresario-caputo-vuelve-pedir-provincias-bajen-impuestos_0_dHqugBORMo.html\">Fuente Clarin.com <\/a><\/p>\n","protected":false},"excerpt":{"rendered":"<p>El peso de los impuestos provinciales y municipales est\u00e1 en el centro de la escena por estos d\u00edas. Luego de anunciar la quita de impuestos para el sector automotriz y en medio de los reclamos del sector empresario, Luis Caputo volvi\u00f3 a pedirle a los gobernadores e intendentes que aflojen con las al\u00edcuotas que cobran [&hellip;]<\/p>\n","protected":false},"author":1,"featured_media":21,"comment_status":"open","ping_status":"open","sticky":false,"template":"","format":"standard","meta":{"footnotes":""},"categories":[2],"tags":[50,45,42,44,51,48,47,49,43,46],"class_list":["post-20","post","type-post","status-publish","format-standard","has-post-thumbnail","hentry","category-ultimas-noticias","tag-bajen","tag-caputo","tag-crece","tag-empresario","tag-impuestos","tag-las","tag-pedir","tag-provincias","tag-reclamo","tag-vuelve"],"_links":{"self":[{"href":"https:\/\/13.com.ar\/index.php\/wp-json\/wp\/v2\/posts\/20","targetHints":{"allow":["GET"]}}],"collection":[{"href":"https:\/\/13.com.ar\/index.php\/wp-json\/wp\/v2\/posts"}],"about":[{"href":"https:\/\/13.com.ar\/index.php\/wp-json\/wp\/v2\/types\/post"}],"author":[{"embeddable":true,"href":"https:\/\/13.com.ar\/index.php\/wp-json\/wp\/v2\/users\/1"}],"replies":[{"embeddable":true,"href":"https:\/\/13.com.ar\/index.php\/wp-json\/wp\/v2\/comments?post=20"}],"version-history":[{"count":0,"href":"https:\/\/13.com.ar\/index.php\/wp-json\/wp\/v2\/posts\/20\/revisions"}],"wp:featuredmedia":[{"embeddable":true,"href":"https:\/\/13.com.ar\/index.php\/wp-json\/wp\/v2\/media\/21"}],"wp:attachment":[{"href":"https:\/\/13.com.ar\/index.php\/wp-json\/wp\/v2\/media?parent=20"}],"wp:term":[{"taxonomy":"category","embeddable":true,"href":"https:\/\/13.com.ar\/index.php\/wp-json\/wp\/v2\/categories?post=20"},{"taxonomy":"post_tag","embeddable":true,"href":"https:\/\/13.com.ar\/index.php\/wp-json\/wp\/v2\/tags?post=20"}],"curies":[{"name":"wp","href":"https:\/\/api.w.org\/{rel}","templated":true}]}}