{"id":19593,"date":"2025-04-24T10:45:27","date_gmt":"2025-04-24T13:45:27","guid":{"rendered":"https:\/\/13.com.ar\/index.php\/a-francisco-hay-que-recordarlo-por-sus-gestos-mas-que-por-sus-palabras\/"},"modified":"2025-04-24T10:45:27","modified_gmt":"2025-04-24T13:45:27","slug":"a-francisco-hay-que-recordarlo-por-sus-gestos-mas-que-por-sus-palabras","status":"publish","type":"post","link":"https:\/\/13.com.ar\/index.php\/a-francisco-hay-que-recordarlo-por-sus-gestos-mas-que-por-sus-palabras\/","title":{"rendered":"A Francisco hay que recordarlo por sus gestos m\u00e1s que por sus palabras"},"content":{"rendered":"<p> <br \/>\n<br \/><img decoding=\"async\" src=\"https:\/\/13.com.ar\/wp-content\/uploads\/2025\/04\/A-Francisco-hay-que-recordarlo-por-sus-gestos-mas-que.jpg\" \/><\/p>\n<div id=\"element-body-0\">\n<p><strong>San Miguel<\/strong> tiene un pedazo de la historia del <strong>papa Francisco<\/strong> guardado en el <strong>Colegio M\u00e1ximo de San Jos\u00e9<\/strong>, instituci\u00f3n que eligi\u00f3 para formarse en Teolog\u00eda y Filosof\u00eda a sus 25 a\u00f1os y donde fue docente y posteriormente rector. <strong>Julio Merediz<\/strong>, sacerdote jesuita, fue su compa\u00f1ero y lo recuerda \u201cpor sus gestos, m\u00e1s que sus palabras\u201d.<\/p>\n<\/div>\n<div id=\"element-body-1\">\n<p>En 1961, Francisco ingres\u00f3 al Colegio M\u00e1ximo para estudiar Teolog\u00eda y Filosof\u00eda. Obtuvo su t\u00edtulo en ambas disciplinas al mismo tiempo que fue ordenado sacerdote en la instituci\u00f3n jesuita en 1969. A sus 37 a\u00f1os, fue nombrado <strong>Prep\u00f3sito Provincial de la Compa\u00f1\u00eda de Jes\u00fas<\/strong>, el m\u00e1ximo rango de la orden jesuita y seis a\u00f1os m\u00e1s tarde asumi\u00f3 como rector de la instituci\u00f3n.<\/p>\n<\/div>\n<div id=\"element-body-2\">\n<p>\u201cRecuerdo que cuando \u00e9l ya era Prep\u00f3sito Provincial y yo siendo p\u00e1rroco que comenzaba, me vino a visitar a la pieza comunitaria donde viv\u00eda. Entonces, lo primero que me pregunt\u00f3 es si no me agarraba fr\u00edo a la noche y al otro d\u00eda apareci\u00f3 con una estufa\u201d, relata Julio Merediz acerca de los gestos de Jorge con sus compa\u00f1eros y con la instituci\u00f3n que lo form\u00f3 y donde siempre \u201cevangeliz\u00f3 con el ejemplo\u201d.<\/p>\n<\/div>\n<div id=\"element-body-4\">\n<p>Recuerda tambi\u00e9n como cada cumplea\u00f1os el hincha de <strong>San Lorenzo<\/strong> lo invitaba al Colegio M\u00e1ximo para festejarlo. Llamaba a todos sus amigos y compa\u00f1eros cercanos para que lo acompa\u00f1en y se encargaba de la comida y la torta. \u201cMuchas veces los problemas se solucionan cuando hay una persona que te escuche y Jorge Bergoglio era un tipo que te escuchaba\u201d, hace hincapi\u00e9 Julio.<\/p>\n<\/div>\n<div id=\"element-body-5\">\n<p>Julio y Jorge compart\u00edan el gusto por la m\u00fasica cl\u00e1sica, el teatro, la \u00f3pera y la lectura. \u201cUna vez fui en reemplazo de Bergoglio a dar los ejercicios seminaristas en<strong> Villa Devoto<\/strong> y me alegraba cuando se me acercaban los seminaristas y me dec\u00edan que era como si lo hubiese dicho Jorge\u201d, relata acerca de los puntos de uni\u00f3n de ambos sacerdotes en aquel entonces.<\/p>\n<\/div>\n<div id=\"element-body-7\">\n<p>Y agrega: \u201c\u00c9ramos compa\u00f1eros y ten\u00edamos una formaci\u00f3n muy similar. Nuestro gran Maestro hab\u00eda sido el <strong>padre Miguel \u00c1ngel Fiorito<\/strong>, as\u00ed que hab\u00eda cosas parecidas en nosotros, aunque somos personalidades distintas\u201d.<\/p>\n<\/div>\n<div id=\"element-body-9\">\n<p>En 1992, Bergoglio es elegido <strong>obispo auxiliar en la Ciudad de Buenos,<\/strong> luego <strong>obispo coadjuto<\/strong>r y, a los pocos, a\u00f1os asume como <strong>Arzobispo de la Ciudad<\/strong>. Ya mudado a la Capital, sigui\u00f3 dictando clases en su c\u00e1tedra de Teolog\u00eda pastoral todos los lunes. A principios del siglo XXI fue hecho cardenal por el <strong>papa Juan Pablo II<\/strong>. \u201cDe su paso por la Ciudad de Buenos Aires hay que destacar que convirti\u00f3 todas las villas en parroquias\u201d, explica.<\/p>\n<\/div>\n<div id=\"element-body-10\">\n<p>Y agrega: \u201cLes ense\u00f1\u00f3 a los sacerdotes de la Ciudad de Buenos Aires que eran religiosos para cualquier parroquia, est\u00e9 en la villa, <strong>Barrio Norte, Flores, Floresta<\/strong> o en cualquier barrio o condici\u00f3n social. Que no hab\u00eda solamente curas villeros, sino que todos eran curas de la di\u00f3cesis y son para todas partes\u201d.<\/p>\n<\/div>\n<div id=\"element-body-11\">\n<p>Docentes de la instituci\u00f3n que compartieron con Francisco recuerdan c\u00f3mo, en 1976, aloj\u00f3 a tres muchachos de <strong>La Rioja<\/strong> para que estudiaran en el Colegio M\u00e1ximo y as\u00ed protegerlos de las persecuciones de la dictadura. Les dijo que tengan cuidado y sean prudentes, porque siempre hab\u00eda visitas de los militares.<\/p>\n<\/div>\n<div id=\"element-body-12\">\n<p>Julio Mederiz concluye repitiendo una vez m\u00e1s que el distintivo de Jorge Bergoglio como compa\u00f1ero, docente, sacerdote y Papa eran sus gestos, por sobre sus palabras. \u201cEs decir, el h\u00e1bito no hace al monje, lo que hace al sacerdote es el amor con que se tienen los gestos aunque sean muy peque\u00f1os\u201d.<\/p>\n<\/div>\n<p><br \/>\n<br \/><a href=\"https:\/\/www.clarin.com\/zonales\/francisco-recordarlo-gestos-palabras_0_6sEWHlfNKX.html\">Fuente Clarin.com <\/a><\/p>\n","protected":false},"excerpt":{"rendered":"<p>San Miguel tiene un pedazo de la historia del papa Francisco guardado en el Colegio M\u00e1ximo de San Jos\u00e9, instituci\u00f3n que eligi\u00f3 para formarse en Teolog\u00eda y Filosof\u00eda a sus 25 a\u00f1os y donde fue docente y posteriormente rector. Julio Merediz, sacerdote jesuita, fue su compa\u00f1ero y lo recuerda \u201cpor sus gestos, m\u00e1s que sus [&hellip;]<\/p>\n","protected":false},"author":1,"featured_media":19594,"comment_status":"open","ping_status":"open","sticky":false,"template":"","format":"standard","meta":{"footnotes":""},"categories":[2],"tags":[917,12586,942,155,5379,142,15853,40],"class_list":["post-19593","post","type-post","status-publish","format-standard","has-post-thumbnail","hentry","category-ultimas-noticias","tag-francisco","tag-gestos","tag-hay","tag-mas","tag-palabras","tag-por","tag-recordarlo","tag-sus"],"_links":{"self":[{"href":"https:\/\/13.com.ar\/index.php\/wp-json\/wp\/v2\/posts\/19593","targetHints":{"allow":["GET"]}}],"collection":[{"href":"https:\/\/13.com.ar\/index.php\/wp-json\/wp\/v2\/posts"}],"about":[{"href":"https:\/\/13.com.ar\/index.php\/wp-json\/wp\/v2\/types\/post"}],"author":[{"embeddable":true,"href":"https:\/\/13.com.ar\/index.php\/wp-json\/wp\/v2\/users\/1"}],"replies":[{"embeddable":true,"href":"https:\/\/13.com.ar\/index.php\/wp-json\/wp\/v2\/comments?post=19593"}],"version-history":[{"count":0,"href":"https:\/\/13.com.ar\/index.php\/wp-json\/wp\/v2\/posts\/19593\/revisions"}],"wp:featuredmedia":[{"embeddable":true,"href":"https:\/\/13.com.ar\/index.php\/wp-json\/wp\/v2\/media\/19594"}],"wp:attachment":[{"href":"https:\/\/13.com.ar\/index.php\/wp-json\/wp\/v2\/media?parent=19593"}],"wp:term":[{"taxonomy":"category","embeddable":true,"href":"https:\/\/13.com.ar\/index.php\/wp-json\/wp\/v2\/categories?post=19593"},{"taxonomy":"post_tag","embeddable":true,"href":"https:\/\/13.com.ar\/index.php\/wp-json\/wp\/v2\/tags?post=19593"}],"curies":[{"name":"wp","href":"https:\/\/api.w.org\/{rel}","templated":true}]}}