{"id":19591,"date":"2025-04-24T10:42:30","date_gmt":"2025-04-24T13:42:30","guid":{"rendered":"https:\/\/13.com.ar\/index.php\/hay-un-muerto-y-tres-heridos\/"},"modified":"2025-04-24T10:42:30","modified_gmt":"2025-04-24T13:42:30","slug":"hay-un-muerto-y-tres-heridos","status":"publish","type":"post","link":"https:\/\/13.com.ar\/index.php\/hay-un-muerto-y-tres-heridos\/","title":{"rendered":"hay un muerto y tres heridos"},"content":{"rendered":"<p> <br \/>\n<br \/><img decoding=\"async\" src=\"https:\/\/13.com.ar\/wp-content\/uploads\/2025\/04\/hay-un-muerto-y-tres-heridos.jpg\" \/><\/p>\n<div id=\"element-body-0\">\n<p>Un estudiante muri\u00f3 y otros tres resultaron heridos este jueves en un <strong>ataque con cuchillo<\/strong> cometido por otro alumno de 15 a\u00f1os en un instituto de secundaria en la ciudad francesa de Nantes (oeste), informaron las autoridades.<\/p>\n<\/div>\n<div id=\"element-body-1\">\n<p>La v\u00edctima mortal es una alumna. <strong>Uno de los heridos est\u00e1 muy grave<\/strong>, mientras que los otros dos est\u00e1n menos graves, indicaron medios locales.<\/p>\n<\/div>\n<div id=\"element-body-2\">\n<p>El autor del ataque se abalanz\u00f3 sobre alumnos de dos clases antes de ser desarmado y retenido por profesores del centro que lo entregaron a la Polic\u00eda. Enseguida el adolescente fue detenido.<\/p>\n<\/div>\n<div id=\"element-body-3\">\n<p>&#13;<br \/>\nEl incidente ocurri\u00f3 en un instituto privado de secundaria, Notre Dame de Toutes Aides, donde tambi\u00e9n estudia el autor del ataque.<\/p>\n<\/div>\n<div id=\"element-body-5\">\n<p>El centro fue rodeado por la Polic\u00eda y los servicios de urgencias y las autoridades han enviado <strong>un equipo de asistencia psicol\u00f3gica para los alumnos<\/strong> y el personal del centro.<\/p>\n<\/div>\n<div id=\"element-body-6\">\n<p>El autor del ataque no estaba radicalizado ni ten\u00eda antecedentes policiales, sino<strong> un perfil m\u00e1s bien depresivo,<\/strong> apuntaron fuentes de la investigaci\u00f3n a la radio p\u00fablica France Info.<\/p>\n<\/div>\n<div id=\"element-body-7\">\n<p>&#13;<br \/>\nLos ministros del Interior, Bruno Retailleau, y de Educaci\u00f3n, \u00c9lisabeth Borne, est\u00e1n viajando a Nantes. <\/p>\n<\/div>\n<div id=\"element-body-8\">\n<p>Seg\u00fan indica el diario regional <em>Ouest France<\/em>, varios alumnos indicaron que recibieron este jueves por la ma\u00f1ana un extra\u00f1o correo electr\u00f3nico de unas veinte p\u00e1ginas que hab\u00eda sido enviado por otro estudiante.<\/p>\n<\/div>\n<div id=\"element-body-9\">\n<p>texto se titulaba &#8220;La acci\u00f3n inmunitaria&#8221; y se\u00f1alaba entre otras cosas que &#8220;la revuelta es la mayor victoria que podemos alcanzar&#8221;, apunta la informaci\u00f3n.   <\/p>\n<\/div>\n<p><br \/>\n<br \/><a href=\"https:\/\/www.clarin.com\/mundo\/ataque-cuchillo-colegio-francia-muerto-heridos_0_6rHTM1WrTL.html\">Fuente Clarin.com <\/a><\/p>\n","protected":false},"excerpt":{"rendered":"<p>Un estudiante muri\u00f3 y otros tres resultaron heridos este jueves en un ataque con cuchillo cometido por otro alumno de 15 a\u00f1os en un instituto de secundaria en la ciudad francesa de Nantes (oeste), informaron las autoridades. La v\u00edctima mortal es una alumna. Uno de los heridos est\u00e1 muy grave, mientras que los otros dos [&hellip;]<\/p>\n","protected":false},"author":1,"featured_media":19592,"comment_status":"open","ping_status":"open","sticky":false,"template":"","format":"standard","meta":{"footnotes":""},"categories":[2],"tags":[942,568,2827,434],"class_list":["post-19591","post","type-post","status-publish","format-standard","has-post-thumbnail","hentry","category-ultimas-noticias","tag-hay","tag-heridos","tag-muerto","tag-tres"],"_links":{"self":[{"href":"https:\/\/13.com.ar\/index.php\/wp-json\/wp\/v2\/posts\/19591","targetHints":{"allow":["GET"]}}],"collection":[{"href":"https:\/\/13.com.ar\/index.php\/wp-json\/wp\/v2\/posts"}],"about":[{"href":"https:\/\/13.com.ar\/index.php\/wp-json\/wp\/v2\/types\/post"}],"author":[{"embeddable":true,"href":"https:\/\/13.com.ar\/index.php\/wp-json\/wp\/v2\/users\/1"}],"replies":[{"embeddable":true,"href":"https:\/\/13.com.ar\/index.php\/wp-json\/wp\/v2\/comments?post=19591"}],"version-history":[{"count":0,"href":"https:\/\/13.com.ar\/index.php\/wp-json\/wp\/v2\/posts\/19591\/revisions"}],"wp:featuredmedia":[{"embeddable":true,"href":"https:\/\/13.com.ar\/index.php\/wp-json\/wp\/v2\/media\/19592"}],"wp:attachment":[{"href":"https:\/\/13.com.ar\/index.php\/wp-json\/wp\/v2\/media?parent=19591"}],"wp:term":[{"taxonomy":"category","embeddable":true,"href":"https:\/\/13.com.ar\/index.php\/wp-json\/wp\/v2\/categories?post=19591"},{"taxonomy":"post_tag","embeddable":true,"href":"https:\/\/13.com.ar\/index.php\/wp-json\/wp\/v2\/tags?post=19591"}],"curies":[{"name":"wp","href":"https:\/\/api.w.org\/{rel}","templated":true}]}}