{"id":19589,"date":"2025-04-24T10:36:29","date_gmt":"2025-04-24T13:36:29","guid":{"rendered":"https:\/\/13.com.ar\/index.php\/pidio-que-la-voluntad-de-cambio-no-se-descarrile\/"},"modified":"2025-04-24T10:36:29","modified_gmt":"2025-04-24T13:36:29","slug":"pidio-que-la-voluntad-de-cambio-no-se-descarrile","status":"publish","type":"post","link":"https:\/\/13.com.ar\/index.php\/pidio-que-la-voluntad-de-cambio-no-se-descarrile\/","title":{"rendered":"pidi\u00f3 que &#8220;la voluntad de cambio no se descarrile&#8221;"},"content":{"rendered":"<p> <br \/>\n<br \/><img decoding=\"async\" src=\"https:\/\/13.com.ar\/wp-content\/uploads\/2025\/04\/pidio-que-la-voluntad-de-cambio-no-se-descarrile.jpg\" \/><\/p>\n<div id=\"element-body-0\">\n<p>La directora gerente del <strong>Fondo Monetario Internacional<\/strong>, <strong>Kristalina Georgieva<\/strong>, sum\u00f3 este jueves elogios al programa econ\u00f3mico de <strong>Javier Milei<\/strong>, pero advirti\u00f3 sobre los riesgos que enfrentar\u00eda el pa\u00eds y mencion\u00f3 la crisis global, pero tambi\u00e9n desaf\u00edos a nivel interno: \u201cEl pa\u00eds va a <strong>elecciones<\/strong> en octubre. <strong>Es muy importante que la voluntad de cambio no se descarrile. Hasta ahora, no vemos que ese riesgo se materialice. Pero yo le pedir\u00eda a la Argentina que mantenga el rumbo\u201d, <\/strong>dijo.<\/p>\n<\/div>\n<div id=\"element-body-1\">\n<p>Georgieva ofreci\u00f3 una conferencia de prensa en el marco de la Asamblea de Primavera del FMI y del Banco Mundial que se celebra estos d\u00edas en Washington y que re\u00fane a los ministros de Econom\u00eda y presidentes de Bancos Centrales de todo el mundo, que se convocan para analizar los desaf\u00edos econ\u00f3micos internacionales.<\/p>\n<\/div>\n<div id=\"element-body-2\">\n<p>Ante una pregunta de <strong>Clar\u00edn<\/strong> sobre los riesgos que puede enfrentar el pa\u00eds, que acaba de acordar un nuevo programa con el FMI, Georgieva dijo que \u201c<strong>Argentina ha demostrado que esta vez es diferente.<\/strong> Esta vez, hay decisi\u00f3n para poner a la econom\u00eda en una buena pista: de un d\u00e9ficit alto a un super\u00e1vit, de una inflaci\u00f3n de dos d\u00edgitos a una inflaci\u00f3n que, en febrero, baj\u00f3 del 3 por ciento. De la pobreza del 50% a alrededor del 37% ahora, todav\u00eda muy alta, pero disminuyendo\u201d.<\/p>\n<\/div>\n<div id=\"element-body-3\">\n<p>Agreg\u00f3 que \u201c<strong>el Estado est\u00e1 saliendo de donde no corresponde<\/strong>, para permitir m\u00e1s dinamismo en el sector privado\u201d y mencion\u00f3 el debate de este jueves con el ministro de Desregulaci\u00f3n Federico Sturzenegger y la \u201cregulaci\u00f3n inteligente, es decir, de c\u00f3mo hacer que la econom\u00eda sea m\u00e1s vibrante sin ser un obst\u00e1culo para la iniciativa privada\u201d.<\/p>\n<\/div>\n<div id=\"element-body-4\">\n<p>Y agreg\u00f3: \u201cVimos que cuando se anunci\u00f3 el programa, el impacto inmediato en los mercados fue positivo\u201d<\/p>\n<\/div>\n<div id=\"element-body-5\">\n<p>Sin embargo, Georgieva advirti\u00f3 sobre los<strong> riesgos que enfrenta el pa\u00eds<\/strong>. \u201cPara Argentina ser\u00eda estar sola en esta estabilizaci\u00f3n macroecon\u00f3mica. Pero el pa\u00eds no est\u00e1 solo. Ah\u00ed estamos. El Banco Mundial est\u00e1 ah\u00ed. El Banco Interamericano de Desarrollo est\u00e1 dando un paso al frente. Hay una oportunidad muy importante para Argentina en<strong> un mundo hambriento de lo que Argentina produce, tanto en agricultura como en minerales, miner\u00eda, gas, litio\u201d.<\/strong><\/p>\n<\/div>\n<div id=\"element-body-6\">\n<p>Y ahond\u00f3 aun m\u00e1s: \u201cLos riesgos incluyen un empeoramiento del entorno mundial. Eso tendr\u00eda un impacto negativo en Argentina. A nivel interno, <strong>el pa\u00eds va a elecciones en octubre.<\/strong> Es muy importante que la voluntad de cambio no se descarrile. Hasta ahora, no vemos que ese riesgo se materialice. Pero yo<strong> le pedir\u00eda a la Argentina que mantenga el rumbo\u201d.<\/strong><\/p>\n<\/div>\n<div id=\"element-body-8\">\n<p>Georgieva se reuni\u00f3 el mi\u00e9rcoles por la tarde con Caputo, el presidente del Banco Central Santiago Bausili y su vice Vladimir Werning; el secretario de Finanzas Pablo Quirno y el de Pol\u00edtica Econ\u00f3mica, Jos\u00e9 Luis Daza y el representante ante el FMI, Leonardo Madcur.<\/p>\n<\/div>\n<div id=\"element-body-10\">\n<p>Fue el primer encuentro tras la aprobaci\u00f3n del nuevo programa el 11 de abril, que otorg\u00f3 US$ 20.000 millones y un adelanto de US$ 12.000 millones para fortalecer las reservas y salir del cepo. Caputo dijo a<strong> Clar\u00edn<\/strong> que la reuni\u00f3n hab\u00eda sido \u201cespectacular\u201d y Georgieva se\u00f1al\u00f3 que hab\u00edan conversado sobre los avances del programa.<\/p>\n<\/div>\n<div id=\"element-body-11\">\n<p>El jueves de la semana pasada, en el discurso que anticipa los temas centrales de la Asamblea, la directora gerente del Fondo hab\u00eda elogiado el programa de Javier Milei y dijo que \u201cla situaci\u00f3n de Argentina es un ejemplo de un pa\u00eds que ha logrado grandes avances a trav\u00e9s de reformas estructurales y disciplina fiscal\u201d.<\/p>\n<\/div>\n<div id=\"element-body-12\">\n<p>En el marco de la Asamblea, el FMI difundi\u00f3 su informe de proyecciones globales en el que pronostic\u00f3 que la econom\u00eda Argentina crecer\u00e1 un 5,5% en 2025 y que la inflaci\u00f3n caer\u00e1 a alrededor del 18%-23%, desde el 118% a fines de 2024. El desempleo ser\u00e1 de 6,6% este a\u00f1o y bajar\u00e1 al 6% en 2026.<\/p>\n<\/div>\n<div id=\"element-body-15\">\n<p>El equipo econ\u00f3mico sigue este jueves su actividad en la Asamblea. <strong>Caputo volver\u00e1 a participar de las reuniones del G20<\/strong> y tendr\u00e1 <strong>encuentros bilaterales con los ministros de Alemania y Francia,<\/strong> mientras que el viernes se encontrar\u00e1 con los de Pa\u00edses Bajos e Italia y con el presidente del Banco Mundial, Ajay Banja.<\/p>\n<\/div>\n<div id=\"element-body-16\">\n<p>Por su parte, el ministro de Desregulaci\u00f3n y Transformaci\u00f3n<strong> Federico Sturzenegger expondr\u00e1 este jueves <\/strong>sobre su trabajo en un panel con Georgieva y otros funcionarios sobre \u201ccrecimiento y resiliencia en un mundo incierto\u201d.<\/p>\n<\/div>\n<p><br \/>\n<br \/><a href=\"https:\/\/www.clarin.com\/economia\/kristalina-georgieva-pidio-argentina-elecciones-octubre-importante-voluntad-cambio-descarrile_0_qDSkGfqzio.html\">Fuente Clarin.com <\/a><\/p>\n","protected":false},"excerpt":{"rendered":"<p>La directora gerente del Fondo Monetario Internacional, Kristalina Georgieva, sum\u00f3 este jueves elogios al programa econ\u00f3mico de Javier Milei, pero advirti\u00f3 sobre los riesgos que enfrentar\u00eda el pa\u00eds y mencion\u00f3 la crisis global, pero tambi\u00e9n desaf\u00edos a nivel interno: \u201cEl pa\u00eds va a elecciones en octubre. Es muy importante que la voluntad de cambio no [&hellip;]<\/p>\n","protected":false},"author":1,"featured_media":19590,"comment_status":"open","ping_status":"open","sticky":false,"template":"","format":"standard","meta":{"footnotes":""},"categories":[2],"tags":[809,15852,318,5874],"class_list":["post-19589","post","type-post","status-publish","format-standard","has-post-thumbnail","hentry","category-ultimas-noticias","tag-cambio","tag-descarrile","tag-pidio","tag-voluntad"],"_links":{"self":[{"href":"https:\/\/13.com.ar\/index.php\/wp-json\/wp\/v2\/posts\/19589","targetHints":{"allow":["GET"]}}],"collection":[{"href":"https:\/\/13.com.ar\/index.php\/wp-json\/wp\/v2\/posts"}],"about":[{"href":"https:\/\/13.com.ar\/index.php\/wp-json\/wp\/v2\/types\/post"}],"author":[{"embeddable":true,"href":"https:\/\/13.com.ar\/index.php\/wp-json\/wp\/v2\/users\/1"}],"replies":[{"embeddable":true,"href":"https:\/\/13.com.ar\/index.php\/wp-json\/wp\/v2\/comments?post=19589"}],"version-history":[{"count":0,"href":"https:\/\/13.com.ar\/index.php\/wp-json\/wp\/v2\/posts\/19589\/revisions"}],"wp:featuredmedia":[{"embeddable":true,"href":"https:\/\/13.com.ar\/index.php\/wp-json\/wp\/v2\/media\/19590"}],"wp:attachment":[{"href":"https:\/\/13.com.ar\/index.php\/wp-json\/wp\/v2\/media?parent=19589"}],"wp:term":[{"taxonomy":"category","embeddable":true,"href":"https:\/\/13.com.ar\/index.php\/wp-json\/wp\/v2\/categories?post=19589"},{"taxonomy":"post_tag","embeddable":true,"href":"https:\/\/13.com.ar\/index.php\/wp-json\/wp\/v2\/tags?post=19589"}],"curies":[{"name":"wp","href":"https:\/\/api.w.org\/{rel}","templated":true}]}}