{"id":19587,"date":"2025-04-24T10:33:27","date_gmt":"2025-04-24T13:33:27","guid":{"rendered":"https:\/\/13.com.ar\/index.php\/manuela-martinez-explora-el-paso-a-la-adolescencia-en-su-nuevo-libro-dias-de-estreno\/"},"modified":"2025-04-24T10:33:27","modified_gmt":"2025-04-24T13:33:27","slug":"manuela-martinez-explora-el-paso-a-la-adolescencia-en-su-nuevo-libro-dias-de-estreno","status":"publish","type":"post","link":"https:\/\/13.com.ar\/index.php\/manuela-martinez-explora-el-paso-a-la-adolescencia-en-su-nuevo-libro-dias-de-estreno\/","title":{"rendered":"Manuela Mart\u00ednez explora el paso a la adolescencia en su nuevo libro &#8216;D\u00edas de estreno&#8217;"},"content":{"rendered":"<p> <br \/>\n<br \/><img decoding=\"async\" src=\"https:\/\/13.com.ar\/wp-content\/uploads\/2025\/04\/Manuela-Martinez-explora-el-paso-a-la-adolescencia-en-su.jpg\" \/><\/p>\n<div id=\"element-body-0\">\n<p>Seg\u00fan la Real Academia Espa\u00f1ola, la palabra <strong><em>adolescencia <\/em><\/strong>deriva del lat\u00edn &#8220;adolesco-adolescere&#8221;, que significa adolecer y se traduce en la pr\u00e1ctica como \u201ccrecer a pesar de todo, con dificutlades\u201d. En <strong><em>D\u00edas de estreno<\/em><\/strong> (Rosa Iceberg), <strong>Manuela Mart\u00ednez<\/strong> la explora desde distintos personajes y si bien las historias de sus <strong>cuentos <\/strong>son variadas, todos tienen <strong>un hilo conductor<\/strong>: la importancia de la amistad para vivir esta etapa \u00fanica de la existencia.<\/p>\n<\/div>\n<div id=\"element-body-2\">\n<p>\u201cEl foco siempre est\u00e1 en ese momento en el que las fantas\u00edas est\u00e1n a punto de romperse, o justo despu\u00e9s de que se rompan\u201d, dice Manuela Mart\u00ednez sobre su segundo libro, aunque aclara que ya est\u00e1 trabajando en el tercero.<\/p>\n<\/div>\n<div id=\"element-body-3\">\n<p><strong>\u2013\u00bfPor qu\u00e9 elegiste el paso de la ni\u00f1ez a la adolescencia para ambientar el libro?<\/strong><\/p>\n<\/div>\n<div id=\"element-body-4\">\n<p>\u2013Me interesan los pasajes en general, cuando se deja atr\u00e1s un momento y empieza otro. Ese galope en el pecho, ese v\u00e9rtigo que viene con las sensaciones nuevas. Y hay algo de esa magia, de ese asombro, que se va perdiendo a medida que crecemos. Me interes\u00f3 capturar esos momentos, en distintos \u00e1mbitos de la vida. En distintas edades tambi\u00e9n. En general, salvo el primer y el \u00faltimo cuento, las protagonistas son adolescentes o j\u00f3venes en su transici\u00f3n a la adultez. Pero el foco siempre est\u00e1 en ese momento en el que las fantas\u00edas est\u00e1n a punto de romperse, o justo despu\u00e9s de que se rompan.<\/p>\n<\/div>\n<div id=\"element-body-5\">\n<p><strong>\u2013Justo est\u00e1 en tema la adolescencia por la serie inglesa que lleva ese t\u00edtulo, \u00bfsent\u00eds que los adolescentes de hoy est\u00e1n m\u00e1s solos que antes?<\/strong><\/p>\n<\/div>\n<div id=\"element-body-6\">\n<p>\u2013No. Creo que los padres tenemos much\u00edsimas herramientas de control pero no tenemos idea de c\u00f3mo usarlas. Antes los chicos ten\u00edan mucha m\u00e1s independencia. Sal\u00edan y jugaban solos por la calle, y estaban m\u00e1s solos con sus emociones. No hab\u00eda un espacio contenido para que se expresen, se hac\u00eda silencio en la mesa, se aprend\u00eda a los golpes y si llorabas a la noche te dejaban hasta que te dorm\u00edas. Tambi\u00e9n estaban expuestos a m\u00e1s peligros, pero los padres quiz\u00e1s no eran tan conscientes de esos riesgos. Hoy hay peligros nuevos, tenemos la ilusi\u00f3n de que encerrados en su cuarto est\u00e1n m\u00e1s protegidos que en la calle, y eso no es necesariamente as\u00ed. Pienso que, as\u00ed como los llevamos de la mano cuando caminamos por la calle, hay que encontrar la forma de acompa\u00f1arlos tambi\u00e9n en el universo virtual. Y para eso deber\u00edamos conocerlo.<\/p>\n<\/div>\n<div id=\"element-body-7\">\n<p><strong>\u2013\u00bfC\u00f3mo est\u00e1 siendo y fue tomado el libro?<\/strong><\/p>\n<\/div>\n<div id=\"element-body-8\">\n<p>\u2013La verdad, s\u00faper bien. Est\u00e1 reci\u00e9n salido del horno, pero estoy muy contenta con las devoluciones que me fueron llegando.<\/p>\n<\/div>\n<div id=\"element-body-10\">\n<p><strong>\u2013\u00bfPor qu\u00e9 cre\u00e9s que la amistad es fundamental para afrontar esos cambios, los primeros desamores y la vida en general?<\/strong><\/p>\n<\/div>\n<div id=\"element-body-11\">\n<p>\u2013Las amigas son una compa\u00f1\u00eda fundamental. Son parte de la familia que vamos construyendo cuando crecemos, sobre todo a esas edades en las que empezamos a alejarnos del n\u00facleo del que venimos pero todav\u00eda no planeamos formar otra familia por nuestra cuenta. Y las amigas son tambi\u00e9n los espejos de lo que son \u2013o pueden ser\u2013 las otras mujeres. Yo siempre fui de mirar mucho a otras primero para ver qu\u00e9 hicieron, qu\u00e9 pensaron, qu\u00e9 sintieron ellas. En las amigas hay un modelo mucho m\u00e1s par que en la madre, y sin embargo no dejamos de encontrar sabidur\u00eda. A veces hasta nos conocen mejor que nosotras mismas. En ese sentido, las palabras de las amigas cumplen una funci\u00f3n central en el libro. Son una especie de or\u00e1culo. No porque siempre tengan raz\u00f3n, si no por el lugar desde el que se las escucha. Como si fuesen m\u00e1gicas.<\/p>\n<\/div>\n<div id=\"element-body-12\">\n<p><strong>\u2013\u00bfEn qu\u00e9 est\u00e1s trabajando ahora?<\/strong><\/p>\n<\/div>\n<div id=\"element-body-13\">\n<p>\u2013Ahora estoy escribiendo una novela sobre maternidad. Aunque en realidad no est\u00e1 tan centrada en la maternidad en s\u00ed, sino en el deseo de hacerlo, y en el miedo y las expectativas que vienen con \u00e9l.<\/p>\n<\/div>\n<div id=\"element-body-21\">\n<p><strong><em>D\u00edas de estreno<\/em>, de Manuela Mart\u00ednez (Rosa Iceberg).<\/strong><\/p>\n<\/div>\n<p><br \/>\n<br \/><a href=\"https:\/\/www.clarin.com\/cultura\/manuela-martinez-explora-paso-adolescencia-nuevo-libro-dias-estreno_0_QGJhDiXB12.html\">Fuente Clarin.com <\/a><\/p>\n","protected":false},"excerpt":{"rendered":"<p>Seg\u00fan la Real Academia Espa\u00f1ola, la palabra adolescencia deriva del lat\u00edn &#8220;adolesco-adolescere&#8221;, que significa adolecer y se traduce en la pr\u00e1ctica como \u201ccrecer a pesar de todo, con dificutlades\u201d. En D\u00edas de estreno (Rosa Iceberg), Manuela Mart\u00ednez la explora desde distintos personajes y si bien las historias de sus cuentos son variadas, todos tienen un [&hellip;]<\/p>\n","protected":false},"author":1,"featured_media":19588,"comment_status":"open","ping_status":"open","sticky":false,"template":"","format":"standard","meta":{"footnotes":""},"categories":[2],"tags":[5998,500,2481,8817,2003,15851,1288,14,158],"class_list":["post-19587","post","type-post","status-publish","format-standard","has-post-thumbnail","hentry","category-ultimas-noticias","tag-adolescencia","tag-dias","tag-estreno","tag-explora","tag-libro","tag-manuela","tag-martinez","tag-nuevo","tag-paso"],"_links":{"self":[{"href":"https:\/\/13.com.ar\/index.php\/wp-json\/wp\/v2\/posts\/19587","targetHints":{"allow":["GET"]}}],"collection":[{"href":"https:\/\/13.com.ar\/index.php\/wp-json\/wp\/v2\/posts"}],"about":[{"href":"https:\/\/13.com.ar\/index.php\/wp-json\/wp\/v2\/types\/post"}],"author":[{"embeddable":true,"href":"https:\/\/13.com.ar\/index.php\/wp-json\/wp\/v2\/users\/1"}],"replies":[{"embeddable":true,"href":"https:\/\/13.com.ar\/index.php\/wp-json\/wp\/v2\/comments?post=19587"}],"version-history":[{"count":0,"href":"https:\/\/13.com.ar\/index.php\/wp-json\/wp\/v2\/posts\/19587\/revisions"}],"wp:featuredmedia":[{"embeddable":true,"href":"https:\/\/13.com.ar\/index.php\/wp-json\/wp\/v2\/media\/19588"}],"wp:attachment":[{"href":"https:\/\/13.com.ar\/index.php\/wp-json\/wp\/v2\/media?parent=19587"}],"wp:term":[{"taxonomy":"category","embeddable":true,"href":"https:\/\/13.com.ar\/index.php\/wp-json\/wp\/v2\/categories?post=19587"},{"taxonomy":"post_tag","embeddable":true,"href":"https:\/\/13.com.ar\/index.php\/wp-json\/wp\/v2\/tags?post=19587"}],"curies":[{"name":"wp","href":"https:\/\/api.w.org\/{rel}","templated":true}]}}