{"id":19585,"date":"2025-04-24T10:30:36","date_gmt":"2025-04-24T13:30:36","guid":{"rendered":"https:\/\/13.com.ar\/index.php\/carlos-alcaraz-se-bajo-del-masters-1000-de-madrid-por-lesion-y-enciende-las-alarmas-en-paris-podra-defender-su-corona-en-roland-garros\/"},"modified":"2025-04-24T10:30:36","modified_gmt":"2025-04-24T13:30:36","slug":"carlos-alcaraz-se-bajo-del-masters-1000-de-madrid-por-lesion-y-enciende-las-alarmas-en-paris-podra-defender-su-corona-en-roland-garros","status":"publish","type":"post","link":"https:\/\/13.com.ar\/index.php\/carlos-alcaraz-se-bajo-del-masters-1000-de-madrid-por-lesion-y-enciende-las-alarmas-en-paris-podra-defender-su-corona-en-roland-garros\/","title":{"rendered":"Carlos Alcaraz se baj\u00f3 del Masters 1000 de Madrid por lesi\u00f3n y enciende las alarmas en Par\u00eds, \u00bfpodr\u00e1 defender su corona en Roland Garros?"},"content":{"rendered":"<p> <br \/>\n<br \/><img decoding=\"async\" src=\"https:\/\/13.com.ar\/wp-content\/uploads\/2025\/04\/Carlos-Alcaraz-se-bajo-del-Masters-1000-de-Madrid-por.jpg\" \/><\/p>\n<div id=\"element-body-0\">\n<p>El espa\u00f1ol<strong> Carlos Alcaraz<\/strong> anunci\u00f3 este jueves que no disputar\u00e1 el <strong>Masters 1.000 de Madrid<\/strong>, a causa de los problemas en el aductor que padece desde la final que perdi\u00f3 el pasado domingo en Barcelona ante el dan\u00e9s <strong>Holger Rune<\/strong>. El murciano, ganador dos veces en la Caja M\u00e1gica, no saltar\u00e1 a la pista el s\u00e1bado, como estaba previsto, para iniciar su participaci\u00f3n en el evento.<\/p>\n<\/div>\n<div id=\"element-body-1\">\n<p>&#8220;<strong>Hemos tomado la decisi\u00f3n de no tomar riesgos de cara al futuro porque si jugaba iba a estar jodido m\u00e1s tiempo de la cuenta<\/strong>&#8220;, confirm\u00f3 en conferencia de prensa el n\u00famero tres del mundo.<\/p>\n<\/div>\n<div id=\"element-body-2\">\n<p>El espa\u00f1ol, que no se hab\u00eda entrenado ning\u00fan d\u00eda desde que aterriz\u00f3 el lunes en Madrid por molestias en el psoas, se someti\u00f3 a pruebas f\u00edsicas el martes, pero su silencio el mi\u00e9rcoles empez\u00f3 a generar dudas sobre su presencia.<\/p>\n<\/div>\n<div id=\"element-body-3\">\n<p>Finalmente, prefiri\u00f3 renunciar a competir en esta edici\u00f3n del torneo madrile\u00f1o tras la experiencia del a\u00f1o pasado cuando lleg\u00f3 con problemas f\u00edsicos. Al final, cay\u00f3 eliminado en cuartos ante el ruso <strong>Andrey Rublev<\/strong>, lastrado por una lesi\u00f3n en el antebrazo derecho. <\/p>\n<\/div>\n<div id=\"element-body-4\">\n<p>&#8220;Como todos sospechaban por no poder entrenar estos d\u00edas, en la final de Barcelona se vio que entr\u00f3 el fisio y not\u00e9 otra cosa en el isquio de la pierna izquierda. Estuve esperando a ver tras las pruebas a ver si pod\u00eda jugar sin riesgo. Hice todo lo posible. No mejor\u00f3 la cosa y hay que escuchar el cuerpo&#8221;, se\u00f1al\u00f3. &#8220;Aunque Madrid sea un sitio que espero todo el a\u00f1o para jugar, ilusionante, las cosas no salieron como quer\u00eda y hemos tomado la decisi\u00f3n de no tomar riesgos para el futuro. <strong>Si jugaba iba a empeorar seguramente<\/strong>. Ha sido una decisi\u00f3n dif\u00edcil, pero creo que es la correcta. Intentar\u00e9 descansar para estar pronto de vuelta&#8221;.<\/p>\n<\/div>\n<div id=\"element-body-6\">\n<p>De esta manera, el tenista murciano deja abierta su participaci\u00f3n en el Masters 1.000 de Roma, que se disputar\u00e1 justo despu\u00e9s de Madrid, antes del segundo Grand Slam del a\u00f1o,<strong> Roland Garros<\/strong>, donde el a\u00f1o pasado se consagr\u00f3 campe\u00f3n y en esta edici\u00f3n buscar\u00e1 revalidar su corona.<\/p>\n<\/div>\n<div id=\"element-body-7\">\n<p>&#8220;<strong>Creo que voy a estar seguro en Roland Garros y voy a intentar hacer todo lo posible para estar en Roma<\/strong>&#8220;, se\u00f1al\u00f3 desde la Caja M\u00e1gica de la capital espa\u00f1ola. &#8220;Ese es el objetivo. Aqu\u00ed en Madrid hab\u00eda muchas cosas que hacer. Algunos me hacen mucha ilusi\u00f3n. D\u00edas bonitos como el de la presentaci\u00f3n de mi documental, aunque igual tanto ajetreo en estos d\u00edas no han ayudado tanto para la lesi\u00f3n&#8221;, admiti\u00f3.<\/p>\n<\/div>\n<div id=\"element-body-8\">\n<p>Desde que viaj\u00f3 el lunes a Madrid, Alcaraz se limi\u00f3 a cumplir con sus compromisos con una agenda plagada de actos. El lunes asisti\u00f3 a la entrega de premios Laureus; el martes, present\u00f3 su documental en una plataforma de pel\u00edculas; y el mi\u00e9rcoles, acudi\u00f3 a un acto promocional de una empresa de la que el tenista es embajador y apareci\u00f3 en un conocido programa de televisi\u00f3n.<\/p>\n<\/div>\n<div id=\"element-body-9\">\n<p>Entre tanta aparici\u00f3n p\u00fablica, ninguna fue dentro de la cancha, pero el espa\u00f1ol no tiene dudas de que tendr\u00e1 una pronta recuperaci\u00f3n. &#8220;<strong>S\u00e9 que voy a volver m\u00e1s fuerte y estoy menos preocupado. Pero ojal\u00e1 se me de como el a\u00f1o pasado. Me voy a recuperar lo antes posible<\/strong>&#8220;, asegur\u00f3.<\/p>\n<\/div>\n<div id=\"element-body-10\">\n<p><em>Con informaci\u00f3n de Agencias.<\/em><\/p>\n<\/div>\n<p><br \/>\n<br \/><a href=\"https:\/\/www.clarin.com\/deportes\/carlos-alcaraz-masters-1000-madrid-lesion-enciende-alarmas-paris-podra-defender-corona-roland-garros_0_Z4Atr7iQn4.html\">Fuente Clarin.com <\/a><\/p>\n","protected":false},"excerpt":{"rendered":"<p>El espa\u00f1ol Carlos Alcaraz anunci\u00f3 este jueves que no disputar\u00e1 el Masters 1.000 de Madrid, a causa de los problemas en el aductor que padece desde la final que perdi\u00f3 el pasado domingo en Barcelona ante el dan\u00e9s Holger Rune. El murciano, ganador dos veces en la Caja M\u00e1gica, no saltar\u00e1 a la pista el [&hellip;]<\/p>\n","protected":false},"author":1,"featured_media":19586,"comment_status":"open","ping_status":"open","sticky":false,"template":"","format":"standard","meta":{"footnotes":""},"categories":[2],"tags":[5833,8897,1063,3559,13209,2103,100,5832,14710,48,2959,102,11450,1938,2766,142,14709],"class_list":["post-19585","post","type-post","status-publish","format-standard","has-post-thumbnail","hentry","category-ultimas-noticias","tag-alarmas","tag-alcaraz","tag-bajo","tag-carlos","tag-corona","tag-defender","tag-del","tag-enciende","tag-garros","tag-las","tag-lesion","tag-madrid","tag-masters","tag-paris","tag-podra","tag-por","tag-roland"],"_links":{"self":[{"href":"https:\/\/13.com.ar\/index.php\/wp-json\/wp\/v2\/posts\/19585","targetHints":{"allow":["GET"]}}],"collection":[{"href":"https:\/\/13.com.ar\/index.php\/wp-json\/wp\/v2\/posts"}],"about":[{"href":"https:\/\/13.com.ar\/index.php\/wp-json\/wp\/v2\/types\/post"}],"author":[{"embeddable":true,"href":"https:\/\/13.com.ar\/index.php\/wp-json\/wp\/v2\/users\/1"}],"replies":[{"embeddable":true,"href":"https:\/\/13.com.ar\/index.php\/wp-json\/wp\/v2\/comments?post=19585"}],"version-history":[{"count":0,"href":"https:\/\/13.com.ar\/index.php\/wp-json\/wp\/v2\/posts\/19585\/revisions"}],"wp:featuredmedia":[{"embeddable":true,"href":"https:\/\/13.com.ar\/index.php\/wp-json\/wp\/v2\/media\/19586"}],"wp:attachment":[{"href":"https:\/\/13.com.ar\/index.php\/wp-json\/wp\/v2\/media?parent=19585"}],"wp:term":[{"taxonomy":"category","embeddable":true,"href":"https:\/\/13.com.ar\/index.php\/wp-json\/wp\/v2\/categories?post=19585"},{"taxonomy":"post_tag","embeddable":true,"href":"https:\/\/13.com.ar\/index.php\/wp-json\/wp\/v2\/tags?post=19585"}],"curies":[{"name":"wp","href":"https:\/\/api.w.org\/{rel}","templated":true}]}}