{"id":19576,"date":"2025-04-24T10:03:28","date_gmt":"2025-04-24T13:03:28","guid":{"rendered":"https:\/\/13.com.ar\/index.php\/como-evoluciona-la-salud-de-maria-becerra-tras-ser-operada-de-urgencia-todos-los-detalles\/"},"modified":"2025-04-24T10:03:28","modified_gmt":"2025-04-24T13:03:28","slug":"como-evoluciona-la-salud-de-maria-becerra-tras-ser-operada-de-urgencia-todos-los-detalles","status":"publish","type":"post","link":"https:\/\/13.com.ar\/index.php\/como-evoluciona-la-salud-de-maria-becerra-tras-ser-operada-de-urgencia-todos-los-detalles\/","title":{"rendered":"C\u00f3mo evoluciona la salud de Mar\u00eda Becerra, tras ser operada de urgencia: todos los detalles"},"content":{"rendered":"<p> <br \/>\n<br \/><img decoding=\"async\" src=\"https:\/\/13.com.ar\/wp-content\/uploads\/2025\/04\/Como-evoluciona-la-salud-de-Maria-Becerra-tras-ser-operada.jpg\" \/><\/p>\n<div id=\"element-body-0\">\n<p>El pasado mi\u00e9rcoles, <strong>Mar\u00eda Becerra<\/strong> fue internada de urgencia y debi\u00f3 ser sometida a una operaci\u00f3n debido a un fuerte dolor abdominal. Ahora, <strong>la artista evoluciona favorablemente y est\u00e1 fuera de peligro.<\/strong><\/p>\n<\/div>\n<div id=\"element-body-1\">\n<p>Seg\u00fan trascendi\u00f3 ayer por la noche, Mar\u00eda Becerra hab\u00eda sido ingresada el pasado martes a la Cl\u00ednica Zabala del barrio porte\u00f1o de Belgrano por <strong>un fuerte dolor abdominal. <\/strong><\/p>\n<\/div>\n<div id=\"element-body-2\">\n<p>De hecho, la <strong>artista de 25 a\u00f1os<\/strong>, que estuvo acompa\u00f1ada en todo momento por su pareja, el cantante J Rei, tuvo que<strong> suspender un show en Jujuy<\/strong> por su estado delicado de salud. <\/p>\n<\/div>\n<div id=\"element-body-3\">\n<p>&#8220;<strong>J Rei no sali\u00f3 de la habitaci\u00f3n,<\/strong> la tiene agarrada de su mano, firme al lado de ella&#8221;, indicaron. <\/p>\n<\/div>\n<div id=\"element-body-4\">\n<p>As\u00ed lo cont\u00f3 el periodista Gustavo M\u00e9ndez: &#8220;Mar\u00eda lleg\u00f3 con fuertes dolores en la panza a la cl\u00ednica de Belgrano, acompa\u00f1ada por su novio J Rei, fue recibida en el <em>shock room<\/em>, ah\u00ed la compensaron y <strong>fue derivada directamente al quir\u00f3fano<\/strong> por un diagn\u00f3stico de <strong>shock hipovol\u00e9mico&#8221;.<\/strong><\/p>\n<\/div>\n<div id=\"element-body-5\">\n<p>Respecto a c\u00f3mo evoluciona el estado de salud de la joven, el periodista revel\u00f3 que la <strong>cirug\u00eda &#8220;sali\u00f3 bien&#8221;. <\/strong><\/p>\n<\/div>\n<div id=\"element-body-6\">\n<p>Sobre c\u00f3mo fue la secuencia, el conductor de<em> Los del Abasto<\/em> (Love) relat\u00f3: &#8220;Fue internada, <strong>estuvo en terapia intensiva<\/strong>, fue intubada, operada y ahora est\u00e1 bien de salud, <strong>evolucionando favorablemente<\/strong>&#8220;.<\/p>\n<\/div>\n<div id=\"element-body-8\">\n<p>&#8220;Es una buena noticia, <strong>estaba esperando a que Mar\u00eda est\u00e9 bien para contarlo<\/strong>&#8220;, precis\u00f3. <\/p>\n<\/div>\n<div id=\"element-body-9\">\n<p>&#8220;<strong>Se encuentra hemodin\u00e1micamente estable<\/strong> y despierta&#8221;, agreg\u00f3 Gustavo en referencia a que Becerra ya tiene la presi\u00f3n arterial y una frecuencia card\u00edaca dentro de los l\u00edmites normales.<\/p>\n<\/div>\n<div id=\"element-body-10\">\n<p>Sobre c\u00f3mo continuar\u00e1n sus controles, indicaron que <strong>Becerra deber\u00e1 hacerse estudios <\/strong>de laboratorio y ecograf\u00edas por el sangrado que la llev\u00f3 a internarse. <\/p>\n<\/div>\n<p><br \/>\n<br \/><a href=\"https:\/\/www.clarin.com\/fama\/evoluciona-salud-maria-becerra-operada-urgencia-detalles_0_o6XRfWWxRg.html\">Fuente Clarin.com <\/a><\/p>\n","protected":false},"excerpt":{"rendered":"<p>El pasado mi\u00e9rcoles, Mar\u00eda Becerra fue internada de urgencia y debi\u00f3 ser sometida a una operaci\u00f3n debido a un fuerte dolor abdominal. Ahora, la artista evoluciona favorablemente y est\u00e1 fuera de peligro. Seg\u00fan trascendi\u00f3 ayer por la noche, Mar\u00eda Becerra hab\u00eda sido ingresada el pasado martes a la Cl\u00ednica Zabala del barrio porte\u00f1o de Belgrano [&hellip;]<\/p>\n","protected":false},"author":1,"featured_media":19577,"comment_status":"open","ping_status":"open","sticky":false,"template":"","format":"standard","meta":{"footnotes":""},"categories":[2],"tags":[2808,66,924,3276,28,2807,15797,243,1234,923,312,4013],"class_list":["post-19576","post","type-post","status-publish","format-standard","has-post-thumbnail","hentry","category-ultimas-noticias","tag-becerra","tag-como","tag-detalles","tag-evoluciona","tag-los","tag-maria","tag-operada","tag-salud","tag-ser","tag-todos","tag-tras","tag-urgencia"],"_links":{"self":[{"href":"https:\/\/13.com.ar\/index.php\/wp-json\/wp\/v2\/posts\/19576","targetHints":{"allow":["GET"]}}],"collection":[{"href":"https:\/\/13.com.ar\/index.php\/wp-json\/wp\/v2\/posts"}],"about":[{"href":"https:\/\/13.com.ar\/index.php\/wp-json\/wp\/v2\/types\/post"}],"author":[{"embeddable":true,"href":"https:\/\/13.com.ar\/index.php\/wp-json\/wp\/v2\/users\/1"}],"replies":[{"embeddable":true,"href":"https:\/\/13.com.ar\/index.php\/wp-json\/wp\/v2\/comments?post=19576"}],"version-history":[{"count":0,"href":"https:\/\/13.com.ar\/index.php\/wp-json\/wp\/v2\/posts\/19576\/revisions"}],"wp:featuredmedia":[{"embeddable":true,"href":"https:\/\/13.com.ar\/index.php\/wp-json\/wp\/v2\/media\/19577"}],"wp:attachment":[{"href":"https:\/\/13.com.ar\/index.php\/wp-json\/wp\/v2\/media?parent=19576"}],"wp:term":[{"taxonomy":"category","embeddable":true,"href":"https:\/\/13.com.ar\/index.php\/wp-json\/wp\/v2\/categories?post=19576"},{"taxonomy":"post_tag","embeddable":true,"href":"https:\/\/13.com.ar\/index.php\/wp-json\/wp\/v2\/tags?post=19576"}],"curies":[{"name":"wp","href":"https:\/\/api.w.org\/{rel}","templated":true}]}}