{"id":19565,"date":"2025-04-24T09:45:28","date_gmt":"2025-04-24T12:45:28","guid":{"rendered":"https:\/\/13.com.ar\/index.php\/cuanto-vas-a-pagar-desde-mayo-de-2025-segun-tu-tipo-de-contrato\/"},"modified":"2025-04-24T09:45:28","modified_gmt":"2025-04-24T12:45:28","slug":"cuanto-vas-a-pagar-desde-mayo-de-2025-segun-tu-tipo-de-contrato","status":"publish","type":"post","link":"https:\/\/13.com.ar\/index.php\/cuanto-vas-a-pagar-desde-mayo-de-2025-segun-tu-tipo-de-contrato\/","title":{"rendered":"cu\u00e1nto vas a pagar desde mayo de 2025 seg\u00fan tu tipo de contrato"},"content":{"rendered":"<p> <br \/>\n<\/p>\n<div id=\"cuerpo\">\n<div class=\"sc-80531b6b-0 chRIGJ container-text text-embed\" id=\"element-body-0\">\n<p>En Argentina, actualmente, casi todos los alquileres de vivienda prev\u00e9n <strong>actualizaciones peri\u00f3dicas<\/strong> en el monto mensual a abonar, pero la<strong> manera de realizarlos<\/strong> puede ser muy diferente seg\u00fan lo acordado en cada contrato y seg\u00fan cu\u00e1l era <strong>la regulaci\u00f3n vigente<\/strong> al momento de su firma, que deber\u00e1 respetarse hasta el final.<\/p>\n<\/div>\n<div class=\"sc-80531b6b-0 chRIGJ container-text text-embed\" id=\"element-body-1\">\n<p>As\u00ed, por ejemplo, los alquileres iniciados entre <strong>julio de 2020<\/strong> y el <strong>17 de octubre de 2023<\/strong> a\u00fan se rigen por la ley 27.551, que determinaba realizar un \u00fanico ajuste <strong>cada 12 meses<\/strong> usando el \u00cdndice para Contratos de Locaci\u00f3n (<strong>ICL<\/strong>) del Banco Central.<\/p>\n<\/div>\n<div class=\"sc-80531b6b-0 chRIGJ container-text text-embed\" id=\"element-body-2\">\n<p>Los alquileres comenzados entre el <strong>18 de octubre de 2023 <\/strong>y el <strong>29 de diciembre de 2023<\/strong>, en tanto, deben seguir respetando la ley 27.737, que defin\u00eda ajustes <strong>cada 6 meses<\/strong> por el Coeficiente <strong>Casa Propia<\/strong> (<strong>CCP<\/strong>).<\/p>\n<\/div>\n<div class=\"sc-80531b6b-0 chRIGJ container-text text-embed\" id=\"element-body-3\">\n<p>Por su parte, los contratos celebrados del <strong>30 de diciembre de 2023 en adelante<\/strong> se rigen por el &#8220;Mega DNU&#8221; 70\/23 de Javier Milei, que permiti\u00f3 acordar libremente entre las partes tanto la <strong>frecuencia <\/strong>como el <strong>\u00edndice<\/strong>.<\/p>\n<\/div>\n<div class=\"sc-80531b6b-0 chRIGJ container-text text-embed\" id=\"element-body-4\">\n<p>A partir de 2024, entonces, lo m\u00e1s com\u00fan pas\u00f3 a ser el uso del \u00cdndice de Precios al Consumidor (<strong>IPC<\/strong>) del INDEC cada <strong>3 o 4 meses<\/strong>, aunque las partes tambi\u00e9n podr\u00edan pactar actualizaciones por ICL, CCP y otras f\u00f3rmulas.<\/p>\n<\/div>\n<div class=\"sc-80531b6b-0 chRIGJ container-text text-embed\" id=\"element-body-5\">\n<p>En cualquier caso, si el <strong>pr\u00f3ximo ajuste se aproxima<\/strong>, tanto el inquilino como el due\u00f1o de la vivienda pueden emplear una <strong>calculadora online<\/strong> creada por <strong>Clar\u00edn<\/strong> para conocer f\u00e1cilmente <strong>el nuevo monto<\/strong>, o bien una <strong>estimaci\u00f3n<\/strong> si las estad\u00edsticas necesarias a\u00fan no estuvieran totalmente disponibles.<\/p>\n<\/div>\n<div class=\"sc-98b114a2-0 bkqiHH image-embed  image-embed \" id=\"element-body-6\"><picture class=\"sc-98b114a2-1 jRUlDm\"><source media=\"(min-width: 975px)\" width=\"720\" height=\"480\" \/><img alt=\"Cu\u00e1nto aumenta el alquiler, un tema siempre delicado. Foto: Andr\u00e9s D'El\u00eda.\" loading=\"lazy\" width=\"720\" height=\"480\" decoding=\"async\" data-nimg=\"1\" style=\"color:transparent\" src=\"https:\/\/13.com.ar\/wp-content\/uploads\/2025\/03\/cuanto-vas-a-pagar-desde-abril-de-2025-segun-tu.jpg\"\/><span class=\"epigraphe\">Cu\u00e1nto aumenta el alquiler, un tema siempre delicado. Foto: Andr\u00e9s D&#8217;El\u00eda.<\/span><span class=\"picture-open\"><button class=\"open-image\" aria-label=\"Open Image\"\/><\/span><\/picture><\/div>\n<p><h2>Calculadora de alquiler: conoc\u00e9 el valor de tu pr\u00f3ximo ajuste por IPC, ICL o Casa Propia<\/h2>\n<\/p>\n<div class=\"sc-80531b6b-0 chRIGJ container-text text-embed\" id=\"element-body-8\">\n<p>Con s\u00f3lo ingresar la fecha de inicio del contrato, el valor del primer mes, el \u00edndice a aplicar y la frecuencia de los ajustes, el usuario ya puede tocar el <strong>bot\u00f3n &#8220;calcular&#8221;<\/strong> y obtener al instante el valor de su alquiler para el <strong>pr\u00f3ximo per\u00edodo<\/strong>.<\/p>\n<\/div>\n<p><iframe loading=\"lazy\" width=\"500\" height=\"820\" src=\"&#10;https:\/\/calculadora-alquileres.agea.com.ar\/\"><\/iframe><\/p>\n<p><h2>\u00bfCu\u00e1nto aumentar\u00e1n en mayo de 2025 los alquileres con un solo ajuste anual por ICL?<\/h2>\n<\/p>\n<div class=\"sc-80531b6b-0 chRIGJ container-text text-embed\" id=\"element-body-11\">\n<p>La diferencia m\u00e1s contundente se dar\u00e1 en los contratos regidos por la ya derogada <strong>Ley de Alquileres de 2020<\/strong>.<strong> <\/strong>Si el nuevo ajuste anual por ICL cae en <strong>mayo <\/strong>de 2025, el inquilino tendr\u00e1 que pagar <strong>casi el doble<\/strong> que lo desembolsado en abril.<\/p>\n<\/div>\n<div class=\"sc-80531b6b-0 chRIGJ container-text text-embed\" id=\"element-body-12\">\n<p>De un mes al otro -luego de <strong>12 meses sin cambios<\/strong>&#8211; el aumento a aplicar en su alquiler ser\u00e1 del <strong>95,24%<\/strong>, cifra que en teor\u00eda refleja &#8220;por partes iguales&#8221; la evoluci\u00f3n de la <strong>inflaci\u00f3n <\/strong>y de los <strong>salarios <\/strong>en el per\u00edodo.<\/p>\n<\/div>\n<div class=\"sc-80531b6b-0 chRIGJ container-text text-embed\" id=\"element-body-13\">\n<p>As\u00ed, por ejemplo, si desde mayo de 2024 una familia viene pagando <strong>$300.000<\/strong> al mes por su vivienda, el nuevo monto mensual ser\u00e1 ahora de <strong>$585.714<\/strong> para el per\u00edodo anual que va desde mayo de 2025 hasta abril de 2026 inclusive.<\/p>\n<\/div>\n<div class=\"sc-80531b6b-0 chRIGJ container-text text-embed\" id=\"element-body-14\">\n<p>Esto se debe a que el ICL salt\u00f3 de 12,39 a 24,19 a lo largo del \u00faltimo a\u00f1o, seg\u00fan el BCRA. De igual forma, si alguien est\u00e1 pagando <strong>$250.000<\/strong> su alquiler pasar\u00e1 desde mayo a <strong>$488.095<\/strong>; y uno de <strong>$400.000<\/strong> se ir\u00e1 a <strong>$780.952<\/strong> fijos para \u200blos pr\u00f3ximos 12 meses.<\/p>\n<\/div>\n<p><h2>\u00bfCu\u00e1nto aumentan en mayo de 2025 los alquileres con ajuste trimestral por IPC?<\/h2>\n<\/p>\n<div class=\"sc-80531b6b-0 chRIGJ container-text text-embed\" id=\"element-body-16\">\n<p>El 1\u00b0 de mayo de 2025 tendr\u00e1n su <strong>actualizaci\u00f3n trimestral por IPC<\/strong> muchos contratos que <strong>comenzaron el 1\u00b0 de febrero<\/strong> de 2025 o que tuvieron en esa fecha su <strong>\u00faltimo ajuste<\/strong>.<\/p>\n<\/div>\n<div class=\"sc-80531b6b-0 chRIGJ container-text text-embed\" id=\"element-body-17\">\n<p>El problema aqu\u00ed es que todav\u00eda no est\u00e1 disponible toda la informaci\u00f3n para calcular el nuevo aumento. Ya se conoce el \u00edndice inflaci\u00f3n del primer mes (febrero, que dio 2,4%) y tambi\u00e9n el del segundo mes (marzo, que fue de 3,7%), pero <strong>el dato del tercer mes<\/strong> (abril) a\u00fan es una inc\u00f3gnita: ser\u00e1 publicado reci\u00e9n <strong>el 14 de mayo<\/strong>.<\/p>\n<\/div>\n<div class=\"sc-80531b6b-0 chRIGJ container-text text-embed\" id=\"element-body-18\">\n<p>Por el momento, entonces, la calculadora <strong>estima una suba acumulada del 10,2%<\/strong> que debe tomarse como un resultado <strong>meramente orientativo<\/strong>, ya que se obtiene proyectando la informaci\u00f3n faltante a partir del \u00faltimo dato mensual publicado.<\/p>\n<\/div>\n<div class=\"sc-80531b6b-0 chRIGJ container-text text-embed\" id=\"element-body-19\">\n<p>Ante esta dificultad que surge en cada actualizaci\u00f3n, hay quienes acuerdan <strong>postergar el vencimiento<\/strong> hasta mediados del mes. Otra opci\u00f3n es que el pago se realice sin ajuste en el plazo normal, pero que luego el inquilino <strong>abone la diferencia<\/strong> apenas sea posible calcular su magnitud exacta.<\/p>\n<\/div>\n<div class=\"sc-98b114a2-0 bkqiHH image-embed  image-embed \" id=\"element-body-20\"><picture class=\"sc-98b114a2-1 jRUlDm\"><source media=\"(min-width: 975px)\" width=\"720\" height=\"480\" \/><img alt=\"Los nuevos alquileres, mayormente, se ajustan por IPC. Foto: Andr\u00e9s D'El\u00eda.\" loading=\"lazy\" width=\"720\" height=\"480\" decoding=\"async\" data-nimg=\"1\" style=\"color:transparent\" src=\"https:\/\/13.com.ar\/wp-content\/uploads\/2025\/02\/1740400965_726_cuanto-vas-a-pagar-desde-marzo-de-2025-segun-tu.jpg\"\/><span class=\"epigraphe\">Los nuevos alquileres, mayormente, se ajustan por IPC. Foto: Andr\u00e9s D&#8217;El\u00eda.<\/span><span class=\"picture-open\"><button class=\"open-image\" aria-label=\"Open Image\"\/><\/span><\/picture><\/div>\n<div class=\"sc-80531b6b-0 chRIGJ container-text text-embed\" id=\"element-body-21\">\n<p>Hay contratos, finalmente, en los que las partes acuerdan otra soluci\u00f3n: calcular el ajuste al final de cada per\u00edodo tomando la informaci\u00f3n de inflaci\u00f3n de los <strong>\u00faltimos tres meses publicados<\/strong> por el INDEC.<\/p>\n<\/div>\n<div class=\"sc-80531b6b-0 chRIGJ container-text text-embed\" id=\"element-body-22\">\n<p>En esos casos, como ya se sabe que la inflaci\u00f3n fue del 2,2% en enero, del 2,4% en febrero y del 3,7% en marzo, la suba acumulada a aplicar ser\u00e1 del <strong>8,57%<\/strong>, llevando por ejemplo un alquiler que ven\u00eda en <strong>$700.000<\/strong> desde febrero a <strong>$759.984<\/strong> para <strong>mayo, junio y julio<\/strong>.<\/p>\n<\/div>\n<p><h2>Si hay que mudarse o renovar contrato, \u00bfa cu\u00e1nto est\u00e1n los precios en el mercado?<\/h2>\n<\/p>\n<div class=\"sc-80531b6b-0 chRIGJ container-text text-embed\" id=\"element-body-24\">\n<p>Seg\u00fan el \u00faltimo informe del portal especializado Zonaprop, en la Ciudad de Buenos Aires el valor publicado promedio de alquiler de un <strong>monoambiente <\/strong>(40 m2) subi\u00f3 a <strong>$509.943<\/strong> por mes para el primer per\u00edodo del contrato.<\/p>\n<\/div>\n<div class=\"sc-80531b6b-0 chRIGJ container-text text-embed\" id=\"element-body-25\">\n<p>Asimismo, un departamento de <strong>dos ambientes<\/strong> (50 m2) pas\u00f3 a costar unos <strong>$604.905<\/strong> por mes y una unidad de <strong>tres ambientes<\/strong> (70 m2) se ubic\u00f3 en <strong>$813.274<\/strong> por mes.<\/p>\n<\/div>\n<div class=\"sc-80531b6b-0 chRIGJ container-text text-embed\" id=\"element-body-26\">\n<p>Esos precios promedio, relevados durante <strong>marzo<\/strong>, marcan que los alquileres en Capital tuvieron una suba del <strong>3,1%<\/strong> en el \u00faltimo mes y que acumularon un avance del <strong>43,2%<\/strong> en 12 meses.<\/p>\n<\/div>\n<\/div>\n<p><br \/>\n<br \/><a href=\"https:\/\/www.clarin.com\/servicios\/aumento-alquiler-vas-pagar-mayo-2025-tipo-contrato_0_Djv6cTnWnx.html\">Fuente Clarin.com <\/a><\/p>\n","protected":false},"excerpt":{"rendered":"<p>En Argentina, actualmente, casi todos los alquileres de vivienda prev\u00e9n actualizaciones peri\u00f3dicas en el monto mensual a abonar, pero la manera de realizarlos puede ser muy diferente seg\u00fan lo acordado en cada contrato y seg\u00fan cu\u00e1l era la regulaci\u00f3n vigente al momento de su firma, que deber\u00e1 respetarse hasta el final. As\u00ed, por ejemplo, los [&hellip;]<\/p>\n","protected":false},"author":1,"featured_media":14832,"comment_status":"open","ping_status":"open","sticky":false,"template":"","format":"standard","meta":{"footnotes":""},"categories":[2],"tags":[2336,448,2184,9811,3597,227,1580,6651],"class_list":["post-19565","post","type-post","status-publish","format-standard","has-post-thumbnail","hentry","category-ultimas-noticias","tag-contrato","tag-cuanto","tag-desde","tag-mayo","tag-pagar","tag-segun","tag-tipo","tag-vas"],"_links":{"self":[{"href":"https:\/\/13.com.ar\/index.php\/wp-json\/wp\/v2\/posts\/19565","targetHints":{"allow":["GET"]}}],"collection":[{"href":"https:\/\/13.com.ar\/index.php\/wp-json\/wp\/v2\/posts"}],"about":[{"href":"https:\/\/13.com.ar\/index.php\/wp-json\/wp\/v2\/types\/post"}],"author":[{"embeddable":true,"href":"https:\/\/13.com.ar\/index.php\/wp-json\/wp\/v2\/users\/1"}],"replies":[{"embeddable":true,"href":"https:\/\/13.com.ar\/index.php\/wp-json\/wp\/v2\/comments?post=19565"}],"version-history":[{"count":0,"href":"https:\/\/13.com.ar\/index.php\/wp-json\/wp\/v2\/posts\/19565\/revisions"}],"wp:featuredmedia":[{"embeddable":true,"href":"https:\/\/13.com.ar\/index.php\/wp-json\/wp\/v2\/media\/14832"}],"wp:attachment":[{"href":"https:\/\/13.com.ar\/index.php\/wp-json\/wp\/v2\/media?parent=19565"}],"wp:term":[{"taxonomy":"category","embeddable":true,"href":"https:\/\/13.com.ar\/index.php\/wp-json\/wp\/v2\/categories?post=19565"},{"taxonomy":"post_tag","embeddable":true,"href":"https:\/\/13.com.ar\/index.php\/wp-json\/wp\/v2\/tags?post=19565"}],"curies":[{"name":"wp","href":"https:\/\/api.w.org\/{rel}","templated":true}]}}