{"id":19562,"date":"2025-04-24T09:39:46","date_gmt":"2025-04-24T12:39:46","guid":{"rendered":"https:\/\/13.com.ar\/index.php\/que-es-el-cuadro-por-el-que-operaron-a-maria-becerra\/"},"modified":"2025-04-24T09:39:46","modified_gmt":"2025-04-24T12:39:46","slug":"que-es-el-cuadro-por-el-que-operaron-a-maria-becerra","status":"publish","type":"post","link":"https:\/\/13.com.ar\/index.php\/que-es-el-cuadro-por-el-que-operaron-a-maria-becerra\/","title":{"rendered":"qu\u00e9 es el cuadro por el que operaron a Mar\u00eda Becerra"},"content":{"rendered":"<p> <br \/>\n<br \/><img decoding=\"async\" src=\"https:\/\/13.com.ar\/wp-content\/uploads\/2025\/04\/Preocupacion-por-la-salud-de-Maria-Becerra-fue-operada-de.jpg\" \/><\/p>\n<div id=\"element-body-0\">\n<p>La cantante Mar\u00eda Becerra est\u00e1 internada en la Cl\u00ednica Zabala de Belgrano, donde fue operada este mi\u00e9rcoles por un diagn\u00f3stico de abdomen agudo con shock hipovol\u00e9mico.<\/p>\n<\/div>\n<div id=\"element-body-1\">\n<p>Seg\u00fan la informaci\u00f3n difundida en los medios, la cantante de 25 a\u00f1os, est\u00e1 en recuperaci\u00f3n en el \u00e1rea de terapia intensiva de ese centro m\u00e9dico.<\/p>\n<\/div>\n<div id=\"element-body-2\">\n<p>El abdomen agudo es el t\u00e9rmino m\u00e9dico para referirse justamente al dolor agudo y repentino en el abdomen, que muchas veces es se\u00f1al de un cuadro m\u00e1s grave y que puede requerir cirug\u00eda urgente, como ocurri\u00f3 en el caso de Becerra, que apenas ingres\u00f3 a la cl\u00ednica fue trasladada al quir\u00f3fano para una intervenci\u00f3n.<\/p>\n<\/div>\n<div id=\"element-body-3\">\n<p>Esa emergencia estaba asociada al shock hipovol\u00e9mico, lo que com\u00fanmente se conoce como hemorragia, y que requiere una urgente acci\u00f3n.<\/p>\n<\/div>\n<div id=\"element-body-4\">\n<p>Desde la cl\u00ednica ni desde el entorno de Becerra se emiti\u00f3 a\u00fan ning\u00fan parte m\u00e9dico que d\u00e9 precisiones sobre la causa del cuadro. El a\u00f1o pasado, la joven cantante tuvo que ser intervenida por un embarazo ect\u00f3pico: entonces, ella misma lo cont\u00f3 en sus redes sociales junto a su pareja.<\/p>\n<\/div>\n<p><br \/>\n<br \/><a href=\"https:\/\/www.clarin.com\/sociedad\/abdomen-agudo-shock-hipovolemico-cuadro-operaron-maria-becerra_0_UlPauOzDYy.html\">Fuente Clarin.com <\/a><\/p>\n","protected":false},"excerpt":{"rendered":"<p>La cantante Mar\u00eda Becerra est\u00e1 internada en la Cl\u00ednica Zabala de Belgrano, donde fue operada este mi\u00e9rcoles por un diagn\u00f3stico de abdomen agudo con shock hipovol\u00e9mico. Seg\u00fan la informaci\u00f3n difundida en los medios, la cantante de 25 a\u00f1os, est\u00e1 en recuperaci\u00f3n en el \u00e1rea de terapia intensiva de ese centro m\u00e9dico. El abdomen agudo es [&hellip;]<\/p>\n","protected":false},"author":1,"featured_media":19465,"comment_status":"open","ping_status":"open","sticky":false,"template":"","format":"standard","meta":{"footnotes":""},"categories":[2],"tags":[2808,5686,2807,9772,142,286],"class_list":["post-19562","post","type-post","status-publish","format-standard","has-post-thumbnail","hentry","category-ultimas-noticias","tag-becerra","tag-cuadro","tag-maria","tag-operaron","tag-por","tag-que"],"_links":{"self":[{"href":"https:\/\/13.com.ar\/index.php\/wp-json\/wp\/v2\/posts\/19562","targetHints":{"allow":["GET"]}}],"collection":[{"href":"https:\/\/13.com.ar\/index.php\/wp-json\/wp\/v2\/posts"}],"about":[{"href":"https:\/\/13.com.ar\/index.php\/wp-json\/wp\/v2\/types\/post"}],"author":[{"embeddable":true,"href":"https:\/\/13.com.ar\/index.php\/wp-json\/wp\/v2\/users\/1"}],"replies":[{"embeddable":true,"href":"https:\/\/13.com.ar\/index.php\/wp-json\/wp\/v2\/comments?post=19562"}],"version-history":[{"count":0,"href":"https:\/\/13.com.ar\/index.php\/wp-json\/wp\/v2\/posts\/19562\/revisions"}],"wp:featuredmedia":[{"embeddable":true,"href":"https:\/\/13.com.ar\/index.php\/wp-json\/wp\/v2\/media\/19465"}],"wp:attachment":[{"href":"https:\/\/13.com.ar\/index.php\/wp-json\/wp\/v2\/media?parent=19562"}],"wp:term":[{"taxonomy":"category","embeddable":true,"href":"https:\/\/13.com.ar\/index.php\/wp-json\/wp\/v2\/categories?post=19562"},{"taxonomy":"post_tag","embeddable":true,"href":"https:\/\/13.com.ar\/index.php\/wp-json\/wp\/v2\/tags?post=19562"}],"curies":[{"name":"wp","href":"https:\/\/api.w.org\/{rel}","templated":true}]}}