{"id":19557,"date":"2025-04-24T09:30:41","date_gmt":"2025-04-24T12:30:41","guid":{"rendered":"https:\/\/13.com.ar\/index.php\/de-cuanto-es-la-multa-por-no-votar-en-las-elecciones-2025-en-salta\/"},"modified":"2025-04-24T09:30:41","modified_gmt":"2025-04-24T12:30:41","slug":"de-cuanto-es-la-multa-por-no-votar-en-las-elecciones-2025-en-salta","status":"publish","type":"post","link":"https:\/\/13.com.ar\/index.php\/de-cuanto-es-la-multa-por-no-votar-en-las-elecciones-2025-en-salta\/","title":{"rendered":"de cu\u00e1nto es la multa por no votar en las Elecciones 2025 en Salta"},"content":{"rendered":"<p> <br \/>\n<br \/><img decoding=\"async\" src=\"https:\/\/13.com.ar\/wp-content\/uploads\/2025\/04\/de-cuanto-es-la-multa-por-no-votar-en-las.jpg\" \/><\/p>\n<div id=\"element-body-0\">\n<p>La provincia de <strong>Salta<\/strong> comienza su ciclo de <strong>elecciones<\/strong> el pr\u00f3ximo <strong>domingo 11 de mayo<\/strong>. Se llevar\u00e1n a cabo las <strong>elecciones provinciales y municipales<\/strong>, donde se renovar\u00e1n cargos legislativos y ejecutivos locales. A excepci\u00f3n de los departamentos de La Candelaria, Santa Victoria y La Vi\u00f1a, ya que sus autoridades fueron elegidas en 2023 y a\u00fan contin\u00faan en funciones.<\/p>\n<\/div>\n<div id=\"element-body-1\">\n<p>A diferencia de las elecciones en Santa Fe, <strong>Salta<\/strong> <strong>no contar\u00e1 con la instancia de Primarias Abiertas Simult\u00e1neas y Obligatorias <\/strong>(PASO). Originalmente, estas votaciones se iban a realizar el 4 de mayo, pero se cambi\u00f3 mediante el Decreto provincial N\u00b029, firmado por el gobernador Gustavo S\u00e1enz.<\/p>\n<\/div>\n<div id=\"element-body-3\">\n<p>Estas votaciones son de<strong> car\u00e1cter obligatorio<\/strong>, por lo que puede haber multas para aquellas personas que no se presenten a ejercer su derecho al sufragio.<\/p>\n<\/div>\n<div id=\"element-body-5\">\n<p>Seg\u00fan indica la<strong> Ley N\u00b04990<\/strong>, todo elector tiene el deber de votar en cuantas elecciones provinciales, municipales o de comisi\u00f3n de Fomento se realicen en su distrito electoral.<\/p>\n<\/div>\n<div id=\"element-body-6\">\n<p>Todos los ciudadanos argentinos con domicilio en la provincia de Salta<strong> mayores de 18 a\u00f1os<\/strong> deber\u00e1n votar en estas elecciones. Para los j\u00f3venes entre 16 y 17 a\u00f1os es optativo, como tambi\u00e9n para los mayores de 70.<\/p>\n<\/div>\n<div id=\"element-body-7\">\n<p>En estas elecciones tambi\u00e9n podr\u00e1n participar los <strong>ciudadanos extranjeros<\/strong> que residan en Salta y est\u00e9n inscriptos en el <strong>Registro C\u00edvico Municipal<\/strong>, seg\u00fan lo establece la normativa vigente.<\/p>\n<\/div>\n<div id=\"element-body-8\">\n<p>Quienes no concurran a votar y no tengan una justificaci\u00f3n v\u00e1lida por la C\u00e1mara Nacional Electoral (CNE) ser\u00e1n sancionados. Se podr\u00eda pagar una <strong>multa econ\u00f3mica <\/strong>como enfrentarse a sanciones m\u00e1s severas si esto no se lleva a cabo.<\/p>\n<\/div>\n<div id=\"element-body-10\">\n<p>La persona que no vote en estas Elecciones 2025 ser\u00e1 registrada como infractora y no podr\u00e1 realizar ciertos tr\u00e1mites o ejercer derechos civiles. Adem\u00e1s, <strong>si no justifica su ausencia dentro de los 60 d\u00edas<\/strong> posteriores, se le impondr\u00e1 una multa que puede variar entre<strong> $50 y $500<\/strong>, dependiendo de la cantidad de infracciones previas acumuladas, que se pueden visualizar en la p\u00e1gina web de Registro de Infractores.<\/p>\n<\/div>\n<div id=\"element-body-12\">\n<p>Asimismo, podr\u00eda ser <strong>inhabilitada para ocupar cargos p\u00fablicos<\/strong> por un per\u00edodo de hasta tres a\u00f1os y no podr\u00e1 realizar tr\u00e1mites ante organismos estatales durante un a\u00f1o.<\/p>\n<\/div>\n<div id=\"element-body-13\">\n<p>Esta situaci\u00f3n ser\u00e1 juzgada por el<strong> Tribunal Electoral de la Provincia<\/strong>, en este caso el de Salta.<\/p>\n<\/div>\n<div id=\"element-body-15\">\n<p>Seg\u00fan la C\u00e1mara Nacional Electoral los ciudadanos y las ciudadanas que no hayan emitido su voto deber\u00e1n<strong> justificar su ausencia<\/strong> con la documentaci\u00f3n que acredite el motivo, ante la Secretar\u00eda Electoral correspondiente a su distrito o a la C\u00e1mara Nacional Electoral.<\/p>\n<\/div>\n<div id=\"element-body-17\">\n<p>Las personas que tengan las siguientes justificaciones por no haber votado en las Elecciones 2025 en Salta, quedan<strong> exentos de ser multados<\/strong>, de acuerdo al Tribunal Electoral de la Provincia de Salta:<\/p>\n<\/div>\n<div id=\"element-body-19\">\n<p>Si se falsifican algunas de estas justificaciones, seg\u00fan el Art\u00edculo 292 del C\u00f3digo Penal, se adjudicar\u00e1<strong> prisiones de entre seis meses a seis a\u00f1os <\/strong>dependiendo de que sean documentos p\u00fablicos o privados. <\/p>\n<\/div>\n<p><br \/>\n<br \/><a href=\"https:\/\/www.clarin.com\/informacion-general\/multa-votar-multa-votar-elecciones-2025-salta_0_qINxZU7QWb.html\">Fuente Clarin.com <\/a><\/p>\n","protected":false},"excerpt":{"rendered":"<p>La provincia de Salta comienza su ciclo de elecciones el pr\u00f3ximo domingo 11 de mayo. Se llevar\u00e1n a cabo las elecciones provinciales y municipales, donde se renovar\u00e1n cargos legislativos y ejecutivos locales. A excepci\u00f3n de los departamentos de La Candelaria, Santa Victoria y La Vi\u00f1a, ya que sus autoridades fueron elegidas en 2023 y a\u00fan [&hellip;]<\/p>\n","protected":false},"author":1,"featured_media":19558,"comment_status":"open","ping_status":"open","sticky":false,"template":"","format":"standard","meta":{"footnotes":""},"categories":[2],"tags":[448,404,48,539,142,1392,1416],"class_list":["post-19557","post","type-post","status-publish","format-standard","has-post-thumbnail","hentry","category-ultimas-noticias","tag-cuanto","tag-elecciones","tag-las","tag-multa","tag-por","tag-salta","tag-votar"],"_links":{"self":[{"href":"https:\/\/13.com.ar\/index.php\/wp-json\/wp\/v2\/posts\/19557","targetHints":{"allow":["GET"]}}],"collection":[{"href":"https:\/\/13.com.ar\/index.php\/wp-json\/wp\/v2\/posts"}],"about":[{"href":"https:\/\/13.com.ar\/index.php\/wp-json\/wp\/v2\/types\/post"}],"author":[{"embeddable":true,"href":"https:\/\/13.com.ar\/index.php\/wp-json\/wp\/v2\/users\/1"}],"replies":[{"embeddable":true,"href":"https:\/\/13.com.ar\/index.php\/wp-json\/wp\/v2\/comments?post=19557"}],"version-history":[{"count":0,"href":"https:\/\/13.com.ar\/index.php\/wp-json\/wp\/v2\/posts\/19557\/revisions"}],"wp:featuredmedia":[{"embeddable":true,"href":"https:\/\/13.com.ar\/index.php\/wp-json\/wp\/v2\/media\/19558"}],"wp:attachment":[{"href":"https:\/\/13.com.ar\/index.php\/wp-json\/wp\/v2\/media?parent=19557"}],"wp:term":[{"taxonomy":"category","embeddable":true,"href":"https:\/\/13.com.ar\/index.php\/wp-json\/wp\/v2\/categories?post=19557"},{"taxonomy":"post_tag","embeddable":true,"href":"https:\/\/13.com.ar\/index.php\/wp-json\/wp\/v2\/tags?post=19557"}],"curies":[{"name":"wp","href":"https:\/\/api.w.org\/{rel}","templated":true}]}}