{"id":19554,"date":"2025-04-24T09:24:28","date_gmt":"2025-04-24T12:24:28","guid":{"rendered":"https:\/\/13.com.ar\/index.php\/el-dia-que-el-papa-francisco-echo-a-uno-de-ellos-y-por-que-les-pedia-que-descansen\/"},"modified":"2025-04-24T09:24:28","modified_gmt":"2025-04-24T12:24:28","slug":"el-dia-que-el-papa-francisco-echo-a-uno-de-ellos-y-por-que-les-pedia-que-descansen","status":"publish","type":"post","link":"https:\/\/13.com.ar\/index.php\/el-dia-que-el-papa-francisco-echo-a-uno-de-ellos-y-por-que-les-pedia-que-descansen\/","title":{"rendered":"el d\u00eda que el papa Francisco ech\u00f3 a uno de ellos y por qu\u00e9 les ped\u00eda que descansen"},"content":{"rendered":"<p> <br \/>\n<\/p>\n<div id=\"cuerpo\">\n<div class=\"sc-80531b6b-0 chRIGJ container-text text-embed\" id=\"element-body-0\">\n<p>Mientras miles de fieles se acercan a la capilla ardiente para despedir al <strong>papa Francisco<\/strong>, cuatro hombres custodian el f\u00e9retro en todo momento. Son miembros de la <strong>Guardia Suiza Pontificia<\/strong>, considerado el el ej\u00e9rcito profesional m\u00e1s peque\u00f1o del mundo, con un total de 135 soldados encargados de la seguridad del Estado de la Ciudad del <strong>Vaticano<\/strong>. <\/p>\n<\/div>\n<div class=\"sc-80531b6b-0 chRIGJ container-text text-embed\" id=\"element-body-1\">\n<p>Tambi\u00e9n conocidos como <strong>&#8220;El ej\u00e9rcito del papa&#8221;<\/strong>, visten su inconfundible uniforme, yelmo met\u00e1lico, pluma roja y alabarda en mano. Su vestimenta tiene los colores de librea de la <strong>Casa del Papa Julio II<\/strong>, inspirada en un modelo que se atribuye a Miguel \u00c1ngel hecho en 1505.<\/p>\n<\/div>\n<div class=\"sc-80531b6b-0 chRIGJ container-text text-embed\" id=\"element-body-2\">\n<p><strong>El cuerpo fue creado el 21 de enero de 1506<\/strong>, cuando el Papa Julio II le pidi\u00f3 a los nobles suizos soldados para su protecci\u00f3n, por su aclamada reputaci\u00f3n eficaz durante las Guerras de Borgo\u00f1a, y as\u00ed se form\u00f3 una compa\u00f1\u00eda de 150 hombres, que deb\u00edan encargarse de la <strong>vigilancia, seguridad y protecci\u00f3n del Sumo Pont\u00edfice<\/strong> dentro del Palacio Apost\u00f3lico, acompa\u00f1arlo durante los viajes, y tambi\u00e9n durante los servicios honor\u00edficos en ceremonias, audiencias y recepciones. <\/p>\n<\/div>\n<div class=\"sc-98b114a2-0 bkqiHH image-embed  image-embed \" id=\"element-body-3\"><picture class=\"sc-98b114a2-1 jRUlDm\"><source media=\"(min-width: 975px)\" width=\"720\" height=\"480\" \/><img alt=\"El papa Francisco y la Guardia Suiza. (Foto: AFP)\" loading=\"lazy\" width=\"720\" height=\"480\" decoding=\"async\" data-nimg=\"1\" style=\"color:transparent\" src=\"https:\/\/13.com.ar\/wp-content\/uploads\/2025\/04\/el-dia-que-el-papa-Francisco-echo-a-uno-de.jpg\"\/><span class=\"epigraphe\">El papa Francisco y la Guardia Suiza. (Foto: AFP)<\/span><span class=\"picture-open\"><button class=\"open-image\" aria-label=\"Open Image\"\/><\/span><\/picture><\/div>\n<div class=\"sc-80531b6b-0 chRIGJ container-text text-embed\" id=\"element-body-4\">\n<p><strong>M\u00e1s de 500 a\u00f1os despu\u00e9s, siguen cumpliendo con las mismas funciones<\/strong>, y durante los periodos de sede vacante -como ocurre en estos momentos- protegen al Colegio Cardenalicio. <\/p>\n<\/div>\n<div class=\"sc-80531b6b-0 chRIGJ container-text text-embed\" id=\"element-body-5\">\n<p>Varias veces en la historia, cuando el papa tuvo que huir o defenderse de invasiones extranjeras, fueron sus fieles custodios. Son <strong>el \u00faltimo ej\u00e9rcito de mercenarios suizos<\/strong>, y hay una fecha particular que recuerdan todos los a\u00f1os: el<strong> 6 de mayo de 1527<\/strong>, el d\u00eda en que <strong>murieron 147 guardias suizos<\/strong> defendiendo al papa Clemente VII en el Castel San Angelo, durante el saqueo de Roma. Solamente se salvaron 42 soldados suizos.<\/p>\n<\/div>\n<div class=\"sc-80531b6b-0 chRIGJ container-text text-embed\" id=\"element-body-6\">\n<p>Cada 6 de mayo acuden al Patio de San D\u00e1maso, dentro de los Palacios del Vaticano, a las cinco de la tarde, y all\u00ed prestan juramento <strong>los nuevos reclutas<\/strong>. Con la mano izquierda toman la bandera de la Guardia Suiza, mientras alzan la mano derecha con los dedos pulgar, \u00edndice y medio extendidos, en vistas al cielo y como s\u00edmbolo de las tres personas de la Sant\u00edsima Trinidad.<\/p>\n<\/div>\n<div class=\"sc-98b114a2-0 bkqiHH image-embed  image-embed \" id=\"element-body-7\"><picture class=\"sc-98b114a2-1 jRUlDm\"><source media=\"(min-width: 975px)\" width=\"720\" height=\"480\" \/><img alt=\"En 2019, una postal del saludo del papa Francisco a un guardia suizo, reci\u00e9n llegado al Vaticano. (Foto: EFE)\" loading=\"lazy\" width=\"720\" height=\"480\" decoding=\"async\" data-nimg=\"1\" style=\"color:transparent\" src=\"https:\/\/13.com.ar\/wp-content\/uploads\/2025\/04\/1745497468_685_el-dia-que-el-papa-Francisco-echo-a-uno-de.jpg\"\/><span class=\"epigraphe\">En 2019, una postal del saludo del papa Francisco a un guardia suizo, reci\u00e9n llegado al Vaticano. (Foto: EFE)<\/span><span class=\"picture-open\"><button class=\"open-image\" aria-label=\"Open Image\"\/><\/span><\/picture><\/div>\n<p><h2>Los requisitos para ser guardia suizo y el sueldo que cobran<\/h2>\n<\/p>\n<div class=\"sc-80531b6b-0 chRIGJ container-text text-embed\" id=\"element-body-9\">\n<p>La <strong>ciudadan\u00eda suiza<\/strong> encabeza la lista de las condiciones excluyentes para formar parte del cuerpo de \u00e9lite, y le sigue un listado de otra serie de requisitos.<\/p>\n<\/div>\n<div class=\"sc-80531b6b-0 chRIGJ container-text text-embed\" id=\"element-body-10\">\n<p>Tener <strong>entre 19 y 30 a\u00f1os<\/strong>; un m\u00ednimo de <strong>altura de 1,74 metros<\/strong>; profesar la <strong>fe cat\u00f3lica <\/strong>de manera activa y por supuesto haber recibido los sant\u00edsimos sacramentos; haber cumplido una <strong>instrucci\u00f3n b\u00e1sica en las Fuerzas Armadas Suizas<\/strong>; certificados de buena conducta; ser poseedores de un t\u00edtulo profesional; y ser <strong>solteros <\/strong>al momento de la postulaci\u00f3n. <\/p>\n<\/div>\n<div class=\"sc-98b114a2-0 bkqiHH image-embed  image-embed \" id=\"element-body-11\"><picture class=\"sc-98b114a2-1 jRUlDm\"><source media=\"(min-width: 975px)\" width=\"720\" height=\"480\" \/><img alt=\"El papa Francisco durante una audiencia privada con los nuevos miembros de la guardia suiza en 2014.(Foto: AFP) \" loading=\"lazy\" width=\"720\" height=\"480\" decoding=\"async\" data-nimg=\"1\" style=\"color:transparent\" src=\"https:\/\/13.com.ar\/wp-content\/uploads\/2025\/04\/1745497468_660_el-dia-que-el-papa-Francisco-echo-a-uno-de.jpg\"\/><span class=\"epigraphe\">El papa Francisco durante una audiencia privada con los nuevos miembros de la guardia suiza en 2014.(Foto: AFP) <\/span><span class=\"picture-open\"><button class=\"open-image\" aria-label=\"Open Image\"\/><\/span><\/picture><\/div>\n<div class=\"sc-80531b6b-0 chRIGJ container-text text-embed\" id=\"element-body-12\">\n<p>Adem\u00e1s se comprometen a prestar labor por un m\u00ednimo de 26 meses, y si bien el ingreso est\u00e1 restringido a hombres solteros, <strong>despu\u00e9s de cinco a\u00f1os de servicio pueden casarse<\/strong>, siempre y cuando obtengan la autorizaci\u00f3n papal y se cumplan otras condiciones administrativas.<\/p>\n<\/div>\n<div class=\"sc-80531b6b-0 chRIGJ container-text text-embed\" id=\"element-body-13\">\n<p>Las solicitudes legan al Vaticano todos los a\u00f1os, donde analizan los curr\u00edculums con detenimiento y luego env\u00edan una carta donde les informan si fueron admitidos o no. Sin embargo, como la econom\u00eda en Suiza no presenta desempleo hace tiempo, y cada vez hay menos j\u00f3venes, que adem\u00e1s sean creyentes, el caudal de solicitantes disminuy\u00f3 los \u00faltimos a\u00f1os. <\/p>\n<\/div>\n<div class=\"sc-98b114a2-0 bkqiHH image-embed  image-embed \" id=\"element-body-14\"><picture class=\"sc-98b114a2-1 jRUlDm\"><source media=\"(min-width: 975px)\" width=\"720\" height=\"480\" \/><img alt=\"La Guardia Suiza durante la ceremonia de jura de nuevos reclutas. (Foto: Reuters)\" loading=\"lazy\" width=\"720\" height=\"480\" decoding=\"async\" data-nimg=\"1\" style=\"color:transparent\" src=\"https:\/\/13.com.ar\/wp-content\/uploads\/2025\/04\/1745497468_370_el-dia-que-el-papa-Francisco-echo-a-uno-de.jpg\"\/><span class=\"epigraphe\">La Guardia Suiza durante la ceremonia de jura de nuevos reclutas. (Foto: Reuters)<\/span><span class=\"picture-open\"><button class=\"open-image\" aria-label=\"Open Image\"\/><\/span><\/picture><\/div>\n<div class=\"sc-80531b6b-0 chRIGJ container-text text-embed\" id=\"element-body-15\">\n<p><strong>El salario estimativo <\/strong>es de 1.800 francos suizos netos al mes -lo que se traduce en <strong>1.700 d\u00f3lares mensuales<\/strong> o 1.500 euros-, que est\u00e1 por debajo del promedio del dinero que gana un joven profesional en Suiza. Por eso se dice que los soldados suizos que llegan a Roma lo hacen por una inmensa vocaci\u00f3n y <strong>el fuerte deseo de defender al Papa<\/strong>. Se sienten part\u00edcipes de la historia, y cumplen su deber con honor.<\/p>\n<\/div>\n<p><h2>El d\u00eda que el papa Francisco despidi\u00f3 al jefe de la Guardia Suiza &#8220;por autoritario&#8221;<\/h2>\n<\/p>\n<div class=\"sc-80531b6b-0 chRIGJ container-text text-embed\" id=\"element-body-17\">\n<p>El 4 de diciembre de 2014 el diario oficial de la Santa Sede, <em>L&#8217;Osservatore Romano<\/em>, anunci\u00f3 en su portada sin mayores explicaciones que el coronel <strong>Daniel Rudolf Anrig<\/strong>, que por ese entonces era el comandante del cuerpo pontificio de la Guardia Suiza, concluir\u00eda su servicio el 31 de enero del 2015, dos meses antes de que termine su mandato de cinco a\u00f1os.<\/p>\n<\/div>\n<div class=\"sc-80531b6b-0 chRIGJ container-text text-embed\" id=\"element-body-18\">\n<p>La prensa italiana inform\u00f3 en ese entonces que el motivo del despido era que Su Santidad hab\u00eda considerado que el <strong>comandante Anrig era &#8220;demasiado autoritario y estricto&#8221;<\/strong> con los j\u00f3venes que ten\u00eda a su cargo. El hombre hab\u00eda sido nombrado en 2008 por Benedicto XVI, y fue reemplazado por el actual vicecomandante, <strong>Christoph Graf<\/strong>, con una reputaci\u00f3n de persona afable. <\/p>\n<\/div>\n<div class=\"sc-98b114a2-0 bkqiHH image-embed  image-embed \" id=\"element-body-19\"><picture class=\"sc-98b114a2-1 jRUlDm\"><source media=\"(min-width: 975px)\" width=\"720\" height=\"480\" \/><img alt=\"A fines de 2014 el comandante Daniel Rudolf Anrig fue destituido de la Guardia Suiza, durante el papado de Francisco. (Foto: REUTERS)\" loading=\"lazy\" width=\"720\" height=\"480\" decoding=\"async\" data-nimg=\"1\" style=\"color:transparent\" src=\"https:\/\/13.com.ar\/wp-content\/uploads\/2025\/04\/1745497468_836_el-dia-que-el-papa-Francisco-echo-a-uno-de.jpg\"\/><span class=\"epigraphe\">A fines de 2014 el comandante Daniel Rudolf Anrig fue destituido de la Guardia Suiza, durante el papado de Francisco. (Foto: REUTERS)<\/span><span class=\"picture-open\"><button class=\"open-image\" aria-label=\"Open Image\"\/><\/span><\/picture><\/div>\n<div class=\"sc-80531b6b-0 chRIGJ container-text text-embed\" id=\"element-body-20\">\n<p>La medida fue interpretada como una <strong>reacci\u00f3n del pont\u00edfice argentino contra la &#8220;obsesiva rigidez&#8221; de este cuerpo de seguridad<\/strong>. Aunque desde el Vaticano no hab\u00edan ofrecido m\u00e1s explicaciones sobre el asunto, el diario<em> Il Messagero<\/em>, editado en Roma, se\u00f1al\u00f3 que &#8220;el papa hab\u00eda dejado entrever a sus ayudantes que <strong>le gustar\u00eda un cuerpo militar menos estricto<\/strong>&#8220;. <\/p>\n<\/div>\n<div class=\"sc-80531b6b-0 chRIGJ container-text text-embed\" id=\"element-body-21\">\n<p>&#8220;El papa argentino suele conversar con los guardias, a diferencia de papas anteriores, y lleg\u00f3 incluso a invitar a uno de ellos a quebrar las \u00f3rdenes<strong> pidi\u00e9ndole que descansara tras descubrir que hab\u00eda pasado la noche entera de pie<\/strong>&#8220;, afirm\u00f3 la prensa italiana luego de comunicar aquel despido. <\/p>\n<\/div>\n<div class=\"sc-98b114a2-0 bkqiHH image-embed  image-embed \" id=\"element-body-22\"><picture class=\"sc-98b114a2-1 jRUlDm\"><source media=\"(min-width: 975px)\" width=\"720\" height=\"480\" \/><img alt=\"El f\u00e9retro del papa Francisco, llevado en procesi\u00f3n, escoltado por la Guardia Suiza (Foto: EFE)\" loading=\"lazy\" width=\"720\" height=\"480\" decoding=\"async\" data-nimg=\"1\" style=\"color:transparent\" src=\"https:\/\/13.com.ar\/wp-content\/uploads\/2025\/04\/1745497468_583_el-dia-que-el-papa-Francisco-echo-a-uno-de.jpg\"\/><span class=\"epigraphe\">El f\u00e9retro del papa Francisco, llevado en procesi\u00f3n, escoltado por la Guardia Suiza (Foto: EFE)<\/span><span class=\"picture-open\"><button class=\"open-image\" aria-label=\"Open Image\"\/><\/span><\/picture><\/div>\n<div class=\"sc-80531b6b-0 chRIGJ container-text text-embed\" id=\"element-body-23\">\n<p>Las r\u00edgidas reglas de este hist\u00f3rico cuerpo militar, las mismas de hace cinco siglos, lo sorprendieron cuando asumi\u00f3 como l\u00edder supremo de la fe cat\u00f3lica, y opt\u00f3 por saludos c\u00f3mplices cada vez que se cruzaba con alguno de los guardias, sonrisa de por medio y siempre con apret\u00f3n de manos, gestos que quedaron registrados en diferentes apariciones p\u00fablicas, fuera de todo protocolo. Una muestra m\u00e1s de Francisco siendo Francisco, el \u00fanico papa argentino, rol que cumpli\u00f3 hasta su partida el pasado 21 de abril.<\/p>\n<\/div>\n<\/div>\n<p><br \/>\n<br \/><a href=\"https:\/\/www.clarin.com\/internacional\/historia-guardias-suizos-dia-papa-francisco-echo-pedia-descansen_0_UrQXDsitar.html\">Fuente Clarin.com <\/a><\/p>\n","protected":false},"excerpt":{"rendered":"<p>Mientras miles de fieles se acercan a la capilla ardiente para despedir al papa Francisco, cuatro hombres custodian el f\u00e9retro en todo momento. Son miembros de la Guardia Suiza Pontificia, considerado el el ej\u00e9rcito profesional m\u00e1s peque\u00f1o del mundo, con un total de 135 soldados encargados de la seguridad del Estado de la Ciudad del [&hellip;]<\/p>\n","protected":false},"author":1,"featured_media":19555,"comment_status":"open","ping_status":"open","sticky":false,"template":"","format":"standard","meta":{"footnotes":""},"categories":[2],"tags":[15835,1154,5704,2606,917,2815,2919,15834,142,286,1013],"class_list":["post-19554","post","type-post","status-publish","format-standard","has-post-thumbnail","hentry","category-ultimas-noticias","tag-descansen","tag-dia","tag-echo","tag-ellos","tag-francisco","tag-les","tag-papa","tag-pedia","tag-por","tag-que","tag-uno"],"_links":{"self":[{"href":"https:\/\/13.com.ar\/index.php\/wp-json\/wp\/v2\/posts\/19554","targetHints":{"allow":["GET"]}}],"collection":[{"href":"https:\/\/13.com.ar\/index.php\/wp-json\/wp\/v2\/posts"}],"about":[{"href":"https:\/\/13.com.ar\/index.php\/wp-json\/wp\/v2\/types\/post"}],"author":[{"embeddable":true,"href":"https:\/\/13.com.ar\/index.php\/wp-json\/wp\/v2\/users\/1"}],"replies":[{"embeddable":true,"href":"https:\/\/13.com.ar\/index.php\/wp-json\/wp\/v2\/comments?post=19554"}],"version-history":[{"count":0,"href":"https:\/\/13.com.ar\/index.php\/wp-json\/wp\/v2\/posts\/19554\/revisions"}],"wp:featuredmedia":[{"embeddable":true,"href":"https:\/\/13.com.ar\/index.php\/wp-json\/wp\/v2\/media\/19555"}],"wp:attachment":[{"href":"https:\/\/13.com.ar\/index.php\/wp-json\/wp\/v2\/media?parent=19554"}],"wp:term":[{"taxonomy":"category","embeddable":true,"href":"https:\/\/13.com.ar\/index.php\/wp-json\/wp\/v2\/categories?post=19554"},{"taxonomy":"post_tag","embeddable":true,"href":"https:\/\/13.com.ar\/index.php\/wp-json\/wp\/v2\/tags?post=19554"}],"curies":[{"name":"wp","href":"https:\/\/api.w.org\/{rel}","templated":true}]}}