{"id":19552,"date":"2025-04-24T08:54:39","date_gmt":"2025-04-24T11:54:39","guid":{"rendered":"https:\/\/13.com.ar\/index.php\/destinos-fechas-y-actividades-para-disfrutar-en-familia\/"},"modified":"2025-04-24T08:54:39","modified_gmt":"2025-04-24T11:54:39","slug":"destinos-fechas-y-actividades-para-disfrutar-en-familia","status":"publish","type":"post","link":"https:\/\/13.com.ar\/index.php\/destinos-fechas-y-actividades-para-disfrutar-en-familia\/","title":{"rendered":"destinos, fechas y actividades para disfrutar en familia"},"content":{"rendered":"<p> <br \/>\n<br \/><img decoding=\"async\" src=\"https:\/\/13.com.ar\/wp-content\/uploads\/2025\/04\/destinos-fechas-y-actividades-para-disfrutar-en-familia.jpg\" \/><\/p>\n<div id=\"element-body-0\">\n<p>Se viene el fr\u00edo, y con \u00e9l las tan esperadas <strong>vacaciones de invierno<\/strong>, ese momento del a\u00f1o en el que las familias argentinas aprovechan para desconectarse del trabajo y la rutina escolar. Este a\u00f1o, las provincias de <strong>Mendoza <\/strong>y <strong>C\u00f3rdoba <\/strong>coincidir\u00e1n con el mismo calendario de receso invernal, lo que las posiciona como protagonistas del turismo de temporada.<\/p>\n<\/div>\n<div id=\"element-body-1\">\n<p>Tanto quienes buscan nieve, aventura o relax, como quienes prefieren paseos serranos, gastronom\u00eda regional y actividades culturales, encontrar\u00e1n en estas dos provincias un plan ideal para viajar en familia. Desde las Altas Cumbres hasta Las Le\u00f1as, las opciones son muchas, y ya hay promociones activas para quienes se adelanten y reserven con tiempo.<\/p>\n<\/div>\n<div id=\"element-body-3\">\n<p><strong>C\u00f3rdoba<\/strong> siempre es una buena opci\u00f3n para las vacaciones en familia. La Cumbrecita, uno de los pueblos peatonales m\u00e1s pintorescos del pa\u00eds, es una alternativa perfecta para quienes sue\u00f1an con ver nieve sin alejarse demasiado de Buenos Aires. <strong>Villa General Belgrano<\/strong> ofrece opciones gastron\u00f3micas, caminatas y parques para chicos. Y si hay ganas de un poco m\u00e1s de aventura, se puede subir hasta el <strong>Cerro Uritorco <\/strong>o recorrer los paisajes de las<strong> Altas Cumbres<\/strong>, ideales para los fan\u00e1ticos del trekking y el mate al aire libre.<\/p>\n<\/div>\n<div id=\"element-body-5\">\n<p>Para los que prefieren el oeste argentino, <strong>Mendoza <\/strong>no falla en invierno. Las familias amantes del esqu\u00ed y el snowboard ya empiezan a mirar destinos como <strong>Las Le\u00f1as<\/strong> o el<strong> Parque Provincial Los Penitentes<\/strong>, donde la temporada promete buena cantidad de nieve. Pero no todo es deporte: la regi\u00f3n tambi\u00e9n propone visitas a bodegas, termas, parques naturales y actividades de monta\u00f1a para grandes y chicos.<\/p>\n<\/div>\n<div id=\"element-body-8\">\n<p>Este a\u00f1o, el calendario escolar marc\u00f3 que<strong> Mendoza y C\u00f3rdoba tendr\u00e1n su receso invernal del lunes 7 al domingo 20 de julio<\/strong>, coincidiendo tambi\u00e9n con otras provincias como Neuqu\u00e9n, R\u00edo Negro y Santa Fe.<\/p>\n<\/div>\n<p><br \/>\n<br \/><a href=\"https:\/\/www.clarin.com\/informacion-general\/mendoza-cordoba-compartiran-vacaciones-invierno-destinos-fechas-actividades-disfrutar-familia_0_7L8D90xYMe.html\">Fuente Clarin.com <\/a><\/p>\n","protected":false},"excerpt":{"rendered":"<p>Se viene el fr\u00edo, y con \u00e9l las tan esperadas vacaciones de invierno, ese momento del a\u00f1o en el que las familias argentinas aprovechan para desconectarse del trabajo y la rutina escolar. Este a\u00f1o, las provincias de Mendoza y C\u00f3rdoba coincidir\u00e1n con el mismo calendario de receso invernal, lo que las posiciona como protagonistas del [&hellip;]<\/p>\n","protected":false},"author":1,"featured_media":19553,"comment_status":"open","ping_status":"open","sticky":false,"template":"","format":"standard","meta":{"footnotes":""},"categories":[2],"tags":[275,1510,2493,1497,2014,16],"class_list":["post-19552","post","type-post","status-publish","format-standard","has-post-thumbnail","hentry","category-ultimas-noticias","tag-actividades","tag-destinos","tag-disfrutar","tag-familia","tag-fechas","tag-para"],"_links":{"self":[{"href":"https:\/\/13.com.ar\/index.php\/wp-json\/wp\/v2\/posts\/19552","targetHints":{"allow":["GET"]}}],"collection":[{"href":"https:\/\/13.com.ar\/index.php\/wp-json\/wp\/v2\/posts"}],"about":[{"href":"https:\/\/13.com.ar\/index.php\/wp-json\/wp\/v2\/types\/post"}],"author":[{"embeddable":true,"href":"https:\/\/13.com.ar\/index.php\/wp-json\/wp\/v2\/users\/1"}],"replies":[{"embeddable":true,"href":"https:\/\/13.com.ar\/index.php\/wp-json\/wp\/v2\/comments?post=19552"}],"version-history":[{"count":0,"href":"https:\/\/13.com.ar\/index.php\/wp-json\/wp\/v2\/posts\/19552\/revisions"}],"wp:featuredmedia":[{"embeddable":true,"href":"https:\/\/13.com.ar\/index.php\/wp-json\/wp\/v2\/media\/19553"}],"wp:attachment":[{"href":"https:\/\/13.com.ar\/index.php\/wp-json\/wp\/v2\/media?parent=19552"}],"wp:term":[{"taxonomy":"category","embeddable":true,"href":"https:\/\/13.com.ar\/index.php\/wp-json\/wp\/v2\/categories?post=19552"},{"taxonomy":"post_tag","embeddable":true,"href":"https:\/\/13.com.ar\/index.php\/wp-json\/wp\/v2\/tags?post=19552"}],"curies":[{"name":"wp","href":"https:\/\/api.w.org\/{rel}","templated":true}]}}