{"id":1955,"date":"2025-02-04T18:23:38","date_gmt":"2025-02-04T21:23:38","guid":{"rendered":"https:\/\/13.com.ar\/index.php\/la-serie-espanola-con-jose-coronado-que-lidera-las-tendencias-de-netflix\/"},"modified":"2025-02-04T18:23:38","modified_gmt":"2025-02-04T21:23:38","slug":"la-serie-espanola-con-jose-coronado-que-lidera-las-tendencias-de-netflix","status":"publish","type":"post","link":"https:\/\/13.com.ar\/index.php\/la-serie-espanola-con-jose-coronado-que-lidera-las-tendencias-de-netflix\/","title":{"rendered":"La serie espa\u00f1ola con Jos\u00e9 Coronado que lidera las tendencias de Netflix"},"content":{"rendered":"<p> <br \/>\n<br \/><img decoding=\"async\" src=\"https:\/\/13.com.ar\/wp-content\/uploads\/2025\/02\/La-serie-espanola-con-Jose-Coronado-que-lidera-las-tendencias.jpg\" \/><\/p>\n<div>\n<p>Jos\u00e9 Coronado lo hizo de nuevo. Una nueva producci\u00f3n que cuenta con su presencia se ubic\u00f3 entre lo m\u00e1s visto de <strong>Netflix <\/strong>en Latinoam\u00e9rica.<\/p>\n<\/div>\n<div>\n<p>Esta vez se trata de la segunda temporada de una serie de 2023 que a poco de haber sido estrenada ya logr\u00f3 ser tendencia n\u00famero 1 en la plataforma.<\/p>\n<\/div>\n<div>\n<p>Estamos hablando de la segunda temporada de <strong>La chica de nieve<\/strong> llamada <strong>El juego del alma<\/strong>. Ambas temporadas son adaptaciones de dos novelas del autor espa\u00f1ol <strong>Javier Castillo<\/strong>.<\/p>\n<\/div>\n<div>\n<p>La chica de nieve -la primera temporada- tiene 6 episodios y su historia est\u00e1 ambientada en la M\u00e1laga de 2010, m\u00e1s precisamente en \u00e9poca de Reyes Magos. En v\u00edsperas de la llegada de los reyes, la familia Mart\u00edn pierde a su hija Amaya en una multitud y una periodista llamada Miren har\u00e1 lo que sea por encontrarla.<\/p>\n<\/div>\n<div>\n<p>En El juego del alma, la segunda temporada, Miren investiga un colegio que parece estar en el centro de la desaparici\u00f3n y asesinato de dos j\u00f3venes.<\/p>\n<\/div>\n<div>\n<p>En ambas temporadas, Jos\u00e9 Coronado interpreta a <strong>Eduardo Vergara<\/strong>, un periodista que acompa\u00f1a a Miren en su lucha por la Justicia.<\/p>\n<\/div>\n<div>\n<p>El actor espa\u00f1ol de 67 a\u00f1os aparece en muchas series y pel\u00edculas s\u00faper vistas en la plataforma interpretando a personajes que, en la mayor\u00eda de los casos, no son f\u00e1ciles de olvidar.<\/p>\n<\/div>\n<div>\n<p>Sus taciturnos hombres fuertes en busca de venganza, justicia o de zafar de alg\u00fan aprieto suelen convencer a la audiencia. Son personajes de voz inconfundible -con perfecto espa\u00f1ol-, porte envidiable y templanza inquebrantable.<\/p>\n<\/div>\n<div>\n<p>Algunas de las producciones en las que aparece en la plataforma son <strong>La familia perfecta, El inocente, Entrev\u00edas, Tu hijo, Asalto a la casa de la moneda<\/strong> y <strong>Vivir sin permiso<\/strong>.<\/p>\n<\/div>\n<p><br \/>\n<br \/><a href=\"https:\/\/www.clarin.com\/internacional\/serie-espanola-jose-coronado-lidera-tendencias-netflix_0_PoSPA7MD8q.html\">Fuente Clarin.com <\/a><\/p>\n","protected":false},"excerpt":{"rendered":"<p>Jos\u00e9 Coronado lo hizo de nuevo. Una nueva producci\u00f3n que cuenta con su presencia se ubic\u00f3 entre lo m\u00e1s visto de Netflix en Latinoam\u00e9rica. Esta vez se trata de la segunda temporada de una serie de 2023 que a poco de haber sido estrenada ya logr\u00f3 ser tendencia n\u00famero 1 en la plataforma. Estamos hablando [&hellip;]<\/p>\n","protected":false},"author":1,"featured_media":1956,"comment_status":"open","ping_status":"open","sticky":false,"template":"","format":"standard","meta":{"footnotes":""},"categories":[2],"tags":[18,3760,772,3473,48,3761,1830,1036,3762],"class_list":["post-1955","post","type-post","status-publish","format-standard","has-post-thumbnail","hentry","category-ultimas-noticias","tag-con","tag-coronado","tag-espanola","tag-jose","tag-las","tag-lidera","tag-netflix","tag-serie","tag-tendencias"],"_links":{"self":[{"href":"https:\/\/13.com.ar\/index.php\/wp-json\/wp\/v2\/posts\/1955","targetHints":{"allow":["GET"]}}],"collection":[{"href":"https:\/\/13.com.ar\/index.php\/wp-json\/wp\/v2\/posts"}],"about":[{"href":"https:\/\/13.com.ar\/index.php\/wp-json\/wp\/v2\/types\/post"}],"author":[{"embeddable":true,"href":"https:\/\/13.com.ar\/index.php\/wp-json\/wp\/v2\/users\/1"}],"replies":[{"embeddable":true,"href":"https:\/\/13.com.ar\/index.php\/wp-json\/wp\/v2\/comments?post=1955"}],"version-history":[{"count":0,"href":"https:\/\/13.com.ar\/index.php\/wp-json\/wp\/v2\/posts\/1955\/revisions"}],"wp:featuredmedia":[{"embeddable":true,"href":"https:\/\/13.com.ar\/index.php\/wp-json\/wp\/v2\/media\/1956"}],"wp:attachment":[{"href":"https:\/\/13.com.ar\/index.php\/wp-json\/wp\/v2\/media?parent=1955"}],"wp:term":[{"taxonomy":"category","embeddable":true,"href":"https:\/\/13.com.ar\/index.php\/wp-json\/wp\/v2\/categories?post=1955"},{"taxonomy":"post_tag","embeddable":true,"href":"https:\/\/13.com.ar\/index.php\/wp-json\/wp\/v2\/tags?post=1955"}],"curies":[{"name":"wp","href":"https:\/\/api.w.org\/{rel}","templated":true}]}}