{"id":19544,"date":"2025-04-24T08:12:28","date_gmt":"2025-04-24T11:12:28","guid":{"rendered":"https:\/\/13.com.ar\/index.php\/mexico-recupero-2-042-piezas-arqueologicas-del-extranjero-durante-el-gobierno-de-sheinbaum\/"},"modified":"2025-04-24T08:12:28","modified_gmt":"2025-04-24T11:12:28","slug":"mexico-recupero-2-042-piezas-arqueologicas-del-extranjero-durante-el-gobierno-de-sheinbaum","status":"publish","type":"post","link":"https:\/\/13.com.ar\/index.php\/mexico-recupero-2-042-piezas-arqueologicas-del-extranjero-durante-el-gobierno-de-sheinbaum\/","title":{"rendered":"M\u00e9xico recuper\u00f3 2.042 piezas arqueol\u00f3gicas del extranjero durante el Gobierno de Sheinbaum"},"content":{"rendered":"<p> <br \/>\n<br \/><img decoding=\"async\" src=\"https:\/\/13.com.ar\/wp-content\/uploads\/2025\/04\/Mexico-recupero-2042-piezas-arqueologicas-del-extranjero-durante-el-Gobierno.jpg\" \/><\/p>\n<div id=\"element-body-0\">\n<p>La Secretar\u00eda de Relaciones Exteriores de <strong>M\u00e9xico <\/strong>(SRE) inform\u00f3 que <strong>se han recuperado 2.042 piezas arqueol\u00f3gicas <\/strong>que estaban en el <strong>extranjero<\/strong>, desde el inicio del Gobierno de la presidenta Claudia Sheinbaum en octubre pasado.<\/p>\n<\/div>\n<div id=\"element-body-2\">\n<p>&#8220;Durante estos primeros meses, a trav\u00e9s de la Consejer\u00eda Jur\u00eddica de la Canciller\u00eda, hemos recuperado 2.042 piezas. Creo que ha sido un buen esfuerzo que muestra, todav\u00eda, <strong>el enorme potencial que tenemos para seguir trayendo (las figuras) a su lugar de origen<\/strong>, de donde nunca debieron haber salido&#8221;, afirm\u00f3 el canciller mexicano.<\/p>\n<\/div>\n<div id=\"element-body-4\">\n<p>En un encuentro con el<strong> Instituto Nacional de Antropolog\u00eda e Historia (INAH)<\/strong> para reforzar la colaboraci\u00f3n en la restituci\u00f3n del patrimonio cultural, De la Fuente asegur\u00f3 que estos esfuerzos son <strong>continuidad del Gobierno del expresidente Andr\u00e9s Manuel L\u00f3pez Obrador <\/strong>(2018-2024), cuando se restituyeron m\u00e1s de 14.000 piezas.<\/p>\n<\/div>\n<div id=\"element-body-6\">\n<p>El secretario destac\u00f3 que el programa instaurado en la administraci\u00f3n anterior <strong>busca ampliarse a toda la red consultar y todas las representaciones diplom\u00e1ticas<\/strong>, por instrucciones de la presidenta Sheinbaum, quien asumi\u00f3 el cargo el 1 de octubre.<\/p>\n<\/div>\n<div id=\"element-body-7\">\n<p>La reuni\u00f3n ocurri\u00f3 en el <strong>Museo Nacional de Antropolog\u00eda de la capital mexicana<\/strong>, en el contexto de la restituci\u00f3n de<strong> una pieza de barro de origen prehisp\u00e1nico con rasgos de la cultura olmeca<\/strong>, que el canciller calific\u00f3 como &#8220;particularmente importante&#8221; en la cronolog\u00eda de la influencia de la civilizaci\u00f3n olmeca en la regi\u00f3n.<\/p>\n<\/div>\n<div id=\"element-body-9\">\n<p>La figura, que<strong> se recuper\u00f3 a trav\u00e9s del Consulado de Los \u00c1ngeles<\/strong>, se elabor\u00f3 en el Altiplano Central mexicano entre los a\u00f1os 800 a 400 a.C, apunt\u00f3.<\/p>\n<\/div>\n<div id=\"element-body-11\">\n<p>A nivel global,<strong> las embajadas y consulados de M\u00e9xico han recuperado m\u00e1s de 16.000 piezas culturales<\/strong> desde el sexenio anterior, cuando comenz\u00f3 el combate de subastas en ciudades como Nueva York, Par\u00eds y Roma, en las que aparecen objetos robados o que pertenecen al patrimonio de M\u00e9xico.<\/p>\n<\/div>\n<div id=\"element-body-12\">\n<p>Adem\u00e1s, <strong>han intensificado las demandas ante gobiernos extranjeros<\/strong> para recuperar piezas arqueol\u00f3gicas y art\u00edsticas.<\/p>\n<\/div>\n<p><script async src=\"\/\/www.instagram.com\/embed.js\"><\/script><br \/>\n<br \/><br \/>\n<br \/><a href=\"https:\/\/www.clarin.com\/cultura\/mexico-recupero-2042-piezas-arqueologicas-extranjero-gobierno-sheinbaum_0_VXCTsjBLPF.html\">Fuente Clarin.com <\/a><\/p>\n","protected":false},"excerpt":{"rendered":"<p>La Secretar\u00eda de Relaciones Exteriores de M\u00e9xico (SRE) inform\u00f3 que se han recuperado 2.042 piezas arqueol\u00f3gicas que estaban en el extranjero, desde el inicio del Gobierno de la presidenta Claudia Sheinbaum en octubre pasado. &#8220;Durante estos primeros meses, a trav\u00e9s de la Consejer\u00eda Jur\u00eddica de la Canciller\u00eda, hemos recuperado 2.042 piezas. Creo que ha sido [&hellip;]<\/p>\n","protected":false},"author":1,"featured_media":19545,"comment_status":"open","ping_status":"open","sticky":false,"template":"","format":"standard","meta":{"footnotes":""},"categories":[2],"tags":[15830,100,1549,8034,71,184,13060,11475,15831],"class_list":["post-19544","post","type-post","status-publish","format-standard","has-post-thumbnail","hentry","category-ultimas-noticias","tag-arqueologicas","tag-del","tag-durante","tag-extranjero","tag-gobierno","tag-mexico","tag-piezas","tag-recupero","tag-sheinbaum"],"_links":{"self":[{"href":"https:\/\/13.com.ar\/index.php\/wp-json\/wp\/v2\/posts\/19544","targetHints":{"allow":["GET"]}}],"collection":[{"href":"https:\/\/13.com.ar\/index.php\/wp-json\/wp\/v2\/posts"}],"about":[{"href":"https:\/\/13.com.ar\/index.php\/wp-json\/wp\/v2\/types\/post"}],"author":[{"embeddable":true,"href":"https:\/\/13.com.ar\/index.php\/wp-json\/wp\/v2\/users\/1"}],"replies":[{"embeddable":true,"href":"https:\/\/13.com.ar\/index.php\/wp-json\/wp\/v2\/comments?post=19544"}],"version-history":[{"count":0,"href":"https:\/\/13.com.ar\/index.php\/wp-json\/wp\/v2\/posts\/19544\/revisions"}],"wp:featuredmedia":[{"embeddable":true,"href":"https:\/\/13.com.ar\/index.php\/wp-json\/wp\/v2\/media\/19545"}],"wp:attachment":[{"href":"https:\/\/13.com.ar\/index.php\/wp-json\/wp\/v2\/media?parent=19544"}],"wp:term":[{"taxonomy":"category","embeddable":true,"href":"https:\/\/13.com.ar\/index.php\/wp-json\/wp\/v2\/categories?post=19544"},{"taxonomy":"post_tag","embeddable":true,"href":"https:\/\/13.com.ar\/index.php\/wp-json\/wp\/v2\/tags?post=19544"}],"curies":[{"name":"wp","href":"https:\/\/api.w.org\/{rel}","templated":true}]}}