{"id":19542,"date":"2025-04-24T08:09:31","date_gmt":"2025-04-24T11:09:31","guid":{"rendered":"https:\/\/13.com.ar\/index.php\/se-multiplican-los-fieles-para-ingresar-a-la-basilica-de-san-pedro-y-su-medico-revela-nuevos-detalles-sobre-su-salud\/"},"modified":"2025-04-24T08:09:31","modified_gmt":"2025-04-24T11:09:31","slug":"se-multiplican-los-fieles-para-ingresar-a-la-basilica-de-san-pedro-y-su-medico-revela-nuevos-detalles-sobre-su-salud","status":"publish","type":"post","link":"https:\/\/13.com.ar\/index.php\/se-multiplican-los-fieles-para-ingresar-a-la-basilica-de-san-pedro-y-su-medico-revela-nuevos-detalles-sobre-su-salud\/","title":{"rendered":"se multiplican los fieles para ingresar a la Bas\u00edlica de San Pedro y su m\u00e9dico revela nuevos detalles sobre su salud"},"content":{"rendered":"<p> <br \/>\n<\/p>\n<div id=\"storyBody\">\n<section class=\"sc-85920204-2 hryGoW dataStory dataStory\"\/>\n<div class=\"sc-80531b6b-0 chRIGJ container-text text-embed\" id=\"element-body-0\">\n<p>La bas\u00edlica de San Pedro reabri\u00f3 a las 7 de la ma\u00f1ana este jueves (cinco horas menos en la Argentina), tras haber cerrado sus puertas a las 5:30 por<strong> <\/strong>la enorme cantidad de fieles <strong>que desfilaron el mi\u00e9rcoles y durante toda la noche.<\/strong> En total alrededor de 50 mil personas vieron al Papa Francesco en el simple f\u00e9retro en el que ya yace. Jorge Bergoglio muri\u00f3 en la madrugada del lunes, a los 88, de un ictus.<\/p>\n<\/div>\n<div class=\"sc-80531b6b-0 chRIGJ container-text text-embed\" id=\"element-body-1\">\n<p>El viernes por la noche el f\u00e9retro<strong> ser\u00e1 cerrado<\/strong> y todo preparado para los funerales a los que se espera acudir\u00e1n los jefes de Estado y  de gobierno de 170 pa\u00edses de los 196 que mantienen relaciones diplom\u00e1ticas, comenzando por Estados Unidos que <strong>estar\u00e1 representado por el presidente Donald Trump<\/strong>. Tambi\u00e9n estar\u00e1 el presidente argentino Javier Milei.<\/p>\n<\/div>\n<div class=\"sc-c2c2a3c6-0 ecgiEX border-video video-embed horizontal border-video video-embed horizontal\" id=\"element-body-2\">\n<div class=\"sc-c2c2a3c6-1 kQhBlc videoText videoText\">\n<h2>Video<\/h2>\n<p>LA FILA PARA DESPEDIR AL PAPA FRANCISCO EN LA BAS\u00cdLICA DE SAN PEDRO<\/p>\n<\/div>\n<\/div>\n<div class=\"sc-80531b6b-0 chRIGJ container-text text-embed\" id=\"element-body-3\">\n<p>Este jueves se esperan tambi\u00e9n muchos fieles. Los Ferrocarriles del Estado anunciaron que hab\u00edan decidido<strong> rebajar en un 40% los pasajes a Roma,<\/strong> lo que estimula a muchos a venir a rendir homenaje al Papa.<\/p>\n<\/div>\n<div class=\"sc-80531b6b-0 chRIGJ container-text text-embed\" id=\"element-body-4\">\n<p>El viernes a la noche<strong> concluir\u00e1n los funerales populares<\/strong> y ser\u00e1 clausurado el f\u00e9retro papal. El s\u00e1bado las fuerzas de seguridad esperan entre<strong> 200 y 300 mil personas que vendr\u00e1n a los funerales <\/strong>en los que participaran alrededor de 170 pa\u00edses y despu\u00e9s el cuerpo ser\u00e1 llevado en un recorrido de siete kil\u00f3metros hasta la bas\u00edlica de Santa Mar\u00eda la Mayor, donde el Papa ser\u00e1 sepultado, como el mismo Francisco pidi\u00f3, en una peque\u00f1a capilla, en la tierra y solo con una inscripci\u00f3n: Franciscus\u201d.<\/p>\n<\/div>\n<div class=\"sc-98b114a2-0 bkqiHH image-embed Especial image-embed Especial\" id=\"element-body-5\"><picture class=\"sc-98b114a2-1 jRUlDm\"><source media=\"(min-width: 975px)\" width=\"720\" height=\"480\" \/><img alt=\"Los fieles ingresan a la Bas\u00edlica de San Pedro. Foto: EFE\" loading=\"lazy\" width=\"720\" height=\"480\" decoding=\"async\" data-nimg=\"1\" style=\"color:transparent\" src=\"https:\/\/13.com.ar\/wp-content\/uploads\/2025\/04\/se-multiplican-los-fieles-para-ingresar-a-la-Basilica-de.jpg\"\/><span class=\"epigraphe\">Los fieles ingresan a la Bas\u00edlica de San Pedro. Foto: EFE<\/span><span class=\"picture-open\"><button class=\"open-image\" aria-label=\"Open Image\"\/><\/span><\/picture><\/div>\n<p><h2>Confesiones del m\u00e9dico de Francisco, Sergio Alfieri<\/h2>\n<\/p>\n<div class=\"sc-80531b6b-0 chRIGJ container-text text-embed\" id=\"element-body-7\">\n<p>Ha causado impresi\u00f3n la entrevista que di\u00f3 al diario \u201cLa Repubblica\u201del m\u00e9dico principal del Papa, el cirujano Sergio Alfieri, quien dijo que en varias intervenciones pero sobre todo en los \u00faltimos tiempos, Francisco insisti\u00f3 siempre en la necesidad de<strong> evitar la \u201cobstinaci\u00f3n terap\u00e9utica\u201d.<\/strong><\/p>\n<\/div>\n<div class=\"sc-80531b6b-0 chRIGJ container-text text-embed\" id=\"element-body-8\">\n<p>Era el l\u00edmite que hab\u00eda dado a sus m\u00e9dicos. \u201cPrefer\u00eda apagarse antes que ser entubado para recibir m\u00e1s aire en los pulmones. Nos dijo que si perd\u00eda el conocimiento deb\u00edamos seguir las directivas de su asistente sanitario personal\u201d, el enfermero Massimiliano Strappetti, que para el Para<strong> \u201cera como un hijo\u201d.<\/strong><\/p>\n<\/div>\n<div class=\"sc-4306f4f9-0 bAPCpp\">\n<div class=\"inner-card-m\">\n<div class=\"related-content\">\n<p><span class=\"body-title\">Mir\u00e1 tambi\u00e9n<\/span><\/p>\n<h3>Muri\u00f3 el papa Francisco: todas las fotos de la despedida al Sumo Pont\u00edfice y los homenajes en el mundo<\/h3>\n<source media=\"(min-width: 975px)\" width=\"340\" height=\"340\" \/><img alt=\"Muri\u00f3 el papa Francisco: todas las fotos de la despedida al Sumo Pont\u00edfice y los homenajes en el mundo\" loading=\"lazy\" width=\"340\" height=\"340\" decoding=\"async\" data-nimg=\"1\" style=\"color:transparent\" src=\"https:\/\/13.com.ar\/wp-content\/uploads\/2025\/04\/1745492969_519_se-multiplican-los-fieles-para-ingresar-a-la-Basilica-de.jpg\"\/><\/div>\n<\/div>\n<\/div>\n<div class=\"sc-80531b6b-0 chRIGJ container-text text-embed\" id=\"element-body-10\">\n<p>Strapetti se convirti\u00f3 en indispensable para el pont\u00edfice argentino cuando fue operado en 2021. Strapetti, que lo segu\u00eda, le dijo que <strong>\u201ces mejor que se opere\u201d<\/strong> de una infecci\u00f3n de divert\u00edculos. \u201cMe salv\u00f3 la vida\u201d, dijo Bergoglio.<\/p>\n<\/div>\n<div class=\"sc-80531b6b-0 chRIGJ container-text text-embed\" id=\"element-body-11\">\n<p>Alfieri oper\u00f3 al Papa dos veces. \u201cYa en 2021 me pidi\u00f3 de evitar la obstinaci\u00f3n terap\u00e9utica y que no se procediera en ning\u00fan caso a la entubaci\u00f3n\u201d.<\/p>\n<\/div>\n<p><h2>Hab\u00eda engordado 10 kilos<\/h2>\n<\/p>\n<div class=\"sc-80531b6b-0 chRIGJ container-text text-embed\" id=\"element-body-13\">\n<p>El profesor Alfieri dijo que el Papa <strong>hab\u00eda engordado diez kilos de m\u00e1s<\/strong>. \u201cA veces llegaba de noche a la cocina de Santa Marta para comer <em>un spuntino<\/em>, como dicen los italianos. Cuando le dec\u00eda al Papa que se controlara m\u00e1s con la comida, \u201cre\u00eda y me recordaba de vivir con iron\u00eda\u201d.<\/p>\n<\/div>\n<div class=\"sc-106e49c0-0 dcVumd freeHtml-embed Especial\" id=\"element-body-14\">\n<section class=\"container-slider\">\n    <!-- Swiper --><\/p>\n<div class=\"swiper mySwiper\">\n<div class=\"timeLine__title__mobile mobile\">\n<h2 class=\"title\">10 momentos en la vida de Jorge Bergoglio<\/h2>\n<p>\n                Su llamado a ser sacerdote en la iglesia San Jos\u00e9 de Flores, la llegada al Arzobispado de Buenos Aires y otras fechas importantes en su vida antes de convertirse en Francisco.\n            <\/p>\n<\/p><\/div>\n<div class=\"swiper-wrapper\">\n<div class=\"swiper-slide timeLine__element first-element\">\n<h2 class=\"title\">10 momentos en la vida de Jorge Bergoglio<\/h2>\n<p>\n                    Su llamado a ser sacerdote en la iglesia San Jos\u00e9 de Flores, la llegada al Arzobispado de Buenos Aires y otras fechas importantes en su vida antes de convertirse en Francisco.\n                <\/p>\n<\/p><\/div>\n<div class=\"swiper-slide timeLine__element\" id=\"1\">\n<div class=\"timeLine__img\">\n<p>                    <img decoding=\"async\" src=\"https:\/\/13.com.ar\/wp-content\/uploads\/2025\/04\/1745256148_212_El-papa-Francisco-sus-neurosis-y-los-encuentros-con-una.jpg\" alt=\"Clarin Digital\" class=\"img-fluid\"\/>\n                <\/div>\n<div class=\"timeLine__text\">\n<div class=\"timeLine__info\">\n<h4>Nacimiento e infancia en Flores<\/h4>\n<p>Hijo de inmigrantes italianos y el mayor de 5 hermanos, vivi\u00f3 en la casa de Membrillar al 500.<\/p>\n<\/p><\/div>\n<\/p><\/div>\n<\/p><\/div>\n<div class=\"swiper-slide timeLine__element\" id=\"2\">\n<div class=\"timeLine__img\">\n<p>                    <img decoding=\"async\" src=\"https:\/\/13.com.ar\/wp-content\/uploads\/2025\/04\/1745256148_356_El-papa-Francisco-sus-neurosis-y-los-encuentros-con-una.jpg\" alt=\"Clarin Digital\" class=\"img-fluid\"\/>\n                <\/div>\n<div class=\"timeLine__text\">\n<div class=\"timeLine__info\">\n<h4>La decisi\u00f3n m\u00e1s importante de su vida<\/h4>\n<p>\n                            A los 17 a\u00f1os, tras confesarse en la parroquia San Jos\u00e9 de Flores, tom\u00f3 la determinaci\u00f3n de ser sacerdote.\n                        <\/p>\n<\/p><\/div>\n<\/p><\/div>\n<\/p><\/div>\n<div class=\"swiper-slide timeLine__element\" id=\"3\">\n<div class=\"timeLine__img\">\n<p>                    <img decoding=\"async\" src=\"https:\/\/13.com.ar\/wp-content\/uploads\/2025\/04\/1745256148_903_El-papa-Francisco-sus-neurosis-y-los-encuentros-con-una.jpg\" alt=\"Clarin Digital\" class=\"img-fluid\"\/>\n                <\/div>\n<div class=\"timeLine__text\">\n<div class=\"timeLine__info\">\n<h4>Seminario en Villa Devoto y noviciado de la Compa\u00f1\u00eda de Jes\u00fas<\/h4>\n<p>Desarroll\u00f3 un marcado sentido del orden, la austeridad, la humildad y el compromiso con los pobres.<\/p>\n<\/p><\/div>\n<\/p><\/div>\n<\/p><\/div>\n<div class=\"swiper-slide timeLine__element\" id=\"4\">\n<div class=\"timeLine__img\">\n<p>                    <img decoding=\"async\" src=\"https:\/\/13.com.ar\/wp-content\/uploads\/2025\/04\/1745256148_725_El-papa-Francisco-sus-neurosis-y-los-encuentros-con-una.jpg\" alt=\"Clarin Digital\" class=\"img-fluid\"\/>\n                <\/div>\n<div class=\"timeLine__text\">\n<div class=\"timeLine__info\">\n<h4>La salud le juega una mala pasada<\/h4>\n<p>\n                            A los 21 a\u00f1os le detectan tres quistes en el pulm\u00f3n derecho. Lo operan y le extraen la parte superior.\n                        <\/p>\n<\/p><\/div>\n<\/p><\/div>\n<\/p><\/div>\n<div class=\"swiper-slide timeLine__element\" id=\"5\">\n<div class=\"timeLine__img\">\n<p>                    <img decoding=\"async\" src=\"https:\/\/13.com.ar\/wp-content\/uploads\/2025\/04\/1745256148_108_El-papa-Francisco-sus-neurosis-y-los-encuentros-con-una.jpg\" alt=\"Clarin Digital\" class=\"img-fluid\"\/>\n                <\/div>\n<div class=\"timeLine__text\">\n<div class=\"timeLine__info\">\n<h4>Sus inicios<\/h4>\n<p>\n                            Es ordenado sacerdote a los 32 a\u00f1os. Su primera tarea designada fue como maestro de novicios en C\u00f3rdoba.\n                        <\/p>\n<\/p><\/div>\n<\/p><\/div>\n<\/p><\/div>\n<div class=\"swiper-slide timeLine__element\" id=\"6\">\n<div class=\"timeLine__img\">\n<p>                    <img decoding=\"async\" src=\"https:\/\/13.com.ar\/wp-content\/uploads\/2025\/04\/El-papa-Francisco-sus-neurosis-y-los-encuentros-con-una.JPG\" alt=\"Clarin Digital\" class=\"img-fluid\"\/>\n                <\/div>\n<div class=\"timeLine__text\">\n<div class=\"timeLine__info\">\n<h4>Su camino con los jesuitas<\/h4>\n<p>\n                            Es nombrado provincial de los jesuitas argentinos, cargo que ejerci\u00f3 durante seis a\u00f1os.\n                        <\/p>\n<\/p><\/div>\n<\/p><\/div>\n<\/p><\/div>\n<div class=\"swiper-slide timeLine__element\" id=\"7\">\n<div class=\"timeLine__img\">\n<p>                    <img decoding=\"async\" src=\"https:\/\/13.com.ar\/wp-content\/uploads\/2025\/04\/1745256148_172_El-papa-Francisco-sus-neurosis-y-los-encuentros-con-una.jpg\" alt=\"Clarin Digital\" class=\"img-fluid\"\/>\n                <\/div>\n<div class=\"timeLine__text\">\n<div class=\"timeLine__info\">\n<h4>El reclamo por los curas jesuitas secuestrados<\/h4>\n<p>\n                            Durante la dictadura se reuni\u00f3 dos veces con Massera para reclamar por los sacerdotes Yorio y Calics.\n                        <\/p>\n<\/p><\/div>\n<\/p><\/div>\n<\/p><\/div>\n<div class=\"swiper-slide timeLine__element\" id=\"8\">\n<div class=\"timeLine__img\">\n<p>                    <img decoding=\"async\" src=\"https:\/\/13.com.ar\/wp-content\/uploads\/2025\/04\/1745256148_294_El-papa-Francisco-sus-neurosis-y-los-encuentros-con-una.jpg\" alt=\"Clarin Digital\" class=\"img-fluid\"\/>\n                <\/div>\n<div class=\"timeLine__text\">\n<div class=\"timeLine__info\">\n<h4>Arzobispo de Buenos Aires<\/h4>\n<p>\n                            Tras la muerte de Antonio Quarracino, el 28 de febrero asume la conducci\u00f3n pastoral del Arzobispado.\n                        <\/p>\n<\/p><\/div>\n<\/p><\/div>\n<\/p><\/div>\n<div class=\"swiper-slide timeLine__element\" id=\"9\">\n<div class=\"timeLine__img\">\n<p>                    <img decoding=\"async\" src=\"https:\/\/13.com.ar\/wp-content\/uploads\/2025\/04\/1745256148_0_El-papa-Francisco-sus-neurosis-y-los-encuentros-con-una.jpg\" alt=\"Clarin Digital\" class=\"img-fluid\"\/>\n                <\/div>\n<div class=\"timeLine__text\">\n<div class=\"timeLine__info\">\n<h4>Crece su prestigio en la c\u00fapula de la Iglesia<\/h4>\n<p>Es creado Cardenal por el papa Juan Pablo II con el t\u00edtulo de San Roberto Belarmino.<\/p>\n<\/p><\/div>\n<\/p><\/div>\n<\/p><\/div>\n<div class=\"swiper-slide timeLine__element\" id=\"10\">\n<div class=\"timeLine__img\">\n<p>                    <img decoding=\"async\" src=\"https:\/\/13.com.ar\/wp-content\/uploads\/2025\/04\/1745256148_114_El-papa-Francisco-sus-neurosis-y-los-encuentros-con-una.jpg\" alt=\"Clarin Digital\" class=\"img-fluid\"\/>\n                <\/div>\n<div class=\"timeLine__text\">\n<div class=\"timeLine__info\">\n<h4>Un Papa del fin del mundo<\/h4>\n<p>Por primera vez se proclama un Papa surgido de territorio americano. Bergoglio ten\u00eda 76 a\u00f1os.<\/p>\n<\/p><\/div>\n<\/p><\/div>\n<\/p><\/div>\n<\/p><\/div>\n<\/p><\/div>\n<\/section>\n<p><!-- Swiper JS --><\/p>\n<p><!-- Initialize Swiper -->\n<\/div>\n<div class=\"sc-80531b6b-0 chRIGJ container-text text-embed\" id=\"element-body-15\">\n<p>Alfieri record\u00f3 que el Papa se enoj\u00f3 con el enfermero Strapetti cuando este luch\u00f3 paraque se internara en el hospital Gemelli el 14 de febrero, cuando comenz\u00f3 su larga lucha contra una neumon\u00eda \u201cStrapetti tiene conocimientos m\u00e9dicos mucho mayores que un enfermero. Su comportamiento con el Papa ha sido ejemplar. Se quedaba todas las noches a cuidarlo. Dorm\u00eda si y no tres horas.<strong> No se como ha resistido<\/strong>\u201d.<\/p>\n<\/div>\n<p><h2>Malestar de madrugada y un \u00faltimo vaso de agua<\/h2>\n<\/p>\n<div class=\"sc-80531b6b-0 chRIGJ container-text text-embed\" id=\"element-body-17\">\n<p>El lunes a las cinco de la ma\u00f1ana el <strong>Papa pidi\u00f3 un vaso de agua<\/strong>, Media hora despu\u00e9s dijo que se sent\u00eda mal. \u201cPensamos en transferirlo al hospital Gemelli, pero habr\u00eda muerto durante el transporte. Hab\u00eda sufrido un ictus cerebral de esos que <strong>en una hora te llevan al m\u00e1s all\u00e1<\/strong>\u201d.<\/p>\n<\/div>\n<div class=\"sc-80531b6b-0 chRIGJ container-text text-embed\" id=\"element-body-18\">\n<p>El profesor Alfieri dijo que pensaba que un vaso sangu\u00edneo hab\u00eda bloqueado el cerebro. \u201cQuiz\u00e1s hubo una hemorragia\u201d, <strong>Muri\u00f3 a las 7,15.<\/strong><\/p>\n<\/div>\n<div class=\"sc-98b114a2-0 bkqiHH image-embed Especial image-embed Especial\" id=\"element-body-19\"><picture class=\"sc-98b114a2-1 jRUlDm\"><source media=\"(min-width: 975px)\" width=\"720\" height=\"480\" \/><img alt=\"El f\u00e9retro de Francico, en San Pedro. Foto: EFE\" loading=\"lazy\" width=\"720\" height=\"480\" decoding=\"async\" data-nimg=\"1\" style=\"color:transparent\" src=\"https:\/\/13.com.ar\/wp-content\/uploads\/2025\/04\/1745492971_895_se-multiplican-los-fieles-para-ingresar-a-la-Basilica-de.jpg\"\/><span class=\"epigraphe\">El f\u00e9retro de Francico, en San Pedro. Foto: EFE<\/span><span class=\"picture-open\"><button class=\"open-image\" aria-label=\"Open Image\"\/><\/span><\/picture><\/div>\n<div class=\"sc-80531b6b-0 chRIGJ container-text text-embed\" id=\"element-body-20\">\n<p>&#8220;Su Santidad se daba cuenta que el f\u00edsico se cansaba de seguir al cerebro. Lo \u00faltimo que me dijo es que lamentaba no haber lavado los pies de los reclusos cuando visit\u00f3 la c\u00e1rcel de Regina Coeli el jueves santo\u201d.<\/p>\n<\/div>\n<div class=\"sc-80531b6b-0 chRIGJ container-text text-embed\" id=\"element-body-21\">\n<p>El mi\u00e9rcoles se supo que el Papa argentino<strong> don\u00f3 los \u00faltimos 200 mil euros que ten\u00eda<\/strong> en su cuenta personal a los presos de la mayor c\u00e1rcel de Roma.<\/p>\n<\/div>\n<div class=\"list-bottom-authors\">\n<div class=\"sc-4e7e5c5d-1 fBFTyG bottom-author\" style=\"position:relative\"><picture><img loading=\"lazy\" decoding=\"async\" width=\"60\" height=\"60\" src=\"https:\/\/13.com.ar\/wp-content\/uploads\/2025\/04\/podra-ser-visto-por-los-fieles-hasta-el-viernes-y.png\" alt=\"Julio Alga\u00f1araz\"\/><\/picture><\/div>\n<\/div>\n<div class=\"sc-e13a1564-0 ihSKMb Newsletter trinity-skip-it\">\n<div class=\"inner-card-m\">\n<div class=\"related-content\">\n<div class=\"text\">\n<p>Recib\u00ed en tu email todas las noticias, coberturas, historias y an\u00e1lisis de la mano de nuestros periodistas especializados<\/p>\n<p>QUIERO RECIBIRLO<\/p><\/div>\n<p><img decoding=\"async\" src=\"https:\/\/13.com.ar\/wp-content\/uploads\/2025\/02\/1739916399_850_Un-plan-semanal-con-ideas-para-las-4-comidas-elaborado.png\" alt=\"Newsletter Clarin\" loading=\"lazy\" width=\"110\" height=\"110\"\/><\/div>\n<\/div>\n<\/div>\n<\/div>\n<p><br \/>\n<br \/><a href=\"https:\/\/www.clarin.com\/mundo\/funeral-papa-francisco-multiplican-fieles-ingresar-basilica-san-pedro-medico-revela-nuevos-detalles-salud_0_E2gF22gHVn.html\">Fuente Clarin.com <\/a><\/p>\n","protected":false},"excerpt":{"rendered":"<p>La bas\u00edlica de San Pedro reabri\u00f3 a las 7 de la ma\u00f1ana este jueves (cinco horas menos en la Argentina), tras haber cerrado sus puertas a las 5:30 por la enorme cantidad de fieles que desfilaron el mi\u00e9rcoles y durante toda la noche. En total alrededor de 50 mil personas vieron al Papa Francesco en [&hellip;]<\/p>\n","protected":false},"author":1,"featured_media":19543,"comment_status":"open","ping_status":"open","sticky":false,"template":"","format":"standard","meta":{"footnotes":""},"categories":[2],"tags":[11806,924,5374,10836,28,4094,15829,2318,16,302,1387,243,451,732],"class_list":["post-19542","post","type-post","status-publish","format-standard","has-post-thumbnail","hentry","category-ultimas-noticias","tag-basilica","tag-detalles","tag-fieles","tag-ingresar","tag-los","tag-medico","tag-multiplican","tag-nuevos","tag-para","tag-pedro","tag-revela","tag-salud","tag-san","tag-sobre"],"_links":{"self":[{"href":"https:\/\/13.com.ar\/index.php\/wp-json\/wp\/v2\/posts\/19542","targetHints":{"allow":["GET"]}}],"collection":[{"href":"https:\/\/13.com.ar\/index.php\/wp-json\/wp\/v2\/posts"}],"about":[{"href":"https:\/\/13.com.ar\/index.php\/wp-json\/wp\/v2\/types\/post"}],"author":[{"embeddable":true,"href":"https:\/\/13.com.ar\/index.php\/wp-json\/wp\/v2\/users\/1"}],"replies":[{"embeddable":true,"href":"https:\/\/13.com.ar\/index.php\/wp-json\/wp\/v2\/comments?post=19542"}],"version-history":[{"count":0,"href":"https:\/\/13.com.ar\/index.php\/wp-json\/wp\/v2\/posts\/19542\/revisions"}],"wp:featuredmedia":[{"embeddable":true,"href":"https:\/\/13.com.ar\/index.php\/wp-json\/wp\/v2\/media\/19543"}],"wp:attachment":[{"href":"https:\/\/13.com.ar\/index.php\/wp-json\/wp\/v2\/media?parent=19542"}],"wp:term":[{"taxonomy":"category","embeddable":true,"href":"https:\/\/13.com.ar\/index.php\/wp-json\/wp\/v2\/categories?post=19542"},{"taxonomy":"post_tag","embeddable":true,"href":"https:\/\/13.com.ar\/index.php\/wp-json\/wp\/v2\/tags?post=19542"}],"curies":[{"name":"wp","href":"https:\/\/api.w.org\/{rel}","templated":true}]}}