{"id":19540,"date":"2025-04-24T07:51:28","date_gmt":"2025-04-24T10:51:28","guid":{"rendered":"https:\/\/13.com.ar\/index.php\/fire-force-temporada-3-capitulo-4-cuando-se-estrena-y-a-que-hora-sale-el-nuevo-episodio-en-crunchyroll-de-enen-no-shobotai\/"},"modified":"2025-04-24T07:51:28","modified_gmt":"2025-04-24T10:51:28","slug":"fire-force-temporada-3-capitulo-4-cuando-se-estrena-y-a-que-hora-sale-el-nuevo-episodio-en-crunchyroll-de-enen-no-shobotai","status":"publish","type":"post","link":"https:\/\/13.com.ar\/index.php\/fire-force-temporada-3-capitulo-4-cuando-se-estrena-y-a-que-hora-sale-el-nuevo-episodio-en-crunchyroll-de-enen-no-shobotai\/","title":{"rendered":"Fire Force, temporada 3 &#8211; cap\u00edtulo 4: cu\u00e1ndo se estrena y a qu\u00e9 hora sale el nuevo episodio en Crunchyroll de Enen no Sh\u014db\u014dtai"},"content":{"rendered":"<p> <br \/>\n<br \/><img decoding=\"async\" src=\"https:\/\/13.com.ar\/wp-content\/uploads\/2025\/04\/Fire-Force-temporada-3-capitulo-4-cuando-se-estrena.jpg\" \/><\/p>\n<div id=\"element-body-0\">\n<p>Abril lleg\u00f3 cargado de novedades para los fan\u00e1ticos del anime. Entre los estrenos de el mes se encuentra la <strong>tercera parte de Fire Force,<\/strong> que finalmente lleg\u00f3 a la pantalla chica luego de una larga espera.<\/p>\n<\/div>\n<div id=\"element-body-1\">\n<p>Esta nueva temporada no solo marca el regreso de la serie, sino que tambi\u00e9n<strong> ser\u00e1 la \u00faltima<\/strong>, ya que pondr\u00e1 fin a la <strong>adaptaci\u00f3n animada del popular manga de Atsushi \u014ckubo<\/strong>. <\/p>\n<\/div>\n<div id=\"element-body-2\">\n<p>4Tras dos a\u00f1os de espera, los fan\u00e1ticos de la serie podr\u00e1n disfrutar del<strong> cierre definitivo de esta emocionante historia <\/strong>llena de acci\u00f3n, fuego y secretos, que los mantuvo enganchados desde su inicio.<\/p>\n<\/div>\n<div id=\"element-body-4\">\n<p>El<strong> cuarto episodio de la parte 3 de Fire Force<\/strong> se estrenar\u00e1 el <strong>viernes 25 de abril de 2025.<\/strong><\/p>\n<\/div>\n<div id=\"element-body-5\">\n<blockquote class=\"twitter-tweet\">\n<p lang=\"en\" dir=\"ltr\">UPDATE\u2757<\/p>\n<p>&#8220;Fire Force&#8221; Season 3 Episode 4 Preview.<\/p>\n<p>The episode will air on Friday, April 25.<a rel=\"nofollow\" target=\"_blank\" href=\"https:\/\/twitter.com\/hashtag\/anime?src=hash&amp;ref_src=twsrc%5Etfw\">#anime<\/a> <a rel=\"nofollow\" target=\"_blank\" href=\"https:\/\/t.co\/7DIWbQzxDj\">pic.twitter.com\/7DIWbQzxDj<\/a><\/p>\n<p>\u2014 Otaku Lord (@otaku_lord21) <a rel=\"nofollow\" target=\"_blank\" href=\"https:\/\/twitter.com\/otaku_lord21\/status\/1914341270597820480?ref_src=twsrc%5Etfw\">April 21, 2025<\/a><\/p><\/blockquote>\n<\/div>\n<div id=\"element-body-6\">\n<p>Esta tercera y \u00faltima temporada de Fire Force <strong>se estrenar\u00e1 en dos partes<\/strong>, la primera en abril de 2025 y <strong>la segunda en enero de 2026<\/strong>.<\/p>\n<\/div>\n<p><h2>Fire Force, temporada 3: a qu\u00e9 hora se estrena el episodio 4 y por d\u00f3nde ver el anime<\/h2>\n<\/p>\n<div id=\"element-body-8\">\n<p>El <strong>cap\u00edtulo 4<\/strong> de la <strong>tercera temporada de Fire Force<\/strong> se podr\u00e1 ver a trav\u00e9s de <strong>Crunchyroll<\/strong> y <strong>Netflix a partir del viernes 25 de abril<\/strong>.<strong> <\/strong>A continuaci\u00f3n, te dejamos<strong> los horarios de estreno por pa\u00eds: <\/strong><\/p>\n<\/div>\n<div id=\"element-body-10\">\n<blockquote class=\"twitter-tweet\">\n<p lang=\"pt\" dir=\"ltr\">o okubo tava muito inspirado quando criou a maki, a mais bonita de fire force de longe <a rel=\"nofollow\" target=\"_blank\" href=\"https:\/\/t.co\/nRPrkkcPBO\">pic.twitter.com\/nRPrkkcPBO<\/a><\/p>\n<p>\u2014 j\u00falio (@horimitagens) <a rel=\"nofollow\" target=\"_blank\" href=\"https:\/\/twitter.com\/horimitagens\/status\/1912300638936977408?ref_src=twsrc%5Etfw\">April 16, 2025<\/a><\/p><\/blockquote>\n<\/div>\n<p><h2>Fire Force &#8211; temporada 3: los arcos y qu\u00e9 se puede esperar de la nueva parte de Enen no Sh\u014db\u014dtai<\/h2>\n<\/p>\n<div id=\"element-body-12\">\n<p><strong>Fire Force regresa con su tercera temporada<\/strong> y la ciudad de Tokio sigue sumida en el caos. Los ciudadanos enfrentan un fen\u00f3meno aterrador: la combusti\u00f3n humana espont\u00e1nea, que los consume sin raz\u00f3n aparente. Ante esta amenaza, la Enen no Sh\u014db\u014dtai se encarga de apagar este infernal desastre, y<strong> Shinra Kusakabe<\/strong>, un joven con poderes especiales, est\u00e1 m\u00e1s que dispuesto a unirse a la lucha.<\/p>\n<\/div>\n<div id=\"element-body-13\">\n<p>Como miembro de la <strong>Compa\u00f1\u00eda 8<\/strong>, Shinra utiliza sus habilidades, que incluyen las huellas de un &#8220;diablo&#8221; en sus pies, para evitar que la ciudad se reduzca a cenizas. Sin embargo, su pasado est\u00e1 marcado por un oscuro secreto que podr\u00eda desatar a\u00fan m\u00e1s fuego, poniendo en peligro a todos. Esta temporada promete intensificar la acci\u00f3n, los misterios y los enfrentamientos con poderosos enemigos.<\/p>\n<\/div>\n<div id=\"element-body-14\">\n<p>Ahora, explicado lo anterior, <strong>\u00bfQu\u00e9 arcos animar\u00e1 la temporada 3 de Fire Force? <\/strong>Como se trata del final del anime y la serie se dividir\u00e1 en 2 partes, a continuaci\u00f3n <strong>detallamos cada uno de los arcos del manga que saldr\u00e1n en el anime.<\/strong><\/p>\n<\/div>\n<div id=\"element-body-19\">\n<blockquote class=\"twitter-tweet\">\n<p lang=\"pt\" dir=\"ltr\">N\u00e3o tenho palavras para descrever o quanto esse anime t\u00e1 lindo! \ud83d\ude33\ud83d\udd25<\/p>\n<p>Anime: Fire Force 3\u00aa Temporada <a rel=\"nofollow\" target=\"_blank\" href=\"https:\/\/t.co\/IyzhHe1zGp\">pic.twitter.com\/IyzhHe1zGp<\/a><\/p>\n<p>\u2014 Crunchyroll Brasil (@Crunchyroll_PT) <a rel=\"nofollow\" target=\"_blank\" href=\"https:\/\/twitter.com\/Crunchyroll_PT\/status\/1914650403427283014?ref_src=twsrc%5Etfw\">April 22, 2025<\/a><\/p><\/blockquote>\n<\/div>\n<div id=\"element-body-20\">\n<p>La <strong>serie dirigida por Yuki Yase<\/strong> en el estudio <strong>David Production<\/strong>, se mantiene fiel a la visi\u00f3n del <strong>manga original de Atsushi \u014ckubo<\/strong>, con Yamato Haishima encarg\u00e1ndose de la adaptaci\u00f3n y Hideyuki Morioka dise\u00f1ando los personajes. <\/p>\n<\/div>\n<div id=\"element-body-21\">\n<p>Por su parte, Tatsuma Minamikawa asumi\u00f3 la direcci\u00f3n y adaptaci\u00f3n para la segunda temporada, emitida en 2020, y continuar\u00e1 liderando este proyecto en la esperada tercera entrega. <\/p>\n<\/div>\n<p><script async src=\"\/\/platform.twitter.com\/widgets.js\" charset=\"utf-8\"><\/script><br \/>\n<br \/><br \/>\n<br \/><a href=\"https:\/\/www.clarin.com\/internacional\/fire-force-temporada-3-capitulo-4-estrena-hora-sale-nuevo-episodio-crunchyroll-enen-shobotai_0_lcoPojuJpg.html\">Fuente Clarin.com <\/a><\/p>\n","protected":false},"excerpt":{"rendered":"<p>Abril lleg\u00f3 cargado de novedades para los fan\u00e1ticos del anime. Entre los estrenos de el mes se encuentra la tercera parte de Fire Force, que finalmente lleg\u00f3 a la pantalla chica luego de una larga espera. Esta nueva temporada no solo marca el regreso de la serie, sino que tambi\u00e9n ser\u00e1 la \u00faltima, ya que [&hellip;]<\/p>\n","protected":false},"author":1,"featured_media":19541,"comment_status":"open","ping_status":"open","sticky":false,"template":"","format":"standard","meta":{"footnotes":""},"categories":[2],"tags":[2497,2499,677,15827,2498,2455,15825,15826,713,14,286,449,15828,2204],"class_list":["post-19540","post","type-post","status-publish","format-standard","has-post-thumbnail","hentry","category-ultimas-noticias","tag-capitulo","tag-crunchyroll","tag-cuando","tag-enen","tag-episodio","tag-estrena","tag-fire","tag-force","tag-hora","tag-nuevo","tag-que","tag-sale","tag-shobotai","tag-temporada"],"_links":{"self":[{"href":"https:\/\/13.com.ar\/index.php\/wp-json\/wp\/v2\/posts\/19540","targetHints":{"allow":["GET"]}}],"collection":[{"href":"https:\/\/13.com.ar\/index.php\/wp-json\/wp\/v2\/posts"}],"about":[{"href":"https:\/\/13.com.ar\/index.php\/wp-json\/wp\/v2\/types\/post"}],"author":[{"embeddable":true,"href":"https:\/\/13.com.ar\/index.php\/wp-json\/wp\/v2\/users\/1"}],"replies":[{"embeddable":true,"href":"https:\/\/13.com.ar\/index.php\/wp-json\/wp\/v2\/comments?post=19540"}],"version-history":[{"count":0,"href":"https:\/\/13.com.ar\/index.php\/wp-json\/wp\/v2\/posts\/19540\/revisions"}],"wp:featuredmedia":[{"embeddable":true,"href":"https:\/\/13.com.ar\/index.php\/wp-json\/wp\/v2\/media\/19541"}],"wp:attachment":[{"href":"https:\/\/13.com.ar\/index.php\/wp-json\/wp\/v2\/media?parent=19540"}],"wp:term":[{"taxonomy":"category","embeddable":true,"href":"https:\/\/13.com.ar\/index.php\/wp-json\/wp\/v2\/categories?post=19540"},{"taxonomy":"post_tag","embeddable":true,"href":"https:\/\/13.com.ar\/index.php\/wp-json\/wp\/v2\/tags?post=19540"}],"curies":[{"name":"wp","href":"https:\/\/api.w.org\/{rel}","templated":true}]}}