{"id":19538,"date":"2025-04-24T07:48:30","date_gmt":"2025-04-24T10:48:30","guid":{"rendered":"https:\/\/13.com.ar\/index.php\/110-anos-de-busqueda-de-justicia\/"},"modified":"2025-04-24T07:48:30","modified_gmt":"2025-04-24T10:48:30","slug":"110-anos-de-busqueda-de-justicia","status":"publish","type":"post","link":"https:\/\/13.com.ar\/index.php\/110-anos-de-busqueda-de-justicia\/","title":{"rendered":"110 a\u00f1os de b\u00fasqueda de Justicia"},"content":{"rendered":"<p> <br \/>\n<br \/><img decoding=\"async\" src=\"https:\/\/13.com.ar\/wp-content\/uploads\/2025\/04\/110-anos-de-busqueda-de-Justicia.jpg\" \/><\/p>\n<div id=\"element-body-0\">\n<p>Las formas de reconocimiento y posibles reparaciones del genocidio armenio son dos temas fundamentales que est\u00e1n comenzando a tener mayor presencia en estos a\u00f1os. La posibilidad de rastrear un largo movimiento de reivindicaci\u00f3n y justicia -que tiene m\u00e1s de cien a\u00f1os- contribuye para pensar las formas de b\u00fasqueda de verdad y reparaci\u00f3n, m\u00e1s all\u00e1 de este caso hist\u00f3rico, y puede ayudar a lidiar con otras injusticias y cr\u00edmenes contra la humanidad.<\/p>\n<\/div>\n<div id=\"element-body-1\">\n<p>Creo adecuado transcribir la definici\u00f3n del a\u00f1o 1948 de la Convenci\u00f3n para la Sanci\u00f3n y Prevenci\u00f3n del Delito de Genocidio. En su art\u00edculo segundo se explica que: \u201c\u2026 se entiende por genocidio cualquiera de los actos mencionados a continuaci\u00f3n, perpetrados con la intenci\u00f3n de destruir, total o parcialmente, a un grupo nacional, \u00e9tnico, racial o religioso como tal: a) Matanza de miembros del grupo; b) Lesi\u00f3n grave a la integridad f\u00edsica o mental de los miembros del grupo; c) Sometimiento intencional del grupo a condiciones de existencia que hayan de acarrear su destrucci\u00f3n f\u00edsica, total o parcial; d) Medidas destinadas a impedir nacimientos en el seno del grupo; e) Traslado por la fuerza de ni\u00f1os del grupo a otro grupo.\u201d En el caso armenio se dan cada uno de los puntos se\u00f1alados en la definici\u00f3n jur\u00eddica.<\/p>\n<\/div>\n<div id=\"element-body-2\">\n<p>Sin embargo, la posibilidad de las reparaciones ha encontrado durante d\u00e9cadas el bloqueo que el negacionismo -como pol\u00edtica activa del estado perpetrador- ha creado sobre esta cuesti\u00f3n. Por esta raz\u00f3n, todas las energ\u00edas de las v\u00edctimas y descendientes se han centrado en combatir contra las mentiras y distorsiones que buscan negar el genocidio. A pesar de esto, en los \u00faltimos a\u00f1os hubo una amplia producci\u00f3n acad\u00e9mica sobre el tema, una mayor proporci\u00f3n de reconocimientos oficiales y un apoyo de la opini\u00f3n p\u00fablica mundial.<\/p>\n<\/div>\n<div id=\"element-body-3\">\n<p>Argentina tuvo un papel fundamental en la b\u00fasqueda de justicia del genocidio armenio. En 1987, el presidente Ra\u00fal Alfons\u00edn hab\u00eda proclamado -de manera oficial- el car\u00e1cter genocida de los sucesos que comenzaron en 1915. A este reconocimiento presidencial se sumaba la ley del parlamento argentino del a\u00f1o 2007 que declaraba el d\u00eda 24 de abril como: \u201c\u2018D\u00eda de la acci\u00f3n por la tolerancia y el respeto entre los pueblos\u2019 en conmemoraci\u00f3n del genocidio sufrido por el pueblo armenio.\u201d Por otra parte, se dio un importante logro judicial a trav\u00e9s de la causa por el Derecho a la Verdad llevada a cabo por el escribano Gregorio Hairabedian, su familia y la totalidad de las entidades de la colectividad armenia de Argentina. En 2011 un juzgado federal emiti\u00f3 un fallo favorable reconociendo que lo sucedido en 1915 era un genocidio.<\/p>\n<\/div>\n<div id=\"element-body-4\">\n<p>Argentina es uno de los pocos pa\u00edses del mundo que ha reconocido el exterminio de los armenios por intermedio del poder ejecutivo, legislativo y judicial. Nuestro pa\u00eds es pionero de un movimiento que busca \u2013 a trav\u00e9s de la prosecuci\u00f3n de justicia y reparaci\u00f3n- restituir, tanto la dignidad de la memoria de las v\u00edctimas y sus descendientes, como sentar un precedente pedag\u00f3gico a nivel global.<\/p>\n<\/div>\n<div id=\"element-body-5\">\n<p><em> Juan Pablo Artinian es Doctor en Historia por la State University of New York, Profesor en la Universidad de Buenos Aires y en la Universidad Torcuato Di Tella. Autor del libro Genocidio y Resistencia la destrucci\u00f3n de los armenios por el imperio Otomano y la b\u00fasqueda de justicia (1915-1923) <\/em><\/p>\n<\/div>\n<p><br \/>\n<br \/><a href=\"https:\/\/www.clarin.com\/opinion\/genocidio-armenio-110-anos-busqueda-justicia_0_0dQUzzOc1e.html\">Fuente Clarin.com <\/a><\/p>\n","protected":false},"excerpt":{"rendered":"<p>Las formas de reconocimiento y posibles reparaciones del genocidio armenio son dos temas fundamentales que est\u00e1n comenzando a tener mayor presencia en estos a\u00f1os. La posibilidad de rastrear un largo movimiento de reivindicaci\u00f3n y justicia -que tiene m\u00e1s de cien a\u00f1os- contribuye para pensar las formas de b\u00fasqueda de verdad y reparaci\u00f3n, m\u00e1s all\u00e1 de [&hellip;]<\/p>\n","protected":false},"author":1,"featured_media":19539,"comment_status":"open","ping_status":"open","sticky":false,"template":"","format":"standard","meta":{"footnotes":""},"categories":[2],"tags":[636,5588,964],"class_list":["post-19538","post","type-post","status-publish","format-standard","has-post-thumbnail","hentry","category-ultimas-noticias","tag-anos","tag-busqueda","tag-justicia"],"_links":{"self":[{"href":"https:\/\/13.com.ar\/index.php\/wp-json\/wp\/v2\/posts\/19538","targetHints":{"allow":["GET"]}}],"collection":[{"href":"https:\/\/13.com.ar\/index.php\/wp-json\/wp\/v2\/posts"}],"about":[{"href":"https:\/\/13.com.ar\/index.php\/wp-json\/wp\/v2\/types\/post"}],"author":[{"embeddable":true,"href":"https:\/\/13.com.ar\/index.php\/wp-json\/wp\/v2\/users\/1"}],"replies":[{"embeddable":true,"href":"https:\/\/13.com.ar\/index.php\/wp-json\/wp\/v2\/comments?post=19538"}],"version-history":[{"count":0,"href":"https:\/\/13.com.ar\/index.php\/wp-json\/wp\/v2\/posts\/19538\/revisions"}],"wp:featuredmedia":[{"embeddable":true,"href":"https:\/\/13.com.ar\/index.php\/wp-json\/wp\/v2\/media\/19539"}],"wp:attachment":[{"href":"https:\/\/13.com.ar\/index.php\/wp-json\/wp\/v2\/media?parent=19538"}],"wp:term":[{"taxonomy":"category","embeddable":true,"href":"https:\/\/13.com.ar\/index.php\/wp-json\/wp\/v2\/categories?post=19538"},{"taxonomy":"post_tag","embeddable":true,"href":"https:\/\/13.com.ar\/index.php\/wp-json\/wp\/v2\/tags?post=19538"}],"curies":[{"name":"wp","href":"https:\/\/api.w.org\/{rel}","templated":true}]}}