{"id":1953,"date":"2025-02-04T18:20:49","date_gmt":"2025-02-04T21:20:49","guid":{"rendered":"https:\/\/13.com.ar\/index.php\/flybondi-recibio-su-quinto-avion-con-tripulacion-extranjera-en-medio-de-las-quejas-por-reprogramaciones-y-la-multa-de-kicillof\/"},"modified":"2025-02-04T18:20:49","modified_gmt":"2025-02-04T21:20:49","slug":"flybondi-recibio-su-quinto-avion-con-tripulacion-extranjera-en-medio-de-las-quejas-por-reprogramaciones-y-la-multa-de-kicillof","status":"publish","type":"post","link":"https:\/\/13.com.ar\/index.php\/flybondi-recibio-su-quinto-avion-con-tripulacion-extranjera-en-medio-de-las-quejas-por-reprogramaciones-y-la-multa-de-kicillof\/","title":{"rendered":"Flybondi recibi\u00f3 su quinto avi\u00f3n con tripulaci\u00f3n extranjera en medio de las quejas por reprogramaciones y la multa de Kicillof"},"content":{"rendered":"<p> <br \/>\n<br \/><img decoding=\"async\" src=\"https:\/\/13.com.ar\/wp-content\/uploads\/2025\/02\/Flybondi-recibio-su-quinto-avion-con-tripulacion-extranjera-en-medio.jpg\" \/><\/p>\n<div>\n<p>La low cost <strong>Flybondi<\/strong> <strong>recibi\u00f3 su quinto avi\u00f3n<\/strong> <strong>bajo acuerdo <em>wet lease<\/em><\/strong><em>,<\/em> el primero de este tipo en la aviaci\u00f3n argentina, en el que una aerol\u00ednea alquila una aeronave con matr\u00edcula extranjera y trae a su tripulaci\u00f3n. <\/p>\n<\/div>\n<div>\n<p>El Airbus A320 con matr\u00edcula LY-NVL es de la compa\u00f1\u00eda lituana<strong> Avi\u00f3n Express<\/strong>. Arrib\u00f3 al Aeropuerto Internacional de Ezeiza este lunes y <strong>entrar\u00e1 en operaci\u00f3n en los pr\u00f3ximos d\u00edas<\/strong> para reforzar la programaci\u00f3n de vuelos de la low cost en lo que queda de la temporada de verano, que se increment\u00f3 en m\u00e1s de un <strong>13%<\/strong>.<\/p>\n<\/div>\n<div>\n<p>De esta manera, y luego de que este lunes empezara a volar tambi\u00e9n entre Ezeiza y R\u00edo Gallegos (Santa Cruz), <strong>la aerol\u00ednea tendr\u00e1 20 aviones<\/strong>: 15 Boeing 737-800 NG y cinco bajo <em>wet lease, <\/em>de los cuales dos son Boeing 737-800 NG y tres, Airbus A320.<\/p>\n<\/div>\n<div>\n<p>La <strong>Administraci\u00f3n Nacional de Aviaci\u00f3n Civil (ANAC) <\/strong>ya le hab\u00eda labrado actas en 2024, a las que se habr\u00edan sumado otras recientes por \u201c<strong>cancelaciones de vuelos<\/strong> sin aviso previo y <strong>modificaciones de itinerarios<\/strong> sin la debida notificaci\u00f3n\u201d<\/p>\n<\/div>\n<div>\n<p>Al respecto, desde la compa\u00f1\u00eda aclararon que <strong>desde casi dos meses vienen ejecutando \u201cuna operaci\u00f3n m\u00e1s conservadora\u201d<\/strong> y \u201ctrabajando para dar el mejor servicio\u201d. <\/p>\n<\/div>\n<div>\n<p>\u201cLos n\u00fameros que refleja el plan muestran una importante mejora y <strong>seguimos enfocados en esa optimizaci\u00f3n<\/strong>: <strong>2.616 vuelos operados<\/strong> y<strong> 397.467 pasajeros transportados<\/strong> entre el 7 de diciembre y el 7 de enero, con <strong>99,35%<\/strong> de regularidad (total de vuelos realizados en base a lo programado)\u201d, detallaron.<\/p>\n<\/div>\n<div>\n<p><strong>Con la nueva ruta a Santa Cruz, ser\u00e1n 26 las que operar\u00e1 en total<\/strong>, conectando 18 destinos nacionales con Buenos Aires, cinco interprovinciales y tres con Brasil. <\/p>\n<\/div>\n<div>\n<p>Respecto de la sanci\u00f3n por parte del<strong> Ministerio de Producci\u00f3n, Ciencia e Innovaci\u00f3n Tecnol\u00f3gica bonaerense<\/strong>, \u201ctras confirmarse infracciones a la Ley N\u00b0 24.240 de Defensa del Consumidor, a partir de 2.400 reclamos y denuncias de usuarios de la Provincia\u201d, inform\u00f3 que <strong>impugnar\u00e1 la medida<\/strong>, ya que entiende que el distrito que gobierna <strong>Axel Kicillof no tiene competencia en materia aeron\u00e1utica<\/strong>, sino que la autoridad correspondiente es la ANAC.<\/p>\n<\/div>\n<div>\n<p>A su vez, sostuvo que \u201c<strong>siempre da respuesta a los reclamos<\/strong> en los canales de comunicaci\u00f3n habilitados\u201d y \u201cbrinda toda la informaci\u00f3n al pasajero para ejercer sus derechos conforme la normativa aplicable\u201d.<\/p>\n<\/div>\n<p><br \/>\n<br \/><a href=\"https:\/\/www.clarin.com\/economia\/flybondi-recibio-quinto-avion-tripulacion-extranjera-medio-quejas-reprogramaciones-multa-kicillof_0_EsksFtg4OK.html\">Fuente Clarin.com <\/a><\/p>\n","protected":false},"excerpt":{"rendered":"<p>La low cost Flybondi recibi\u00f3 su quinto avi\u00f3n bajo acuerdo wet lease, el primero de este tipo en la aviaci\u00f3n argentina, en el que una aerol\u00ednea alquila una aeronave con matr\u00edcula extranjera y trae a su tripulaci\u00f3n. El Airbus A320 con matr\u00edcula LY-NVL es de la compa\u00f1\u00eda lituana Avi\u00f3n Express. Arrib\u00f3 al Aeropuerto Internacional de [&hellip;]<\/p>\n","protected":false},"author":1,"featured_media":1954,"comment_status":"open","ping_status":"open","sticky":false,"template":"","format":"standard","meta":{"footnotes":""},"categories":[2],"tags":[1418,18,3758,2314,488,48,1224,539,142,244,3756,1363,3759,3757],"class_list":["post-1953","post","type-post","status-publish","format-standard","has-post-thumbnail","hentry","category-ultimas-noticias","tag-avion","tag-con","tag-extranjera","tag-flybondi","tag-kicillof","tag-las","tag-medio","tag-multa","tag-por","tag-quejas","tag-quinto","tag-recibio","tag-reprogramaciones","tag-tripulacion"],"_links":{"self":[{"href":"https:\/\/13.com.ar\/index.php\/wp-json\/wp\/v2\/posts\/1953","targetHints":{"allow":["GET"]}}],"collection":[{"href":"https:\/\/13.com.ar\/index.php\/wp-json\/wp\/v2\/posts"}],"about":[{"href":"https:\/\/13.com.ar\/index.php\/wp-json\/wp\/v2\/types\/post"}],"author":[{"embeddable":true,"href":"https:\/\/13.com.ar\/index.php\/wp-json\/wp\/v2\/users\/1"}],"replies":[{"embeddable":true,"href":"https:\/\/13.com.ar\/index.php\/wp-json\/wp\/v2\/comments?post=1953"}],"version-history":[{"count":0,"href":"https:\/\/13.com.ar\/index.php\/wp-json\/wp\/v2\/posts\/1953\/revisions"}],"wp:featuredmedia":[{"embeddable":true,"href":"https:\/\/13.com.ar\/index.php\/wp-json\/wp\/v2\/media\/1954"}],"wp:attachment":[{"href":"https:\/\/13.com.ar\/index.php\/wp-json\/wp\/v2\/media?parent=1953"}],"wp:term":[{"taxonomy":"category","embeddable":true,"href":"https:\/\/13.com.ar\/index.php\/wp-json\/wp\/v2\/categories?post=1953"},{"taxonomy":"post_tag","embeddable":true,"href":"https:\/\/13.com.ar\/index.php\/wp-json\/wp\/v2\/tags?post=1953"}],"curies":[{"name":"wp","href":"https:\/\/api.w.org\/{rel}","templated":true}]}}