{"id":1951,"date":"2025-02-04T18:04:00","date_gmt":"2025-02-04T21:04:00","guid":{"rendered":"https:\/\/13.com.ar\/index.php\/las-carteras-con-nombre-propio-que-eligen-desde-las-princesas-hasta-wanda-nara-y-cristina-kirchner\/"},"modified":"2025-02-04T18:04:00","modified_gmt":"2025-02-04T21:04:00","slug":"las-carteras-con-nombre-propio-que-eligen-desde-las-princesas-hasta-wanda-nara-y-cristina-kirchner","status":"publish","type":"post","link":"https:\/\/13.com.ar\/index.php\/las-carteras-con-nombre-propio-que-eligen-desde-las-princesas-hasta-wanda-nara-y-cristina-kirchner\/","title":{"rendered":"las carteras con nombre propio que eligen desde las princesas, hasta Wanda Nara y Cristina Kirchner"},"content":{"rendered":"<p> <br \/>\n<\/p>\n<div id=\"cuerpo\">\n<div class=\"sc-80531b6b-0 chRIGJ container-text text-embed\">\n<p><strong>&#8220;Nunca voy a ning\u00fan sitio importante sin mi bolso negro Herm\u00e8s favorito&#8221;, <\/strong>dec\u00eda Grace Kelly, quien dio nombre a &#8216;Kelly&#8217;, una de las carteras m\u00e1s deseadas pero no la \u00fanica: Jane Birkin y Jackie Kennedy tambi\u00e9n tienen una con nombre propio. S\u00edmbolo de clase, distinci\u00f3n, estatus y poder econ\u00f3mico, estas carteras <strong>fueron elegidas por princesas, famosas y hasta Cristina Kirchner.<\/strong><\/p>\n<\/div>\n<div class=\"sc-80531b6b-0 chRIGJ container-text text-embed\">\n<p>La cartera <strong>Lady Dior <\/strong>fue bautizada (o m\u00e1s bien rebautizada) con el nombre de Diana, en honor a la <strong>princesa Diana de Gales. <\/strong>La historia comenz\u00f3 en septiembre de 1995, durante la inauguraci\u00f3n de la retrospectiva de Paul C\u00e9zanne en el Grand Palais de Par\u00eds, cuando<strong> la entonces primera dama de Francia, Bernadette Chirac, regal\u00f3 a la princesa de Gales un nuevo bolso Dior,<\/strong> entonces llamado Chouchou, un modelo que a\u00fan no hab\u00eda salido al mercado.<\/p>\n<\/div>\n<div class=\"sc-80531b6b-0 chRIGJ container-text text-embed\">\n<p>Pocos meses despu\u00e9s, <strong>la princesa fue fotografiada con ese mismo bolso al bajar de un avi\u00f3n en Buenos Aires.<\/strong> No fue la \u00fanica vez. A Diana de Gales le gustaba tanto que en 1996 asisti\u00f3 a la Gala Met con una versi\u00f3n m\u00e1s peque\u00f1a, el mini &#8216;Lady Dior&#8217;, creado especialmente para ella.<\/p>\n<\/div>\n<div class=\"sc-198be8ec-0 cynXbu image-embed  image-embed \"><picture class=\"sc-198be8ec-1 kOjRiQ\"><source media=\"(min-width: 975px)\" width=\"720\" height=\"480\" \/><img alt=\"Lady Di llega a Buenos Aires con el bolso Dior que luego fue renombrado como Lady Dior.\" loading=\"lazy\" width=\"720\" height=\"480\" decoding=\"async\" data-nimg=\"1\" style=\"color:transparent\" src=\"https:\/\/13.com.ar\/wp-content\/uploads\/2025\/02\/las-carteras-con-nombre-propio-que-eligen-desde-las-princesas.jpg\"\/><span class=\"epigraphe\">Lady Di llega a Buenos Aires con el bolso Dior que luego fue renombrado como Lady Dior.<\/span><span class=\"bkg\"\/><span class=\"picture-open\"><button class=\"open-image\" aria-label=\"Open Image\"\/><\/span><\/picture><\/div>\n<div class=\"sc-80531b6b-0 chRIGJ container-text text-embed\">\n<p>Ni <strong>Cristina Kirchner<\/strong> se pudo resistir a poseer un Lady Dior. A la ex presidenta se la ha visto en reiteradas oportunidades -una de ellas ingresando a Tribunales- llevarla en distintos tama\u00f1os y colores. Posee en su armario versiones en azul el\u00e9ctrico, blanco, naranja y varias negros en diferentes tama\u00f1os.<\/p>\n<\/div>\n<div class=\"sc-198be8ec-0 cynXbu image-embed  image-embed \"><picture class=\"sc-198be8ec-1 kOjRiQ\"><source media=\"(min-width: 975px)\" width=\"720\" height=\"480\" \/><img alt=\"Cristina Kirchner ingresa a Tribunales con uno de sus tantos bolsos Lady Dior. Foto AFP\" loading=\"lazy\" width=\"720\" height=\"480\" decoding=\"async\" data-nimg=\"1\" style=\"color:transparent\" src=\"https:\/\/13.com.ar\/wp-content\/uploads\/2025\/02\/1738703040_866_las-carteras-con-nombre-propio-que-eligen-desde-las-princesas.jpg\"\/><span class=\"epigraphe\">Cristina Kirchner ingresa a Tribunales con uno de sus tantos bolsos Lady Dior. Foto AFP<\/span><span class=\"bkg\"\/><span class=\"picture-open\"><button class=\"open-image\" aria-label=\"Open Image\"\/><\/span><\/picture><\/div>\n<div class=\"sc-80531b6b-0 chRIGJ container-text text-embed\">\n<p>El modelo Lady Dior no es el \u00fanico con nombre de princesa. En la d\u00e9cada de los a\u00f1os 30 del siglo XX, Robert Dum\u00e1s, al frente de la casa <strong>Herm\u00e8s<\/strong>, cre\u00f3 un bolso que bautiz\u00f3 con el nombre Le Sac \u00e0 D\u00e9p\u00eaches. Se trataba de <strong>un dise\u00f1o femenino, con una sola asa, que la casa rebautizaba como &#8216;Kelly&#8217; despu\u00e9s de que en 1956 lo luciera Grace Kelly,<\/strong> seg\u00fan publica la ilustradora Megan Hess en el libro &#8216;Bolsos&#8217; (Lunwerg).<\/p>\n<\/div>\n<div class=\"sc-198be8ec-0 cynXbu image-embed  image-embed \"><picture class=\"sc-198be8ec-1 kOjRiQ\"><source media=\"(min-width: 975px)\" width=\"720\" height=\"480\" \/><img alt=\"Grace Kelly lleva el bolsa de la casa Hermes que luego ser\u00eda renombrado Kelly bag.\" loading=\"lazy\" width=\"720\" height=\"480\" decoding=\"async\" data-nimg=\"1\" style=\"color:transparent\" src=\"https:\/\/13.com.ar\/wp-content\/uploads\/2025\/02\/1738703040_897_las-carteras-con-nombre-propio-que-eligen-desde-las-princesas.jpg\"\/><span class=\"epigraphe\">Grace Kelly lleva el bolsa de la casa Hermes que luego ser\u00eda renombrado Kelly bag.<\/span><span class=\"bkg\"\/><span class=\"picture-open\"><button class=\"open-image\" aria-label=\"Open Image\"\/><\/span><\/picture><\/div>\n<div class=\"sc-80531b6b-0 chRIGJ container-text text-embed\">\n<p>Cuando <strong>Gucci lanz\u00f3 en 1961 el bolso &#8216;Jackie&#8217;<\/strong>, lo bautiz\u00f3 con el nombre G1244. Su nombre cambi\u00f3 cuando la primera dama de Estados Unidos <strong>descubri\u00f3 el modelo y lo luci\u00f3 en repetidas ocasiones en la d\u00e9cada de los 70 <\/strong>con su caracter\u00edsticas gafas de pasta tama\u00f1o XXL.<\/p>\n<\/div>\n<div class=\"sc-80531b6b-0 chRIGJ container-text text-embed\">\n<p>En la d\u00e9cada de 1990, <strong>la princesa de Gales sol\u00eda lucir el bolso de Gucci con asas de bamb\u00fa. <\/strong>Lo usaba con trajes de chaqueta y tambi\u00e9n con mallas de ciclista y sudadera. En 2021, la casa italiana lo rebautiz\u00f3 en su honor y desde entonces es el modelo<strong> &#8216;Diana&#8217;. <\/strong><\/p>\n<\/div>\n<div class=\"sc-198be8ec-0 cynXbu image-embed  image-embed \"><picture class=\"sc-198be8ec-1 kOjRiQ\"><source media=\"(min-width: 975px)\" width=\"720\" height=\"480\" \/><img alt=\"Jackie Kennedy usaba tanto una cartera de la casa Gucci que la firma la renombr\u00f3 como la ex primera dama de Estados Unidos.\" loading=\"lazy\" width=\"720\" height=\"480\" decoding=\"async\" data-nimg=\"1\" style=\"color:transparent\" src=\"https:\/\/13.com.ar\/wp-content\/uploads\/2025\/02\/1738703040_251_las-carteras-con-nombre-propio-que-eligen-desde-las-princesas.jpg\"\/><span class=\"epigraphe\">Jackie Kennedy usaba tanto una cartera de la casa Gucci que la firma la renombr\u00f3 como la ex primera dama de Estados Unidos.<\/span><span class=\"bkg\"\/><span class=\"picture-open\"><button class=\"open-image\" aria-label=\"Open Image\"\/><\/span><\/picture><\/div>\n<p><h2>La &#8216;Birkin&#8217;, la cartera m\u00e1s deseada del mundo<\/h2>\n<\/p>\n<div class=\"sc-80531b6b-0 chRIGJ container-text text-embed\">\n<p>La cartera &#8216;<strong>Birkin<\/strong>&#8216; es el resultado de un encuentro fortuito en un vuelo Par\u00eds-Londres entre el director ejecutivo de Herm\u00e8s, Jean-Louis Dumas (hijo de Robert Dumas), y la actriz<strong> Jane Birkin,<\/strong> tras el que el dise\u00f1ador cre\u00f3 el bolso ideal para la artista.<\/p>\n<\/div>\n<div class=\"sc-80531b6b-0 chRIGJ container-text text-embed\">\n<p>La historia se remonta a 1981<strong>: &#8220;Estaba en un avi\u00f3n cuando se rompi\u00f3 una bolsa de pl\u00e1stico que conten\u00eda todas mis cosas y todo se cay\u00f3: mi agenda, papeles, todo&#8221;, <\/strong>revelaba la cantante en 2010 a The New York Times Style Magazine.<\/p>\n<\/div>\n<div class=\"sc-198be8ec-0 cynXbu image-embed  image-embed \"><picture class=\"sc-198be8ec-1 kOjRiQ\"><source media=\"(min-width: 975px)\" width=\"720\" height=\"480\" \/><img alt=\"La cartera Birkin de Herm\u00e9s, el modelo m\u00e1s deseado del mundo. Foto Reuters, Mario Anzuoni\" loading=\"lazy\" width=\"720\" height=\"480\" decoding=\"async\" data-nimg=\"1\" style=\"color:transparent\" src=\"https:\/\/13.com.ar\/wp-content\/uploads\/2025\/02\/1738703040_31_las-carteras-con-nombre-propio-que-eligen-desde-las-princesas.jpg\"\/><span class=\"epigraphe\">La cartera Birkin de Herm\u00e9s, el modelo m\u00e1s deseado del mundo. Foto Reuters, Mario Anzuoni<\/span><span class=\"bkg\"\/><span class=\"picture-open\"><button class=\"open-image\" aria-label=\"Open Image\"\/><\/span><\/picture><\/div>\n<div class=\"sc-80531b6b-0 chRIGJ container-text text-embed\">\n<p>As\u00ed naci\u00f3 este modelo, probablemente<strong> el m\u00e1s deseado de todos los tiempos<\/strong> -es un habitual de Melania Trump o Georgina Rodr\u00edguez, pareja de Cristiano Ronaldo- y que se puede adquirir a partir de unos 20.000 euros.<\/p>\n<\/div>\n<div class=\"sc-80531b6b-0 chRIGJ container-text text-embed\">\n<p><strong>&#8220;El modo en el que una mujer utiliza su bolso dice mucho sobre ella&#8221;<\/strong>, cuenta Hess en el libro, en el que recuerda que Jane Birkin nunca combinaba varios de sus bolsos hom\u00f3nimos durante una misma temporada, sino que llevaba uno a todas partes hasta que estaba realmente gastado.<\/p>\n<\/div>\n<div class=\"sc-198be8ec-0 cynXbu image-embed  image-embed \"><picture class=\"sc-198be8ec-1 kOjRiQ\"><source media=\"(min-width: 975px)\" width=\"720\" height=\"480\" \/><img alt=\"Wanda Nara en una de sus \u00faltimas apariciones lleva un modelo cl\u00e1sico dentro del universo Birkin. Foto Movilpress\" loading=\"lazy\" width=\"720\" height=\"480\" decoding=\"async\" data-nimg=\"1\" style=\"color:transparent\" src=\"https:\/\/13.com.ar\/wp-content\/uploads\/2025\/01\/1738254629_673_Wanda-Nara-llevo-a-sus-hijas-al-lanzamiento-de-la.jpg\"\/><span class=\"epigraphe\">Wanda Nara en una de sus \u00faltimas apariciones lleva un modelo cl\u00e1sico dentro del universo Birkin. Foto Movilpress<\/span><span class=\"bkg\"\/><span class=\"picture-open\"><button class=\"open-image\" aria-label=\"Open Image\"\/><\/span><\/picture><\/div>\n<div class=\"sc-80531b6b-0 chRIGJ container-text text-embed\">\n<p>Una de las argentinas que m\u00e1s luce el modelo Birkin es <strong>Wanda Nara.<\/strong> A la conductora se la ve frecuentemente ostentar en su cuenta de Instagram los distintos tama\u00f1os y colores que posee del modelo.<\/p>\n<\/div>\n<div class=\"sc-198be8ec-0 cynXbu image-embed  image-embed \"><picture class=\"sc-198be8ec-1 kOjRiQ\"><source media=\"(min-width: 975px)\" width=\"720\" height=\"480\" \/><img alt=\"La China Su\u00e1rez mostr\u00f3 la costosa cartera que le regal\u00f3 Mauro Icardi en Italia. Foto: Instagram\" loading=\"lazy\" width=\"720\" height=\"480\" decoding=\"async\" data-nimg=\"1\" style=\"color:transparent\" src=\"https:\/\/13.com.ar\/wp-content\/uploads\/2025\/02\/1738460953_700_Mauro-Icardi-llego-junto-a-La-China-Suarez-a-Turquia.jpg\"\/><span class=\"epigraphe\">La China Su\u00e1rez mostr\u00f3 la costosa cartera que le regal\u00f3 Mauro Icardi en Italia. Foto: Instagram<\/span><span class=\"bkg\"\/><span class=\"picture-open\"><button class=\"open-image\" aria-label=\"Open Image\"\/><\/span><\/picture><\/div>\n<div class=\"sc-80531b6b-0 chRIGJ container-text text-embed\">\n<p>En medio del &#8220;Wandagate&#8221;, <strong>Eugenia &#8220;La China&#8221; Su\u00e1rez<\/strong> se mostr\u00f3 tambi\u00e9n con un modelo Birkin durante su paso por Mil\u00e1n junto a Mauro Icardi. <\/p>\n<\/div>\n<div class=\"sc-80531b6b-0 chRIGJ container-text text-embed\">\n<p>La cartera ser\u00eda uno de los costosos regalos que le hizo el ex marido de Nara a la actriz en medio de la guerra medi\u00e1tica que enfrenta a los tres. Por ella,<strong> el jugador habr\u00eda desembolsado casi 60.000 euros.<\/strong><\/p>\n<\/div>\n<div class=\"sc-80531b6b-0 chRIGJ container-text text-embed\">\n<p><em>Con informaci\u00f3n de la agencia EFE<\/em><\/p>\n<\/div>\n<\/div>\n<p><br \/>\n<br \/><a href=\"https:\/\/www.clarin.com\/internacional\/birkin-kelly-diana-jackie-carteras-nombre-propio-eligen-princesas-wanda-nara-cristina-kirchner_0_AGsWgUO9UJ.html\">Fuente Clarin.com <\/a><\/p>\n","protected":false},"excerpt":{"rendered":"<p>&#8220;Nunca voy a ning\u00fan sitio importante sin mi bolso negro Herm\u00e8s favorito&#8221;, dec\u00eda Grace Kelly, quien dio nombre a &#8216;Kelly&#8217;, una de las carteras m\u00e1s deseadas pero no la \u00fanica: Jane Birkin y Jackie Kennedy tambi\u00e9n tienen una con nombre propio. S\u00edmbolo de clase, distinci\u00f3n, estatus y poder econ\u00f3mico, estas carteras fueron elegidas por princesas, [&hellip;]<\/p>\n","protected":false},"author":1,"featured_media":1952,"comment_status":"open","ping_status":"open","sticky":false,"template":"","format":"standard","meta":{"footnotes":""},"categories":[2],"tags":[3753,18,497,2184,3754,476,1381,48,315,182,3755,843,314],"class_list":["post-1951","post","type-post","status-publish","format-standard","has-post-thumbnail","hentry","category-ultimas-noticias","tag-carteras","tag-con","tag-cristina","tag-desde","tag-eligen","tag-hasta","tag-kirchner","tag-las","tag-nara","tag-nombre","tag-princesas","tag-propio","tag-wanda"],"_links":{"self":[{"href":"https:\/\/13.com.ar\/index.php\/wp-json\/wp\/v2\/posts\/1951","targetHints":{"allow":["GET"]}}],"collection":[{"href":"https:\/\/13.com.ar\/index.php\/wp-json\/wp\/v2\/posts"}],"about":[{"href":"https:\/\/13.com.ar\/index.php\/wp-json\/wp\/v2\/types\/post"}],"author":[{"embeddable":true,"href":"https:\/\/13.com.ar\/index.php\/wp-json\/wp\/v2\/users\/1"}],"replies":[{"embeddable":true,"href":"https:\/\/13.com.ar\/index.php\/wp-json\/wp\/v2\/comments?post=1951"}],"version-history":[{"count":0,"href":"https:\/\/13.com.ar\/index.php\/wp-json\/wp\/v2\/posts\/1951\/revisions"}],"wp:featuredmedia":[{"embeddable":true,"href":"https:\/\/13.com.ar\/index.php\/wp-json\/wp\/v2\/media\/1952"}],"wp:attachment":[{"href":"https:\/\/13.com.ar\/index.php\/wp-json\/wp\/v2\/media?parent=1951"}],"wp:term":[{"taxonomy":"category","embeddable":true,"href":"https:\/\/13.com.ar\/index.php\/wp-json\/wp\/v2\/categories?post=1951"},{"taxonomy":"post_tag","embeddable":true,"href":"https:\/\/13.com.ar\/index.php\/wp-json\/wp\/v2\/tags?post=1951"}],"curies":[{"name":"wp","href":"https:\/\/api.w.org\/{rel}","templated":true}]}}