{"id":1949,"date":"2025-02-04T18:00:37","date_gmt":"2025-02-04T21:00:37","guid":{"rendered":"https:\/\/13.com.ar\/index.php\/la-provincia-pidio-refuerzos-al-gobierno-para-patrullar-el-gba-pero-bullrich-exige-que-se-involucre-kicillof\/"},"modified":"2025-02-04T18:00:37","modified_gmt":"2025-02-04T21:00:37","slug":"la-provincia-pidio-refuerzos-al-gobierno-para-patrullar-el-gba-pero-bullrich-exige-que-se-involucre-kicillof","status":"publish","type":"post","link":"https:\/\/13.com.ar\/index.php\/la-provincia-pidio-refuerzos-al-gobierno-para-patrullar-el-gba-pero-bullrich-exige-que-se-involucre-kicillof\/","title":{"rendered":"la Provincia pidi\u00f3 refuerzos al Gobierno para patrullar el GBA, pero Bullrich exige que se involucre Kicillof"},"content":{"rendered":"<p> <br \/>\n<\/p>\n<div id=\"cuerpo\">\n<div class=\"sc-80531b6b-0 chRIGJ container-text text-embed\">\n<p>La tensi\u00f3n entre el Gobierno y la Provincia alrededor de la <strong>ola de inseguridad que sufre el conurbano<\/strong> desde la semana pasada no cesa. El ministro de Infraestructura de la Provincia <strong>Gabriel Katopodis<\/strong> pidi\u00f3 a viva voz que el ministerio de Seguridad env\u00ede m\u00e1s fuerzas federales para patrullar el Gran Buenos Aires, pero la ministra &#8211;<strong>m\u00e1s empoderada y con nuevas atribuciones<\/strong>&#8211; rechaza esa alternativa. En el Gobierno solo estar\u00edan dispuestos a analizar esa opci\u00f3n si <strong>Axel Kicillof lo pidiera p\u00fablicamente<\/strong> como hizo el <strong>santafesino Maximiliano Pullaro en 2024<\/strong>.<\/p>\n<\/div>\n<div class=\"sc-80531b6b-0 chRIGJ container-text text-embed\">\n<p>\u201cNecesitamos que el <strong>Presidente se comprometa<\/strong> con el tema, <strong>que comprometa fuerzas federales en los lugares complejos del conurbano<\/strong>\u201d, sentenci\u00f3 el ministro bonaerense en declaraciones a Radio Provincia. El ex intendente de San Mart\u00edn se quej\u00f3 por las cr\u00edticas del jefe de Estado y de <strong>Bullrich a Kicillof<\/strong> y reclam\u00f3 que el Ejecutivo no recorte m\u00e1s partidas a la Provincia. \u201cEl gobernador pone plata todos los d\u00edas desde que asumi\u00f3 para que haya m\u00e1s equipamiento, m\u00e1s personal, mejor log\u00edstica para que haya la mayor inversi\u00f3n en d\u00e9cadas en seguridad. Y <strong>exigimos que el Gobierno no haga campa\u00f1a por las redes<\/strong>, no politice\u201d, afirm\u00f3 el funcionario.<\/p>\n<\/div>\n<div class=\"sc-80531b6b-0 chRIGJ container-text text-embed\">\n<p>En el equipo de Bullrich <strong>rechazan<\/strong>, por ahora, <strong>la posibilidad de enviar m\u00e1s agentes de Gendarmer\u00eda, Polic\u00eda Federal, PSA o Prefectura<\/strong> al conurbano, como <strong>reclaman los intendentes<\/strong>.<\/p>\n<\/div>\n<div class=\"sc-198be8ec-0 cynXbu image-embed  image-embed \"><picture class=\"sc-198be8ec-1 kOjRiQ\"><source media=\"(min-width: 975px)\" width=\"720\" height=\"480\" \/><img alt=\"Fuerzas de Seguridad en Moreno este 4 de febrero.\" loading=\"lazy\" width=\"720\" height=\"480\" decoding=\"async\" data-nimg=\"1\" style=\"color:transparent\" src=\"https:\/\/13.com.ar\/wp-content\/uploads\/2025\/02\/la-Provincia-pidio-refuerzos-al-Gobierno-para-patrullar-el-GBA.jpg\"\/><span class=\"epigraphe\">Fuerzas de Seguridad en Moreno este 4 de febrero.<\/span><span class=\"bkg\"\/><span class=\"picture-open\"><button class=\"open-image\" aria-label=\"Open Image\"\/><\/span><\/picture><\/div>\n<div class=\"sc-80531b6b-0 chRIGJ container-text text-embed\">\n<p>Este martes, Bullrich despleg\u00f3 un <strong>operativo de saturaci\u00f3n en Moreno<\/strong>, el municipio que <strong>gobierna Mariel Fern\u00e1ndez<\/strong>, y que en los \u00faltimos d\u00edas fue el epicentro de protestas tras el <strong>crimen del repartidor Lucas P\u00e9rez<\/strong>. El mismo fue consensuado directamente entre las autoridades nacionales y las provinciales, pero no con las municipales. Llegaron hasta Moreno <strong>16 m\u00f3viles y  60 efectivos de Gendarmer\u00eda, Polic\u00eda Federal y Prefectura<\/strong>, por la tarde, a la hora en la que crecen los &#8220;<strong>delitos lesivos<\/strong>&#8220;, seg\u00fan consignaron fuentes oficiales. <\/p>\n<\/div>\n<div class=\"sc-80531b6b-0 chRIGJ container-text text-embed\">\n<p>En la Cartera de Seguridad apuestan a <strong>profundizar el plan 90\/10<\/strong> con el que pretenden seguir bajando la tasa de homicidios en los municipios que equivalen al 10 por ciento de la superficie nacional, pero concentran el noventa por ciento de los asesinatos de todo el pa\u00eds.<\/p>\n<\/div>\n<div class=\"sc-80531b6b-0 chRIGJ container-text text-embed\">\n<p>En el mencionado programa del que dio cuenta Clar\u00edn, que Bullrich consensu\u00f3 con su par bonaerense Javier Alonso -con quien tiene buena sinton\u00eda y a <strong>quien recibi\u00f3 en su despacho el jueves<\/strong> pasado en un encuentro poco publicitado- involucra el <strong>despliegue de brigadas de inteligencia e investigaci\u00f3n<\/strong> de las cuatros fuerzas federales y del servicio penitenciario para desmantelar a <strong>200 bandas criminales que operan en la Provincia<\/strong>, pero <strong>no incluye patrullaje permanente<\/strong> como piden los intendentes.<\/p>\n<\/div>\n<div class=\"sc-80531b6b-0 chRIGJ container-text text-embed\">\n<p>Los <strong>ejecutivos municipales de la primera y tercera secci\u00f3n electoral<\/strong> del peronismo se reunir\u00e1n este mi\u00e9rcoles a las 19 para debatir una <strong>posici\u00f3n com\u00fan frente a la Casa Rosada, adem\u00e1s del debate interno electoral que los atraviesa<\/strong>. Mantienen su reclamo de un aumento de las dotaciones de fuerzas federales que definen como &#8220;<strong>\u00ednfimas<\/strong>&#8220;. &#8220;Si bajaron la conflictividad en Rosario con m\u00e1s fuerzas, debieran hacer lo mismo con el Conurbano&#8221;, razon\u00f3 uno d<\/p>\n<\/div>\n<div class=\"sc-80531b6b-0 chRIGJ container-text text-embed\">\n<p>Moreno es uno de los municipios bonaerenses contemplados en la primera etapa del plan, igual que <strong>San Mart\u00edn, Tres de Febrero, Esteban Echeverr\u00eda y General Pueyrred\u00f3n<\/strong>. El distrito gobernado por la evitista Mariel Fern\u00e1ndez -que era una de las cartas electorales en las que hab\u00eda pensado Cristina Kirchner- es uno de los m\u00e1s violentos del conurbano y termin\u00f3 2023 con 38 homicidios.<\/p>\n<\/div>\n<div class=\"sc-80531b6b-0 chRIGJ container-text text-embed\">\n<p>A pesar de que la cifra lo ubica como uno de los <strong>municipios con m\u00e1s homicidios del GBA<\/strong>, en 2024 logr\u00f3 <strong>reducir la tasa de asesinatos un 24 <\/strong>por ciento con respecto a 2023, una cifra que impact\u00f3 en la baja del <strong>\u00edndice nacional de 3.8 homicidios cada 100 mil habitantes<\/strong> que celebr\u00f3 Bullrich por tratarse del <strong>promedio m\u00e1s bajo en los \u00faltimos 25 a\u00f1os<\/strong>.<\/p>\n<\/div>\n<div class=\"sc-80531b6b-0 chRIGJ container-text text-embed\">\n<p>La ministra celebr\u00f3 en redes la realizaci\u00f3n de un operativo cerrojo -de saturaci\u00f3n con fuerzas federales- <strong>en C\u00f3rdoba y Santa Fe<\/strong>, dos de los municipios con m\u00e1s homicidios del pa\u00eds, que tambi\u00e9n son parte del programa 90\/10.<\/p>\n<\/div>\n<div class=\"sc-80531b6b-0 chRIGJ container-text text-embed\">\n<p>Con el reclamo de inseguridad en el centro de la agenda p\u00fablica, la ministra <strong>viajar\u00e1 este jueves a Mar del Plata<\/strong> para reunirse con <strong>Guillermo Montenegro<\/strong>, otro de los intendentes que se forma parte del plan 90\/10 y que <strong>coquetea con un salto a LLA<\/strong>. <\/p>\n<\/div>\n<div class=\"sc-80531b6b-0 chRIGJ container-text text-embed\">\n<p>Bullrich se\u00f1ala que la segunda pata de su plan para avanzar sobre la bandas criminales de los principales centros urbanos del pa\u00eds es la <strong>ley antimafia<\/strong>. Si bien el proyecto que tiene <strong>media sanci\u00f3n de Diputados<\/strong> y promueve <strong>beneficios procesales<\/strong> para los integrantes de las bandas que aporten informaci\u00f3n sobre los eslabones m\u00e1s poderosos fue incluido en el temario de extraordinarias, donde el oficialismo pretende empujar los proyectos que apruebe la C\u00e1mara Baja y los pliegos de los candidatos para la Corte Suprema.<\/p>\n<\/div>\n<div class=\"sc-80531b6b-0 chRIGJ container-text text-embed\">\n<p>La ministra, que en tiempos de Macri debi\u00f3 atender el reclamo de los intendentes y de la entonces gobernadora Mar\u00eda Eugenia Vidal y reenviar <strong>6200 gendarmes al GBA<\/strong>&#8211; hab\u00eda <strong>evitado las cr\u00edticas p\u00fablicas<\/strong> a la Provincia en materia de gesti\u00f3n. Sin embargo, tras la bajada de l\u00ednea que significaron las <strong>cr\u00edticas del Presidente al gobernador<\/strong> bonaerense -quien particip\u00f3 de la marcha del colectivo LGBT el s\u00e1bado- se sum\u00f3 a los cuestionamientos p\u00fablicos al mandatario provincial.<\/p>\n<\/div>\n<p><h2>DNU y &#8220;nuevo&#8221; ministerio de Seguridad Nacional <\/h2>\n<\/p>\n<div class=\"sc-198be8ec-0 cynXbu image-embed  image-embed \"><picture class=\"sc-198be8ec-1 kOjRiQ\"><source media=\"(min-width: 975px)\" width=\"720\" height=\"480\" \/><img alt=\"Patricia Bullrich en el lanzamiento del Plan G\u00fcemes.\" loading=\"lazy\" width=\"720\" height=\"480\" decoding=\"async\" data-nimg=\"1\" style=\"color:transparent\" src=\"https:\/\/13.com.ar\/wp-content\/uploads\/2025\/02\/1738702837_869_la-Provincia-pidio-refuerzos-al-Gobierno-para-patrullar-el-GBA.jpg\"\/><span class=\"epigraphe\">Patricia Bullrich en el lanzamiento del Plan G\u00fcemes.<\/span><span class=\"bkg\"\/><span class=\"picture-open\"><button class=\"open-image\" aria-label=\"Open Image\"\/><\/span><\/picture><\/div>\n<div class=\"sc-80531b6b-0 chRIGJ container-text text-embed\">\n<p>La ministra sum\u00f3 este martes nuevas atribuciones tras la publicaci\u00f3n en el bolet\u00edn oficial de un <strong>DNU que modifica la ley de ministerios<\/strong> y que <strong>este diario adelant\u00f3 el 27 de diciembre<\/strong>. La Cartera de Seguridad adopt\u00f3 el nombre de <strong>ministerio de Seguridad Nacional<\/strong> en un gui\u00f1o al <em>Homeland Security<\/em> de los Estados Unidos. Parece ser otra apelaci\u00f3n a la ingenier\u00eda institucional y est\u00e9tica de Casa Blanca, tan cara al ideario de la gesti\u00f3n mile\u00edsta.<\/p>\n<\/div>\n<div class=\"sc-80531b6b-0 chRIGJ container-text text-embed\">\n<p>Con el decreto 1112\/2024 que modific\u00f3 la reglamentaci\u00f3n de la ley de Defensa, Bullrich ya hab\u00eda avanzado como la primera responsable para <strong>coordinar el accionar de Fuerzas de Seguridad y de las Fuerzas Armadas<\/strong> en materia de Seguridad Interior para resguardar zonas o lugares estrat\u00e9gicos -como un aeropuerto o los yacimientos de Vaca Muerta- de posibles ataques terroristas. El 30 de diciembre, adem\u00e1s, se qued\u00f3 con el <strong>Sistema del Manejo del Fuego<\/strong> que estaba en manos de la secretar\u00eda de Turismo, Ambiente y Deportes.<\/p>\n<\/div>\n<div class=\"sc-80531b6b-0 chRIGJ container-text text-embed\">\n<p>Tras la publicaci\u00f3n del DNU 58\/2025, <strong>Bullrich qued\u00f3 a cargo del Sistema Nacional para la Gesti\u00f3n Integral del Riesgo<\/strong> (Sinagir), que en casos de crisis (clim\u00e1ticas y\/o sociales) articula las acciones de los gobiernos provinciales y del Gobierno y del propio Ej\u00e9rcito y que estaba bajo la \u00f3rbita del ministro de Defensa Luis Petri. \u201cLa idea es darle un rol m\u00e1s robusto al ministerio para <strong>que quede claro que est\u00e1 por encima de las provincias en algunos t\u00f3picos<\/strong>\u201d, explicaron en la previa funcionarios al tanto de los cambios efectuados en el organigrama. <\/p>\n<\/div>\n<\/div>\n<p><br \/>\n<br \/><a href=\"https:\/\/www.clarin.com\/politica\/crisis-inseguridad-provincia-pidio-refuerzos-gobierno-patrullar-gba-bullrich-exige-involucre-kicillof_0_4e29O4twzT.html\">Fuente Clarin.com <\/a><\/p>\n","protected":false},"excerpt":{"rendered":"<p>La tensi\u00f3n entre el Gobierno y la Provincia alrededor de la ola de inseguridad que sufre el conurbano desde la semana pasada no cesa. El ministro de Infraestructura de la Provincia Gabriel Katopodis pidi\u00f3 a viva voz que el ministerio de Seguridad env\u00ede m\u00e1s fuerzas federales para patrullar el Gran Buenos Aires, pero la ministra [&hellip;]<\/p>\n","protected":false},"author":1,"featured_media":1950,"comment_status":"open","ping_status":"open","sticky":false,"template":"","format":"standard","meta":{"footnotes":""},"categories":[2],"tags":[584,3751,2762,71,3752,488,16,3750,265,318,490,3749],"class_list":["post-1949","post","type-post","status-publish","format-standard","has-post-thumbnail","hentry","category-ultimas-noticias","tag-bullrich","tag-exige","tag-gba","tag-gobierno","tag-involucre","tag-kicillof","tag-para","tag-patrullar","tag-pero","tag-pidio","tag-provincia","tag-refuerzos"],"_links":{"self":[{"href":"https:\/\/13.com.ar\/index.php\/wp-json\/wp\/v2\/posts\/1949","targetHints":{"allow":["GET"]}}],"collection":[{"href":"https:\/\/13.com.ar\/index.php\/wp-json\/wp\/v2\/posts"}],"about":[{"href":"https:\/\/13.com.ar\/index.php\/wp-json\/wp\/v2\/types\/post"}],"author":[{"embeddable":true,"href":"https:\/\/13.com.ar\/index.php\/wp-json\/wp\/v2\/users\/1"}],"replies":[{"embeddable":true,"href":"https:\/\/13.com.ar\/index.php\/wp-json\/wp\/v2\/comments?post=1949"}],"version-history":[{"count":0,"href":"https:\/\/13.com.ar\/index.php\/wp-json\/wp\/v2\/posts\/1949\/revisions"}],"wp:featuredmedia":[{"embeddable":true,"href":"https:\/\/13.com.ar\/index.php\/wp-json\/wp\/v2\/media\/1950"}],"wp:attachment":[{"href":"https:\/\/13.com.ar\/index.php\/wp-json\/wp\/v2\/media?parent=1949"}],"wp:term":[{"taxonomy":"category","embeddable":true,"href":"https:\/\/13.com.ar\/index.php\/wp-json\/wp\/v2\/categories?post=1949"},{"taxonomy":"post_tag","embeddable":true,"href":"https:\/\/13.com.ar\/index.php\/wp-json\/wp\/v2\/tags?post=1949"}],"curies":[{"name":"wp","href":"https:\/\/api.w.org\/{rel}","templated":true}]}}