{"id":1945,"date":"2025-02-04T17:54:45","date_gmt":"2025-02-04T20:54:45","guid":{"rendered":"https:\/\/13.com.ar\/index.php\/echaron-al-jefe-de-la-policia-bonaerense-en-mar-del-plata-despues-del-crimen-del-kiosquero\/"},"modified":"2025-02-04T17:54:45","modified_gmt":"2025-02-04T20:54:45","slug":"echaron-al-jefe-de-la-policia-bonaerense-en-mar-del-plata-despues-del-crimen-del-kiosquero","status":"publish","type":"post","link":"https:\/\/13.com.ar\/index.php\/echaron-al-jefe-de-la-policia-bonaerense-en-mar-del-plata-despues-del-crimen-del-kiosquero\/","title":{"rendered":"Echaron al jefe de la Polic\u00eda Bonaerense en Mar del Plata despu\u00e9s del crimen del kiosquero"},"content":{"rendered":"<p> <br \/>\n<br \/><img decoding=\"async\" src=\"https:\/\/13.com.ar\/wp-content\/uploads\/2025\/02\/Echaron-al-jefe-de-la-Policia-Bonaerense-en-Mar-del.jpg\" \/><\/p>\n<div id=\"cuerpo\">\n<div class=\"sc-80531b6b-0 chRIGJ container-text text-embed\">\n<p>El Ministerio de Seguridad bonaerense dispuso remover a las autoridades de la Polic\u00eda Bonaerense en Mar del Plata, entre ellos el <strong>jefe de la Estaci\u00f3n Departamental, Luis Senra<\/strong>, que hab\u00eda asumido en junio.<\/p>\n<\/div>\n<div class=\"sc-80531b6b-0 chRIGJ container-text text-embed\">\n<p>La c\u00fapula que ten\u00eda la direcci\u00f3n de la Jefatura Departamental no lleg\u00f3 a cumplir 8 meses. Asumi\u00f3 luego de un per\u00edodo de intervenci\u00f3n de casi dos meses tras un esc\u00e1ndalo de corrupci\u00f3n que deriv\u00f3 en la detenci\u00f3n (en mayo pasado; todav\u00eda sigue preso) de nada menos que del jefe de la Polic\u00eda de Mar del Plata.<\/p>\n<\/div>\n<div class=\"sc-80531b6b-0 chRIGJ container-text text-embed\">\n<p>El reemplazo ahora del mando superior de la fuerza ocurre mientras la familia de Cristian Vel\u00e1zquez vela sus restos. El lunes a la tarde dos motochorros lo asaltaron en su negocio, intent\u00f3 defenderse con un spray de gas pimienta y le dispararon. Una bala le atraves\u00f3 el craneo. El s\u00e1bado pr\u00f3ximo iba a cumplir 51 a\u00f1os.<\/p>\n<\/div>\n<div class=\"sc-80531b6b-0 chRIGJ container-text text-embed\">\n<p>Para ejecutar los cambios baj\u00f3 desde La Plata a Mar del Plata el <strong>jefe de la Polic\u00eda Bonaerense, Javier Villar<\/strong>. Con certeza, ser\u00e1 removido del cargo el comisario inspector Luis Senra, que asumi\u00f3 luego de la detenci\u00f3n del comisario mayor Jos\u00e9 Luis Segovia.<\/p>\n<\/div>\n<div class=\"sc-80531b6b-0 chRIGJ container-text text-embed\">\n<p>No se hab\u00eda confirmado esta tarde si la misma suerte correr\u00e1 el segundo jefe, Luis Bonoldi, o los jefes de la Superintendencia Regi\u00f3n Atl\u00e1ntica III, Juli\u00e1n Olmos, y del Comando, Miguel Leguizam\u00f3n.<\/p>\n<\/div>\n<div class=\"sc-80531b6b-0 chRIGJ container-text text-embed\">\n<p>Desde el Ministerio de Seguridad bonaerense aseguran que los cambios en la jefatura marplatense no solo est\u00e1n relacionados con el crimen del comerciante, sostienen que la gesti\u00f3n de seguridad aqu\u00ed <strong>&#8220;no cumpli\u00f3 las expectativas&#8221;<\/strong>, hecho que cualquier vecino de la ciudad conoce y padece hace tiempo.<\/p>\n<\/div>\n<div class=\"sc-80531b6b-0 chRIGJ container-text text-embed\">\n<p>El ministro de seguridad, Javier Alonso, hab\u00eda visitado la ciudad en agosto pasado, cuando la gesti\u00f3n hoy removida llevaba casi dos meses, y <strong>se hab\u00eda mostrado muy conforme<\/strong>.<\/p>\n<\/div>\n<div class=\"sc-80531b6b-0 chRIGJ container-text text-embed\">\n<p>&#8220;Estamos haciendo un muy buen trabajo, se ve m\u00e1s presencia policial en la calle o por lo menos todo el seguimiento que hacemos de los patrulleros a trav\u00e9s del GPS nos muestra que <strong>se est\u00e1n recorriendo muchos m\u00e1s kil\u00f3metros<\/strong> que antes, la nueva conducci\u00f3n de la Polic\u00eda est\u00e1 garantizando mucho m\u00e1s patrullaje&#8221;, dijo entonces a medios locales.<\/p>\n<\/div>\n<div class=\"sc-80531b6b-0 chRIGJ container-text text-embed\">\n<p>Adem\u00e1s, luego de reunirse con el intendente Guillermo Montenegro y el fiscal general Fabi\u00e1n Fern\u00e1ndez Garello, anunci\u00f3 la creaci\u00f3n de una<strong> &#8220;mesa de pol\u00edtica criminal&#8221;<\/strong>.<\/p>\n<\/div>\n<div class=\"sc-80531b6b-0 chRIGJ container-text text-embed\">\n<p>El asesinato de Vel\u00e1zquez es <strong>el s\u00e9ptimo que se registra en la ciudad en las \u00faltimas cinco semanas<\/strong>, un alt\u00edsimo promedio. Pero es el primero en ocasi\u00f3n de robo.<\/p>\n<\/div>\n<div class=\"sc-80531b6b-0 chRIGJ container-text text-embed\">\n<p>La saga comprende las muertes de un joven de 19 a\u00f1os con antecedentes penales asesinado en el barrio Las Heras; de una mujer asesinada por su hijo en el barrio Las Am\u00e9ricas; de un hombre de 32 a\u00f1os en Alberti al 8000 en un presunto ajuste; el de una persona en situacion de calle en el macrocentro, frente a una escuela; la de una agente de polic\u00eda de 20 a\u00f1os que se investiga como femicidio y la de Walter Sotelo, que viv\u00eda en situaci\u00f3n de calle.<\/p>\n<\/div>\n<div class=\"sc-80531b6b-0 chRIGJ container-text text-embed\">\n<p><strong>Mar del Plata. Corresponsal\u00eda<\/strong><\/p>\n<\/div>\n<\/div>\n<p><br \/>\n<br \/><a href=\"https:\/\/www.clarin.com\/policiales\/echaron-jefe-policia-bonaerense-mar-plata-despues-crimen-kiosquero_0_1bKFsAvvzX.html\">Fuente Clarin.com <\/a><\/p>\n","protected":false},"excerpt":{"rendered":"<p>El Ministerio de Seguridad bonaerense dispuso remover a las autoridades de la Polic\u00eda Bonaerense en Mar del Plata, entre ellos el jefe de la Estaci\u00f3n Departamental, Luis Senra, que hab\u00eda asumido en junio. La c\u00fapula que ten\u00eda la direcci\u00f3n de la Jefatura Departamental no lleg\u00f3 a cumplir 8 meses. Asumi\u00f3 luego de un per\u00edodo de [&hellip;]<\/p>\n","protected":false},"author":1,"featured_media":1946,"comment_status":"open","ping_status":"open","sticky":false,"template":"","format":"standard","meta":{"footnotes":""},"categories":[2],"tags":[375,369,100,1514,513,1327,3747,537,255,1726],"class_list":["post-1945","post","type-post","status-publish","format-standard","has-post-thumbnail","hentry","category-ultimas-noticias","tag-bonaerense","tag-crimen","tag-del","tag-despues","tag-echaron","tag-jefe","tag-kiosquero","tag-mar","tag-plata","tag-policia"],"_links":{"self":[{"href":"https:\/\/13.com.ar\/index.php\/wp-json\/wp\/v2\/posts\/1945","targetHints":{"allow":["GET"]}}],"collection":[{"href":"https:\/\/13.com.ar\/index.php\/wp-json\/wp\/v2\/posts"}],"about":[{"href":"https:\/\/13.com.ar\/index.php\/wp-json\/wp\/v2\/types\/post"}],"author":[{"embeddable":true,"href":"https:\/\/13.com.ar\/index.php\/wp-json\/wp\/v2\/users\/1"}],"replies":[{"embeddable":true,"href":"https:\/\/13.com.ar\/index.php\/wp-json\/wp\/v2\/comments?post=1945"}],"version-history":[{"count":0,"href":"https:\/\/13.com.ar\/index.php\/wp-json\/wp\/v2\/posts\/1945\/revisions"}],"wp:featuredmedia":[{"embeddable":true,"href":"https:\/\/13.com.ar\/index.php\/wp-json\/wp\/v2\/media\/1946"}],"wp:attachment":[{"href":"https:\/\/13.com.ar\/index.php\/wp-json\/wp\/v2\/media?parent=1945"}],"wp:term":[{"taxonomy":"category","embeddable":true,"href":"https:\/\/13.com.ar\/index.php\/wp-json\/wp\/v2\/categories?post=1945"},{"taxonomy":"post_tag","embeddable":true,"href":"https:\/\/13.com.ar\/index.php\/wp-json\/wp\/v2\/tags?post=1945"}],"curies":[{"name":"wp","href":"https:\/\/api.w.org\/{rel}","templated":true}]}}