{"id":1941,"date":"2025-02-04T17:48:46","date_gmt":"2025-02-04T20:48:46","guid":{"rendered":"https:\/\/13.com.ar\/index.php\/donald-trump-ordeno-sacar-a-ee-uu-del-consejo-de-derechos-humanos-de-la-onu\/"},"modified":"2025-02-04T17:48:46","modified_gmt":"2025-02-04T20:48:46","slug":"donald-trump-ordeno-sacar-a-ee-uu-del-consejo-de-derechos-humanos-de-la-onu","status":"publish","type":"post","link":"https:\/\/13.com.ar\/index.php\/donald-trump-ordeno-sacar-a-ee-uu-del-consejo-de-derechos-humanos-de-la-onu\/","title":{"rendered":"Donald Trump orden\u00f3 sacar a EE.UU. del Consejo de Derechos Humanos de la ONU"},"content":{"rendered":"<p> <br \/>\n<br \/><img decoding=\"async\" src=\"https:\/\/13.com.ar\/wp-content\/uploads\/2025\/02\/Donald-Trump-ordeno-sacar-a-EEUU-del-Consejo-de-Derechos.jpg\" \/><\/p>\n<div id=\"cuerpo\">\n<div class=\"sc-80531b6b-0 chRIGJ container-text text-embed\">\n<p>El presidente Donald Trump firm\u00f3 este martes una orden ejecutiva <strong>para poner fin a la participaci\u00f3n de Estados Unidos en el Consejo de Derechos Humanos de Naciones Unidas<\/strong> y continuar con la suspensi\u00f3n de fondos para la Agencia de la ONU para los Refugiados Palestinos (UNRWA, en ingl\u00e9s).<\/p>\n<\/div>\n<div class=\"sc-80531b6b-0 chRIGJ container-text text-embed\">\n<p>La firma se produce el mismo d\u00eda en que Trump tiene previsto reunirse en el Despacho Oval de la Casa Blanca con el primer ministro israel\u00ed, Benjam\u00edn Netanyahu, quien ha sido durante mucho tiempo cr\u00edtico con la UNRWA y ha acusado al Consejo de Derechos Humanos de Naciones Unidas de ser parcial contra Israel.<\/p>\n<\/div>\n<div class=\"sc-80531b6b-0 chRIGJ container-text text-embed\">\n<p>&#8220;Siempre he sentido que la ONU tiene un enorme potencial, pero no est\u00e1 cumpliendo con \u00e9l en este momento. Durante mucho tiempo ha sido ineficaz. Hay grandes esperanzas en ella, pero, para ser honesto, no est\u00e1 bien gestionada&#8221;, declar\u00f3 Trump a la prensa en la Casa Blanca.<\/p>\n<\/div>\n<div class=\"sc-80531b6b-0 chRIGJ container-text text-embed\">\n<p>Tras sus declaraciones, el mandatario firm\u00f3 las \u00f3rdenes ejecutivas con su caracter\u00edstico rotulador negro, afirmando que tanto la UNRWA como el Consejo de Derechos Humanos de la ONU deben &#8220;poner orden en sus asuntos&#8221;.<\/p>\n<\/div>\n<div class=\"sc-80531b6b-0 chRIGJ container-text text-embed\">\n<p>&#8220;Tienen que ser justos con aquellos pa\u00edses que merecen justicia&#8221;, a\u00f1adi\u00f3, sin hacer referencia directa a las reclamaciones de Israel.<\/p>\n<\/div>\n<div class=\"sc-80531b6b-0 chRIGJ container-text text-embed\">\n<p>En un comunicado difundido antes de la firma, la Casa Blanca asegur\u00f3 que el Consejo de Derechos Humanos de la ONU &#8220;ha demostrado un sesgo constante contra Israel&#8221; y ha permitido que pa\u00edses como Ir\u00e1n, China y Cuba lo utilicen para &#8220;protegerse a s\u00ed mismos a pesar de sus graves violaciones y abusos contra los derechos humanos&#8221;.<\/p>\n<\/div>\n<div class=\"sc-80531b6b-0 chRIGJ container-text text-embed\">\n<p>En concreto, la orden ejecutiva sostiene que &#8220;varios organismos de la ONU han mostrado un profundo sesgo antiestadounidense&#8221; y, por ello, ordena la retirada de EE.UU. del Consejo de Derechos Humanos de Naciones Unidas, as\u00ed como la congelaci\u00f3n de fondos para la UNRWA, que brinda apoyo a m\u00e1s de cinco millones de refugiados palestinos.<\/p>\n<\/div>\n<div class=\"sc-80531b6b-0 chRIGJ container-text text-embed\">\n<p>Asimismo, el documento exige al secretario de Estado que revise y elabore un informe sobre qu\u00e9 organizaciones internacionales, convenciones o tratados promueven &#8220;sentimientos radicales o antiestadounidenses&#8221;, mencionando espec\u00edficamente a la Organizaci\u00f3n de las Naciones Unidas para la Educaci\u00f3n, la Ciencia y la Cultura (Unesco) como una de las instituciones que requieren una &#8220;revisi\u00f3n acelerada&#8221;.<\/p>\n<\/div>\n<div class=\"sc-80531b6b-0 chRIGJ container-text text-embed\">\n<p>Durante su primer mandato (2017-2021), Trump ya retir\u00f3 a EE.UU. del Consejo de Derechos Humanos de la ONU, el principal foro interestatal de debate sobre derechos humanos en el seno de Naciones Unidas.<\/p>\n<\/div>\n<div class=\"sc-80531b6b-0 chRIGJ container-text text-embed\">\n<p>Washington se reincorpor\u00f3 a este organismo poco despu\u00e9s de la llegada de Joe Biden a la Casa Blanca en enero de 2021.<\/p>\n<\/div>\n<div class=\"sc-80531b6b-0 chRIGJ container-text text-embed\">\n<p>En su primer mandato, Trump tambi\u00e9n suspendi\u00f3 la financiaci\u00f3n a la UNRWA, exigiendo a los palestinos retomar las negociaciones de paz con Israel.<\/p>\n<\/div>\n<div class=\"sc-80531b6b-0 chRIGJ container-text text-embed\">\n<p>Desde que asumi\u00f3 su segundo mandato el pasado 20 de enero, Trump ha ordenado la retirada de EE.UU. de la Organizaci\u00f3n Mundial de la Salud y del Acuerdo de Par\u00eds sobre el clima, decisiones que ya tom\u00f3 en su primera etapa en la Casa Blanca.<\/p>\n<\/div>\n<\/div>\n<p><br \/>\n<br \/><a href=\"https:\/\/www.clarin.com\/mundo\/estados-unidos-donald-trump-ordeno-sacar-eeuu-consejo-derechos-humanos-onu_0_KtmbPKlcJc.html\">Fuente Clarin.com <\/a><\/p>\n","protected":false},"excerpt":{"rendered":"<p>El presidente Donald Trump firm\u00f3 este martes una orden ejecutiva para poner fin a la participaci\u00f3n de Estados Unidos en el Consejo de Derechos Humanos de Naciones Unidas y continuar con la suspensi\u00f3n de fondos para la Agencia de la ONU para los Refugiados Palestinos (UNRWA, en ingl\u00e9s). La firma se produce el mismo d\u00eda [&hellip;]<\/p>\n","protected":false},"author":1,"featured_media":1942,"comment_status":"open","ping_status":"open","sticky":false,"template":"","format":"standard","meta":{"footnotes":""},"categories":[2],"tags":[3671,100,3097,178,2582,2258,27,1791,1628,179],"class_list":["post-1941","post","type-post","status-publish","format-standard","has-post-thumbnail","hentry","category-ultimas-noticias","tag-consejo","tag-del","tag-derechos","tag-donald","tag-ee-uu","tag-humanos","tag-onu","tag-ordeno","tag-sacar","tag-trump"],"_links":{"self":[{"href":"https:\/\/13.com.ar\/index.php\/wp-json\/wp\/v2\/posts\/1941","targetHints":{"allow":["GET"]}}],"collection":[{"href":"https:\/\/13.com.ar\/index.php\/wp-json\/wp\/v2\/posts"}],"about":[{"href":"https:\/\/13.com.ar\/index.php\/wp-json\/wp\/v2\/types\/post"}],"author":[{"embeddable":true,"href":"https:\/\/13.com.ar\/index.php\/wp-json\/wp\/v2\/users\/1"}],"replies":[{"embeddable":true,"href":"https:\/\/13.com.ar\/index.php\/wp-json\/wp\/v2\/comments?post=1941"}],"version-history":[{"count":0,"href":"https:\/\/13.com.ar\/index.php\/wp-json\/wp\/v2\/posts\/1941\/revisions"}],"wp:featuredmedia":[{"embeddable":true,"href":"https:\/\/13.com.ar\/index.php\/wp-json\/wp\/v2\/media\/1942"}],"wp:attachment":[{"href":"https:\/\/13.com.ar\/index.php\/wp-json\/wp\/v2\/media?parent=1941"}],"wp:term":[{"taxonomy":"category","embeddable":true,"href":"https:\/\/13.com.ar\/index.php\/wp-json\/wp\/v2\/categories?post=1941"},{"taxonomy":"post_tag","embeddable":true,"href":"https:\/\/13.com.ar\/index.php\/wp-json\/wp\/v2\/tags?post=1941"}],"curies":[{"name":"wp","href":"https:\/\/api.w.org\/{rel}","templated":true}]}}