{"id":1939,"date":"2025-02-04T17:46:15","date_gmt":"2025-02-04T20:46:15","guid":{"rendered":"https:\/\/13.com.ar\/index.php\/una-docente-quiso-ayudar-a-su-papa-en-un-incendio-rural-en-corrientes-quedo-atrapada-por-un-torbellino-de-fuego-y-murio\/"},"modified":"2025-02-04T17:46:15","modified_gmt":"2025-02-04T20:46:15","slug":"una-docente-quiso-ayudar-a-su-papa-en-un-incendio-rural-en-corrientes-quedo-atrapada-por-un-torbellino-de-fuego-y-murio","status":"publish","type":"post","link":"https:\/\/13.com.ar\/index.php\/una-docente-quiso-ayudar-a-su-papa-en-un-incendio-rural-en-corrientes-quedo-atrapada-por-un-torbellino-de-fuego-y-murio\/","title":{"rendered":"Una docente quiso ayudar a su pap\u00e1 en un incendio rural en Corrientes, qued\u00f3 atrapada por un &#8220;torbellino de fuego&#8221; y muri\u00f3"},"content":{"rendered":"<p> <br \/>\n<\/p>\n<div id=\"cuerpo\">\n<div class=\"sc-80531b6b-0 chRIGJ container-text text-embed\">\n<p>Una joven docente que colaboraba en el combate de un incendio que avanzaba sobre el casco de una estancia, en Corrientes, <strong>muri\u00f3 tras ser rodeada por las llamas <\/strong>cuando intentaba ayudar a su padre. El hecho ocurri\u00f3 este lunes al anochecer en cercan\u00edas de la localidad de Mariano I. Loza, en la zona centro de la provincia, 200 kil\u00f3metros al sur de la capital provincial.<\/p>\n<\/div>\n<div class=\"sc-80531b6b-0 chRIGJ container-text text-embed\">\n<p><strong>Cindia Alejandra Mendoza<\/strong> (31) disfrutaba de los \u00faltimos d\u00edas de sus vacaciones cuando recibi\u00f3 el llamado de su pap\u00e1, que se desempe\u00f1a como encargado de la estancia San Rafael. El hombre, desesperado por el avance de las llamas, acudi\u00f3 a su hija para que buscara ayuda para combatir el fuego que ya se devor\u00f3 m\u00e1s de 7.500 hect\u00e1reas de campos y montes.<\/p>\n<\/div>\n<div class=\"sc-80531b6b-0 chRIGJ container-text text-embed\">\n<p>La intendente de Mariano I. Loza, Zulema Fern\u00e1ndez, cont\u00f3 que este lunes a la tarde estaba con los empleados municipales y algunos bomberos voluntarios combatiendo un incendio sobre una de las banquinas de la ruta cuando Cindia detuvo la marcha de su motocicleta camino a la estancia San Rafael. \u201cElla par\u00f3 con la moto y me dijo &#8216;Zule, mand\u00e1 gente porque le est\u00e1 llegando el fuego a mi pap\u00e1 en la estancia'&#8221;, record\u00f3 Fern\u00e1ndez.<\/p>\n<\/div>\n<div class=\"sc-80531b6b-0 chRIGJ container-text text-embed\">\n<p>&#8220;Yo mand\u00e9 a la gente para que diera una mano, pero cuando llegaron ya era tarde. Ella vio que su pap\u00e1 entr\u00f3 para donde estaba el fuego y ella con su celular en la mano tambi\u00e9n lo hizo. En esos momentos hubo como <strong>un torbellino de fuego que la rode\u00f3 <\/strong>totalmente y no se pudo hacer nada. Su pap\u00e1 alcanz\u00f3 a cruzar la l\u00ednea de fuego y sali\u00f3 ileso&#8221;, cont\u00f3.<\/p>\n<\/div>\n<div class=\"sc-198be8ec-0 cynXbu image-embed  image-embed \"><picture class=\"sc-198be8ec-1 kOjRiQ\"><source media=\"(min-width: 975px)\" width=\"720\" height=\"480\" \/><img alt=\"Cindia Mendoza, la docente que muri\u00f3 en los incendios en Corrientes.\" loading=\"lazy\" width=\"720\" height=\"480\" decoding=\"async\" data-nimg=\"1\" style=\"color:transparent\" src=\"https:\/\/13.com.ar\/wp-content\/uploads\/2025\/02\/Una-docente-quiso-ayudar-a-su-papa-en-un-incendio.jpg\"\/><span class=\"epigraphe\">Cindia Mendoza, la docente que muri\u00f3 en los incendios en Corrientes.<\/span><span class=\"bkg\"\/><span class=\"picture-open\"><button class=\"open-image\" aria-label=\"Open Image\"\/><\/span><\/picture><\/div>\n<div class=\"sc-80531b6b-0 chRIGJ container-text text-embed\">\n<p>La docente fue hallada desvanecida por la inhalaci\u00f3n de humo y graves quemaduras en casi todo el cuerpo. La llevaron de urgencia al Hospital de la ciudad de Mercedes, donde los m\u00e9dicos constataron que las llamas hab\u00edan generado lesiones en el 75 por ciento de su cuerpo y su estado era muy delicado. &#8220;En el hospital hizo cinco paros card\u00edacos y falleci\u00f3 a las 23.23&#8221;, agreg\u00f3 la intendente.<\/p>\n<\/div>\n<div class=\"sc-80531b6b-0 chRIGJ container-text text-embed\">\n<p>&#8220;Los padres est\u00e1n muy mal, se sienten culpables por lo que sucedi\u00f3, pero les explicamos que fue una situaci\u00f3n accidental, que no son los responsables de lo que pas\u00f3 con Cindia&#8221;, sostuvo Fern\u00e1ndez.<\/p>\n<\/div>\n<div class=\"sc-198be8ec-0 cynXbu image-embed  image-embed \"><picture class=\"sc-198be8ec-1 kOjRiQ\"><source media=\"(min-width: 975px)\" width=\"720\" height=\"480\" \/><img alt=\"V\u00edctima. Cindia Alejandra Mendoza (31) muri\u00f3 cuando intentaba ayudar a combatir el incendio de un campo, en Corrientes.\" loading=\"lazy\" width=\"720\" height=\"480\" decoding=\"async\" data-nimg=\"1\" style=\"color:transparent\" src=\"https:\/\/13.com.ar\/wp-content\/uploads\/2025\/02\/1738701975_53_Una-docente-quiso-ayudar-a-su-papa-en-un-incendio.jpg\"\/><span class=\"epigraphe\">V\u00edctima. Cindia Alejandra Mendoza (31) muri\u00f3 cuando intentaba ayudar a combatir el incendio de un campo, en Corrientes.<\/span><span class=\"bkg\"\/><span class=\"picture-open\"><button class=\"open-image\" aria-label=\"Open Image\"\/><\/span><\/picture><\/div>\n<div class=\"sc-80531b6b-0 chRIGJ container-text text-embed\">\n<p>Este lunes, con la colaboraci\u00f3n de dos aviones hidrantes, el incendio fue controlado por los bomberos y brigadistas que cuentan tambi\u00e9n con apoyo log\u00edstico del Ej\u00e9rcito.<\/p>\n<\/div>\n<p><h2>Dolor por la docente que muri\u00f3 en el incendio en Corrientes <\/h2>\n<\/p>\n<div class=\"sc-80531b6b-0 chRIGJ container-text text-embed\">\n<p>La intendente del pueblo sostuvo que Cindia ya estaba planificando el retorno a la Escuela 919, que se encuentra en una zona rural denominada Alem Cu\u00e9, a m\u00e1s de 120 kil\u00f3metros de su pueblo natal. <strong>&#8220;El viernes ten\u00eda previsto ir a cortar el pasto<\/strong> y poner todo en condiciones para el inicio de clases&#8221;, sostuvo.<\/p>\n<\/div>\n<div class=\"sc-80531b6b-0 chRIGJ container-text text-embed\">\n<p>En las redes sociales se multiplicaron los sentidos mensajes de despedida de Cindia. Tamara recurri\u00f3 a la frase que Cindia utiliz\u00f3 al publicar la foto del festejo de su \u00faltimo cumplea\u00f1os, en diciembre pasado. \u201cSomos instantes. Demos huellas bonitas\u201d, hab\u00eda posteado. \u201cUfff cu\u00e1nta verdad en esa frase, amor. Ni imagin\u00e1bamos este final para vos tan tr\u00e1gico, pero te fuiste siendo vos, esa mujer servicial, tan incondicional, llena de luz\u201d, escribi\u00f3. <\/p>\n<\/div>\n<div class=\"sc-80531b6b-0 chRIGJ container-text text-embed\">\n<p>&#8220;Ay negrita, tus recuerdos vivir\u00e1n a trav\u00e9s de nosotros y tu lema siempre tendr\u00e1 impacto. Nuesta Cindia Mendoza se fue de nuestra vista, pero no de nuestros corazones\u201d, cerr\u00f3.<\/p>\n<\/div>\n<\/div>\n<p><br \/>\n<br \/><a href=\"https:\/\/www.clarin.com\/sociedad\/docente-quiso-ayudar-papa-incendio-rural-corrientes-quedo-atrapada-torbellino-fuego-murio_0_xUbIQv2YKv.html\">Fuente Clarin.com <\/a><\/p>\n","protected":false},"excerpt":{"rendered":"<p>Una joven docente que colaboraba en el combate de un incendio que avanzaba sobre el casco de una estancia, en Corrientes, muri\u00f3 tras ser rodeada por las llamas cuando intentaba ayudar a su padre. El hecho ocurri\u00f3 este lunes al anochecer en cercan\u00edas de la localidad de Mariano I. Loza, en la zona centro de [&hellip;]<\/p>\n","protected":false},"author":1,"featured_media":1940,"comment_status":"open","ping_status":"open","sticky":false,"template":"","format":"standard","meta":{"footnotes":""},"categories":[2],"tags":[3739,2690,1322,3738,853,2632,611,2919,142,336,2986,3580,3740,73],"class_list":["post-1939","post","type-post","status-publish","format-standard","has-post-thumbnail","hentry","category-ultimas-noticias","tag-atrapada","tag-ayudar","tag-corrientes","tag-docente","tag-fuego","tag-incendio","tag-murio","tag-papa","tag-por","tag-quedo","tag-quiso","tag-rural","tag-torbellino","tag-una"],"_links":{"self":[{"href":"https:\/\/13.com.ar\/index.php\/wp-json\/wp\/v2\/posts\/1939","targetHints":{"allow":["GET"]}}],"collection":[{"href":"https:\/\/13.com.ar\/index.php\/wp-json\/wp\/v2\/posts"}],"about":[{"href":"https:\/\/13.com.ar\/index.php\/wp-json\/wp\/v2\/types\/post"}],"author":[{"embeddable":true,"href":"https:\/\/13.com.ar\/index.php\/wp-json\/wp\/v2\/users\/1"}],"replies":[{"embeddable":true,"href":"https:\/\/13.com.ar\/index.php\/wp-json\/wp\/v2\/comments?post=1939"}],"version-history":[{"count":0,"href":"https:\/\/13.com.ar\/index.php\/wp-json\/wp\/v2\/posts\/1939\/revisions"}],"wp:featuredmedia":[{"embeddable":true,"href":"https:\/\/13.com.ar\/index.php\/wp-json\/wp\/v2\/media\/1940"}],"wp:attachment":[{"href":"https:\/\/13.com.ar\/index.php\/wp-json\/wp\/v2\/media?parent=1939"}],"wp:term":[{"taxonomy":"category","embeddable":true,"href":"https:\/\/13.com.ar\/index.php\/wp-json\/wp\/v2\/categories?post=1939"},{"taxonomy":"post_tag","embeddable":true,"href":"https:\/\/13.com.ar\/index.php\/wp-json\/wp\/v2\/tags?post=1939"}],"curies":[{"name":"wp","href":"https:\/\/api.w.org\/{rel}","templated":true}]}}