{"id":19375,"date":"2025-04-23T17:21:32","date_gmt":"2025-04-23T20:21:32","guid":{"rendered":"https:\/\/13.com.ar\/index.php\/habilitaron-la-caza-en-buenos-aires-de-una-de-las-plagas-que-mas-dano-esta-causando-en-la-produccion-agricola\/"},"modified":"2025-04-23T17:21:32","modified_gmt":"2025-04-23T20:21:32","slug":"habilitaron-la-caza-en-buenos-aires-de-una-de-las-plagas-que-mas-dano-esta-causando-en-la-produccion-agricola","status":"publish","type":"post","link":"https:\/\/13.com.ar\/index.php\/habilitaron-la-caza-en-buenos-aires-de-una-de-las-plagas-que-mas-dano-esta-causando-en-la-produccion-agricola\/","title":{"rendered":"Habilitaron la caza en Buenos Aires de una de las plagas que m\u00e1s da\u00f1o est\u00e1 causando en la producci\u00f3n agr\u00edcola"},"content":{"rendered":"<p> <br \/>\n<br \/><img decoding=\"async\" src=\"https:\/\/13.com.ar\/wp-content\/uploads\/2025\/04\/Habilitaron-la-caza-en-Buenos-Aires-de-una-de-las.jpg\" \/><\/p>\n<div id=\"element-body-0\">\n<p>El Ministerio de Desarrollo Agrario de la provincia de Buenos Aires habilit\u00f3 la caza del jabal\u00ed europeo sin restricciones geogr\u00e1ficas con el fin de contener el crecimiento descontrolado de esta especie ex\u00f3tica invasora.<\/p>\n<\/div>\n<div id=\"element-body-1\">\n<p>El ministro Javier Rodr\u00edguez destac\u00f3 que \u201cel jabal\u00ed europeo es una especie ex\u00f3tica invasora cuyo crecimiento descontrolado genera da\u00f1os en cultivos, ganado y ecosistemas naturales.<strong> Con esta medida buscamos regular su control de manera segura y efectiva<\/strong>, atendiendo a la necesidad de proteger la producci\u00f3n agropecuaria y la biodiversidad de la provincia\u201d.<\/p>\n<\/div>\n<div id=\"element-body-2\">\n<p>La disposici\u00f3n tambi\u00e9n estableci\u00f3 que<strong> los municipios podr\u00e1n solicitar excepciones, siempre y cuando est\u00e9n fundamentadas en informes t\u00e9cnicos<\/strong>.<\/p>\n<\/div>\n<div id=\"element-body-3\">\n<p>Para participar de las acciones de control, se<strong> requerir\u00e1 una licencia espec\u00edfica y la capacitaci\u00f3n correspondiente.<\/strong> Adem\u00e1s, se regular\u00e1 el uso de armas y se enfatiza que la seguridad de las personas ser\u00e1 prioritaria, por lo que las autoridades locales deber\u00e1n fiscalizar cada procedimiento.<\/p>\n<\/div>\n<div id=\"element-body-4\">\n<p>Entre los puntos claves de la disposici\u00f3n s<strong>e proh\u00edbe la caza en zonas urbanas y suburbanas, as\u00ed como en \u00e1reas concurridas por el p\u00fablico<\/strong>. En las proximidades de estos lugares, solo se permitir\u00e1 la caza a una distancia m\u00ednima de 300 metros con arma de perdigones y 1.500 metros con arma de bala.<\/p>\n<\/div>\n<div id=\"element-body-5\">\n<p>Adem\u00e1s <strong>se aprueba un Manual Operativo y un permiso espec\u00edfico para la caza y transporte del jabal\u00ed europeo en la provincia<\/strong>. Como as\u00ed tambi\u00e9n se crea un Comit\u00e9 de Gesti\u00f3n integrado por autoridades provinciales, municipales y representantes del sector productivo, encargado de supervisar la implementaci\u00f3n<\/p>\n<\/div>\n<div id=\"element-body-6\">\n<p>El Gobierno bonaerense adelant\u00f3 que l<strong>a habilitaci\u00f3n no ser\u00e1 indefinida<\/strong>: habr\u00e1 monitoreos constantes y evaluaciones peri\u00f3dicas para medir el impacto de la medida. De acuerdo a lo establecido en la normativa, si los resultados no cumplen con los objetivos previstos, el plan podr\u00eda ser modificado.<\/p>\n<\/div>\n<div id=\"element-body-7\">\n<p><strong>El jabal\u00ed europeo fue introducido en Argentina hace m\u00e1s de un siglo para actividades cineg\u00e9ticas<\/strong>, pero su expansi\u00f3n descontrolada lo convirti\u00f3 en una amenaza ambiental. De comportamiento territorial y sin depredadores naturales en la regi\u00f3n, puede alcanzar los 100 kilos y posee colmillos afilados que lo vuelven peligroso.<\/p>\n<\/div>\n<div id=\"element-body-8\">\n<p>Estos animales fueron liberados en cotos privados, pero con el tiempo escaparon de esos predios y comenzaron a reproducirse sin control en el ambiente natural, dando origen a una poblaci\u00f3n silvestre que hoy representa una seria amenaza para la biodiversidad y la producci\u00f3n agropecuaria. Hoy se lo encuentra tanto en zonas boscosas como en campos y sierras de la provincia de Buenos Aires.<\/p>\n<\/div>\n<p><br \/>\n<br \/><a href=\"https:\/\/www.clarin.com\/rural\/habilitaron-caza-buenos-aires-plagas-dano-causando-produccion-agricola_0_vJuCx64G8g.html\">Fuente Clarin.com <\/a><\/p>\n","protected":false},"excerpt":{"rendered":"<p>El Ministerio de Desarrollo Agrario de la provincia de Buenos Aires habilit\u00f3 la caza del jabal\u00ed europeo sin restricciones geogr\u00e1ficas con el fin de contener el crecimiento descontrolado de esta especie ex\u00f3tica invasora. El ministro Javier Rodr\u00edguez destac\u00f3 que \u201cel jabal\u00ed europeo es una especie ex\u00f3tica invasora cuyo crecimiento descontrolado genera da\u00f1os en cultivos, ganado [&hellip;]<\/p>\n","protected":false},"author":1,"featured_media":19376,"comment_status":"open","ping_status":"open","sticky":false,"template":"","format":"standard","meta":{"footnotes":""},"categories":[2],"tags":[7031,328,327,15765,1600,7827,300,15764,48,155,5244,3670,73],"class_list":["post-19375","post","type-post","status-publish","format-standard","has-post-thumbnail","hentry","category-ultimas-noticias","tag-agricola","tag-aires","tag-buenos","tag-causando","tag-caza","tag-dano","tag-esta","tag-habilitaron","tag-las","tag-mas","tag-plagas","tag-produccion","tag-una"],"_links":{"self":[{"href":"https:\/\/13.com.ar\/index.php\/wp-json\/wp\/v2\/posts\/19375","targetHints":{"allow":["GET"]}}],"collection":[{"href":"https:\/\/13.com.ar\/index.php\/wp-json\/wp\/v2\/posts"}],"about":[{"href":"https:\/\/13.com.ar\/index.php\/wp-json\/wp\/v2\/types\/post"}],"author":[{"embeddable":true,"href":"https:\/\/13.com.ar\/index.php\/wp-json\/wp\/v2\/users\/1"}],"replies":[{"embeddable":true,"href":"https:\/\/13.com.ar\/index.php\/wp-json\/wp\/v2\/comments?post=19375"}],"version-history":[{"count":0,"href":"https:\/\/13.com.ar\/index.php\/wp-json\/wp\/v2\/posts\/19375\/revisions"}],"wp:featuredmedia":[{"embeddable":true,"href":"https:\/\/13.com.ar\/index.php\/wp-json\/wp\/v2\/media\/19376"}],"wp:attachment":[{"href":"https:\/\/13.com.ar\/index.php\/wp-json\/wp\/v2\/media?parent=19375"}],"wp:term":[{"taxonomy":"category","embeddable":true,"href":"https:\/\/13.com.ar\/index.php\/wp-json\/wp\/v2\/categories?post=19375"},{"taxonomy":"post_tag","embeddable":true,"href":"https:\/\/13.com.ar\/index.php\/wp-json\/wp\/v2\/tags?post=19375"}],"curies":[{"name":"wp","href":"https:\/\/api.w.org\/{rel}","templated":true}]}}