{"id":19373,"date":"2025-04-23T17:18:29","date_gmt":"2025-04-23T20:18:29","guid":{"rendered":"https:\/\/13.com.ar\/index.php\/como-sera-el-intercambio-entre-los-17-candidatos\/"},"modified":"2025-04-23T17:18:29","modified_gmt":"2025-04-23T20:18:29","slug":"como-sera-el-intercambio-entre-los-17-candidatos","status":"publish","type":"post","link":"https:\/\/13.com.ar\/index.php\/como-sera-el-intercambio-entre-los-17-candidatos\/","title":{"rendered":"c\u00f3mo ser\u00e1 el intercambio entre los 17 candidatos"},"content":{"rendered":"<p> <br \/>\n<br \/><img decoding=\"async\" src=\"https:\/\/13.com.ar\/wp-content\/uploads\/2025\/04\/como-sera-el-intercambio-entre-los-17-candidatos.jpg\" \/><\/p>\n<div id=\"element-body-0\">\n<p>El Gobierno porte\u00f1o determin\u00f3, a trav\u00e9s del Instituto de Gesti\u00f3n Electoral (IGE), que el pr\u00f3ximo <strong>29 de abril se realizar\u00e1 el debate oficial<\/strong> entre los primeros candidatos de las 17 listas que competir\u00e1n en las elecciones distritales del 18 de mayo.<\/p>\n<\/div>\n<div id=\"element-body-1\">\n<p>Se trata de un <strong>cita obligada para los postulantes a integrar la Legislatura porte\u00f1a<\/strong>, seg\u00fan el C\u00f3digo Electoral del distrito, que tendr\u00e1 lugar desde las 20 en un local de la calle Esparza 29 y ser\u00e1 transmitido por <strong>el Canal de la Ciudad<\/strong>. Esa se\u00f1al de cable podr\u00e1 ser tomada, seg\u00fan se inform\u00f3, por todos los servicios de comunicaci\u00f3n audiovisual p\u00fablicos o privados del pa\u00eds &#8220;que deseen transmitir el debate de manera simult\u00e1nea, en forma libre y gratuita&#8221;.<\/p>\n<\/div>\n<div id=\"element-body-2\">\n<p>Van a a participar <strong>las cabezas de lista de los 17 partidos<\/strong> y alianzas pol\u00edticas que compiten por 30 bancas en la Legislatura porte\u00f1a. La obligatoriedad del debate tiene por objetivo la promoci\u00f3n &#8220;de un voto informado por parte de la ciudadan\u00eda&#8221; y que \u00e9sta pueda conocer las propuestas de las agrupaciones pol\u00edticas que participar\u00e1n de los comicios.<\/p>\n<\/div>\n<div id=\"element-body-3\">\n<p><strong>M\u00e1s all\u00e1 de las dificultades t\u00e9cnicas para promover el intercambio entre 17 postulantes al mismo tiempo<\/strong>, la audiencia tendr\u00e1 la oportunidad de escuchar los cruces entre dirigentes como Silvina Lospennato (PRO), Manuel Adorni (LLA), el candidato del peronismo, Leandro Santoro, Ramiro Marra, ex LLA y hoy postulante de &#8220;Libertad y Orden&#8221; o el ex alcalde porte\u00f1o Horacio Rodr\u00edguez Larreta.<\/p>\n<\/div>\n<div id=\"element-body-4\">\n<p>Por la gran cantidad de disertantes, los organizadores dispusieron que haya un \u00fanico bloque titulado <strong>\u201cPropuesta Legislativa\u201d <\/strong>para que el candidato exponga la iniciativa legislativa que considere m\u00e1s representativa de su agenda y prioridades pol\u00edticas. Por eso no habr\u00e1 \u201cejes tem\u00e1ticos\u201d como en las anteriores ediciones<\/p>\n<\/div>\n<div id=\"element-body-5\">\n<p>De acuerdo a lo averiguado, el debate de llevar\u00e1 adelante bajo el siguiente esquema: una apertura de los moderadores dar\u00e1 paso a la presentaci\u00f3n de cada candidato de un minuto de duraci\u00f3n en la cual no podr\u00e1 hacer referencia a otro competidor.<\/p>\n<\/div>\n<div id=\"element-body-6\">\n<p>Luego ser\u00e1 el turno del debate tem\u00e1tico. Este bloque incluye el tiempo asignado para que cada participante exponga su propuesta, una <strong>ronda de preguntas establecidas previamente mediante sorteo p\u00fablico<\/strong>, y un espacio final en el que el expositor podr\u00e1 responder y cerrar el eje tem\u00e1tico.<\/p>\n<\/div>\n<div id=\"element-body-7\">\n<p>Cada candidato, &#8220;sin mediar interrupciones, tendr\u00e1 un m\u00e1ximo dos minutos para exponer. Luego cada postulante recibir\u00e1 tres preguntas consecutivas de distintos candidatos. En ese momento la dupla moderadora introducir\u00e1 a los participantes que formular\u00e1n las preguntas, las cuales no deben superar los veinte segundos. Finalizadas las rondas de preguntas, el candidato deber\u00e1 responder en un tiempo m\u00e1ximo de dos minutos.<\/p>\n<\/div>\n<div id=\"element-body-8\">\n<p>Despu\u00e9s ser\u00e1 el<strong> turno del cierre<\/strong>: en esta instancia cada candidato tendr\u00e1 un minuto y treinta segundos para realizar una exposici\u00f3n antes del saludo final.<\/p>\n<\/div>\n<div id=\"element-body-9\">\n<p>Seg\u00fan se inform\u00f3,<strong> los \u00f3rdenes de exposici\u00f3n de cada participante y los turnos para preguntar a sus pares fueron sorteados p\u00fablicamente con anterioridad<\/strong>. En cuanto a la log\u00edstica, se permitir\u00e1 que cada postulante sea acompa\u00f1ado por hasta 3 asesores pero no podr\u00e1 ingresar p\u00fablico externo.<\/p>\n<\/div>\n<div id=\"element-body-10\">\n<p>El encuentro tendr\u00e1 <strong>una duraci\u00f3n de unos 165 minutos<\/strong>, con cortes publicitarios. En el estudio de TV contratado, la escenograf\u00eda estar\u00e1 compuesta por 4 atriles distribuidos sobre el escenario: dos ubicados hacia la izquierda y dos hacia la derecha. En el centro del escenario habr\u00e1 una grada con 17 asientos, uno para cada candidato.<\/p>\n<\/div>\n<p><br \/>\n<br \/><a href=\"https:\/\/www.clarin.com\/politica\/fecha-super-debate-porteno-intercambio-17-candidatos_0_CWEUAq1sy4.html\">Fuente Clarin.com <\/a><\/p>\n","protected":false},"excerpt":{"rendered":"<p>El Gobierno porte\u00f1o determin\u00f3, a trav\u00e9s del Instituto de Gesti\u00f3n Electoral (IGE), que el pr\u00f3ximo 29 de abril se realizar\u00e1 el debate oficial entre los primeros candidatos de las 17 listas que competir\u00e1n en las elecciones distritales del 18 de mayo. Se trata de un cita obligada para los postulantes a integrar la Legislatura porte\u00f1a, [&hellip;]<\/p>\n","protected":false},"author":1,"featured_media":19374,"comment_status":"open","ping_status":"open","sticky":false,"template":"","format":"standard","meta":{"footnotes":""},"categories":[2],"tags":[3347,66,351,3172,28,153],"class_list":["post-19373","post","type-post","status-publish","format-standard","has-post-thumbnail","hentry","category-ultimas-noticias","tag-candidatos","tag-como","tag-entre","tag-intercambio","tag-los","tag-sera"],"_links":{"self":[{"href":"https:\/\/13.com.ar\/index.php\/wp-json\/wp\/v2\/posts\/19373","targetHints":{"allow":["GET"]}}],"collection":[{"href":"https:\/\/13.com.ar\/index.php\/wp-json\/wp\/v2\/posts"}],"about":[{"href":"https:\/\/13.com.ar\/index.php\/wp-json\/wp\/v2\/types\/post"}],"author":[{"embeddable":true,"href":"https:\/\/13.com.ar\/index.php\/wp-json\/wp\/v2\/users\/1"}],"replies":[{"embeddable":true,"href":"https:\/\/13.com.ar\/index.php\/wp-json\/wp\/v2\/comments?post=19373"}],"version-history":[{"count":0,"href":"https:\/\/13.com.ar\/index.php\/wp-json\/wp\/v2\/posts\/19373\/revisions"}],"wp:featuredmedia":[{"embeddable":true,"href":"https:\/\/13.com.ar\/index.php\/wp-json\/wp\/v2\/media\/19374"}],"wp:attachment":[{"href":"https:\/\/13.com.ar\/index.php\/wp-json\/wp\/v2\/media?parent=19373"}],"wp:term":[{"taxonomy":"category","embeddable":true,"href":"https:\/\/13.com.ar\/index.php\/wp-json\/wp\/v2\/categories?post=19373"},{"taxonomy":"post_tag","embeddable":true,"href":"https:\/\/13.com.ar\/index.php\/wp-json\/wp\/v2\/tags?post=19373"}],"curies":[{"name":"wp","href":"https:\/\/api.w.org\/{rel}","templated":true}]}}