{"id":19371,"date":"2025-04-23T17:15:32","date_gmt":"2025-04-23T20:15:32","guid":{"rendered":"https:\/\/13.com.ar\/index.php\/una-cumbre-mundial-a-cielo-abierto-para-despedir-al-pontifice-que-profetizo-la-iii-guerra-mundial-por-partes\/"},"modified":"2025-04-23T17:15:32","modified_gmt":"2025-04-23T20:15:32","slug":"una-cumbre-mundial-a-cielo-abierto-para-despedir-al-pontifice-que-profetizo-la-iii-guerra-mundial-por-partes","status":"publish","type":"post","link":"https:\/\/13.com.ar\/index.php\/una-cumbre-mundial-a-cielo-abierto-para-despedir-al-pontifice-que-profetizo-la-iii-guerra-mundial-por-partes\/","title":{"rendered":"una cumbre mundial a cielo abierto para despedir al pont\u00edfice que profetiz\u00f3 la &#8220;III Guerra Mundial por partes&#8221;"},"content":{"rendered":"<p> <br \/>\n<\/p>\n<div id=\"cuerpo\">\n<div class=\"sc-80531b6b-0 chRIGJ container-text text-embed\" id=\"element-body-0\">\n<p>El funeral del papa Francisco este s\u00e1bado congregar\u00e1 en el Vaticano a los principales l\u00edderes de Occidente, que despedir\u00e1n al pont\u00edfice que advirti\u00f3 de una &#8220;Tercera Guerra Mundial por partes&#8221; y <strong>muri\u00f3 profundamente preocupado por las tensiones globales y los conflictos en Ucrania u Oriente Medio.<\/strong><\/p>\n<\/div>\n<div class=\"sc-80531b6b-0 chRIGJ container-text text-embed\" id=\"element-body-1\">\n<p>La Plaza de San Pedro del Vaticano se convertir\u00e1 desde la ma\u00f1ana del s\u00e1bado en <strong>un ins\u00f3lito mentidero geopol\u00edtico<\/strong> dada la presencia de multitud de jefes de Estado o de Gobierno llegados a Roma para despedir al pont\u00edfice argentino, fallecido el lunes a los 88 a\u00f1os.<\/p>\n<\/div>\n<div class=\"sc-80531b6b-0 chRIGJ container-text text-embed\" id=\"element-body-2\">\n<p>Francisco fue papa en un tiempo tenso en la diplomacia mundial y la voz de una profec\u00eda:<strong> la de una &#8220;Tercera Guerra Mundial por partes&#8221; que mina al mundo contempor\u00e1neo<\/strong>, seg\u00fan advirti\u00f3 en un recordado discurso en agosto de 2014, un a\u00f1o despu\u00e9s de su elecci\u00f3n.<\/p>\n<\/div>\n<div class=\"sc-80531b6b-0 chRIGJ container-text text-embed\" id=\"element-body-3\">\n<p>Este desvelo qued\u00f3 plasmado en su \u00faltimo documento p\u00fablico, el mensaje para su bendici\u00f3n &#8216;Urbi et Orbi&#8217; de esta Pascua, que tuvo que ser le\u00eddo por un colaborador ya que \u00e9l ya era incapaz de pronunciarlo debido a sus graves problemas respiratorios.<\/p>\n<\/div>\n<div class=\"sc-98b114a2-0 bkqiHH image-embed  image-embed \" id=\"element-body-4\"><picture class=\"sc-98b114a2-1 jRUlDm\"><source media=\"(min-width: 975px)\" width=\"720\" height=\"480\" \/><img alt=\"Un oficial de los Carabineros italianos (C) y un soldado con una bazuca antidrones montan guardia en la Plaza de San Pedro, Ciudad del Vaticano. Foto EFE\" loading=\"lazy\" width=\"720\" height=\"480\" decoding=\"async\" data-nimg=\"1\" style=\"color:transparent\" src=\"https:\/\/13.com.ar\/wp-content\/uploads\/2025\/04\/una-cumbre-mundial-a-cielo-abierto-para-despedir-al-pontifice.jpg\"\/><span class=\"epigraphe\">Un oficial de los Carabineros italianos (C) y un soldado con una bazuca antidrones montan guardia en la Plaza de San Pedro, Ciudad del Vaticano. Foto EFE<\/span><span class=\"picture-open\"><button class=\"open-image\" aria-label=\"Open Image\"\/><\/span><\/picture><\/div>\n<div class=\"sc-80531b6b-0 chRIGJ container-text text-embed\" id=\"element-body-5\">\n<p>En el texto, Bergoglio <strong>llamaba a la paz entre Israel y Palestina, para la &#8220;martirizada&#8221; Ucrania, para Siria, L\u00edbano, Yemen, el C\u00e1ucaso o el violento coraz\u00f3n africano<\/strong>, pero sobre todo exig\u00eda el desarme del mundo, especialmente de sus potencias.<\/p>\n<\/div>\n<div class=\"sc-80531b6b-0 chRIGJ container-text text-embed\" id=\"element-body-6\">\n<p>&#8220;Ninguna paz es posible sin un verdadero desarme. La exigencia de que todo pueblo debe proveerse para su propia defensa no puede convertirse en una carrera general al rearme&#8221;, avis\u00f3.<\/p>\n<\/div>\n<div class=\"sc-80531b6b-0 chRIGJ container-text text-embed\" id=\"element-body-7\">\n<p>A la ma\u00f1ana siguiente mor\u00eda de un ictus. Pero ahora, su \u00faltimo adi\u00f3s servir\u00e1 de ocasi\u00f3n para reunir a los grandes l\u00edderes de Occidente, <strong>aquellos a los que tantas veces amonest\u00f3, aunque indirectamente.<\/strong><\/p>\n<\/div>\n<p><h2>Ucrania y la guerra comercial<\/h2>\n<\/p>\n<div class=\"sc-80531b6b-0 chRIGJ container-text text-embed\" id=\"element-body-9\">\n<p>El m\u00e1s esperado es el presidente de Estados Unidos, Donald Trump,<strong> en medio de la tempestad arancelaria<\/strong> que ha desencadenado incluso contra los aliados tradicionales de su pa\u00eds, la Uni\u00f3n Europea (UE).<\/p>\n<\/div>\n<div class=\"sc-80531b6b-0 chRIGJ container-text text-embed\" id=\"element-body-10\">\n<p>La primera ministra italiana, Giorgia Meloni, vol\u00f3 hace una semana a Washington en busca de una distensi\u00f3n e invit\u00f3 a Trump a<strong> &#8220;hablar con franqueza&#8221; <\/strong>con los europeos en una cumbre en Roma, pero esta no ser\u00e1 la ocasi\u00f3n para ello, aseguran a EFE fuentes gubernamentales.<\/p>\n<\/div>\n<div class=\"sc-80531b6b-0 chRIGJ container-text text-embed\" id=\"element-body-11\">\n<p><strong>En el funeral estar\u00e1 la tr\u00edada europea<\/strong>: la presidenta de la Comisi\u00f3n, Ursula von der Leyen; el del Consejo, Antonio Costa, y la del Parlamento, Roberta Metsola, as\u00ed como el mandatario franc\u00e9s, Emmanuel Macron, y el canciller alem\u00e1n en funciones, Olaf Scholz.<\/p>\n<\/div>\n<div class=\"sc-98b114a2-0 bkqiHH image-embed  image-embed \" id=\"element-body-12\"><picture class=\"sc-98b114a2-1 jRUlDm\"><source media=\"(min-width: 975px)\" width=\"720\" height=\"480\" \/><img alt=\"Dos monjas esperan para despedir al Papa Francisco, en la capilla ardiente en la Bas\u00edlica de San Pedro, en el Vaticano. Foto Reuters\" loading=\"lazy\" width=\"720\" height=\"480\" decoding=\"async\" data-nimg=\"1\" style=\"color:transparent\" src=\"https:\/\/13.com.ar\/wp-content\/uploads\/2025\/04\/1745439332_581_una-cumbre-mundial-a-cielo-abierto-para-despedir-al-pontifice.jpg\"\/><span class=\"epigraphe\">Dos monjas esperan para despedir al Papa Francisco, en la capilla ardiente en la Bas\u00edlica de San Pedro, en el Vaticano. Foto Reuters<\/span><span class=\"picture-open\"><button class=\"open-image\" aria-label=\"Open Image\"\/><\/span><\/picture><\/div>\n<div class=\"sc-80531b6b-0 chRIGJ container-text text-embed\" id=\"element-body-13\">\n<p>Tambi\u00e9n asistir\u00e1 el presidente ucraniano, Volodimir Zelenski, <strong>mientras se buscan caminos para la paz<\/strong> tras m\u00e1s de tres a\u00f1os de invasi\u00f3n rusa y se explora la posibilidad de un alto el fuego en la guerra propuesto por los Estados Unidos.<\/p>\n<\/div>\n<div class=\"sc-80531b6b-0 chRIGJ container-text text-embed\" id=\"element-body-14\">\n<p>No faltar\u00e1 tampoco el primer ministro brit\u00e1nico, Keir Starmer, ni el presidente de Argentina, la tierra natal del pont\u00edfice difundo, Javier Milei, pr\u00f3ximo a Trump.<\/p>\n<\/div>\n<div class=\"sc-80531b6b-0 chRIGJ container-text text-embed\" id=\"element-body-15\">\n<p>En la Plaza de San Pedro habr\u00e1 saludos, seguramente gestos, y a\u00fan <strong>ni se ha confirmado ni descartado encuentros bilaterales<\/strong>, aunque desde el Ejecutivo comunitario &#8220;no los descartan&#8221;.<\/p>\n<\/div>\n<div class=\"sc-80531b6b-0 chRIGJ container-text text-embed\" id=\"element-body-16\">\n<p>Un caso paradigm\u00e1tico ha sido la decisi\u00f3n de Israel de <strong>publicar y luego borrar en sus redes <\/strong>sociales las condolencias por el papa, siempre muy cr\u00edtico con las masacres en Gaza.<\/p>\n<\/div>\n<p><h2>Ausencia del este global<\/h2>\n<\/p>\n<div class=\"sc-80531b6b-0 chRIGJ container-text text-embed\" id=\"element-body-18\">\n<p>Pero, por el contrario, en las solemnes exequias se notar\u00e1 la ausencia de los grandes l\u00edderes de una parte clave de la geopol\u00edtica global, <strong>el Oriente y el sur <\/strong>al que Francisco, como buen jesuita, prest\u00f3 mucha atenci\u00f3n.<\/p>\n<\/div>\n<div class=\"sc-80531b6b-0 chRIGJ container-text text-embed\" id=\"element-body-19\">\n<p>Por ejemplo, del grupo de los BRICS (Brasil, Rusia, India, China y Sud\u00e1frica), <strong>asistir\u00e1 el presidente brasile\u00f1o, Luiz In\u00e1cio Lula da Silva,<\/strong> muy cercano a Bergoglio en vida.<\/p>\n<\/div>\n<div class=\"sc-80531b6b-0 chRIGJ container-text text-embed\" id=\"element-body-20\">\n<p>Rusia, m\u00e1s enfrentada que nunca a Occidente y hostigada por sus sanciones, no ha aclarado si enviar\u00e1 alg\u00fan funcionario, <strong>pero no ir\u00e1 su l\u00edder, Vladimir Putin.<\/strong><\/p>\n<\/div>\n<div class=\"sc-80531b6b-0 chRIGJ container-text text-embed\" id=\"element-body-21\">\n<p><strong>Ni qu\u00e9 decir de China<\/strong>, pa\u00eds con el que el Vaticano no mantiene relaciones diplom\u00e1ticas desde 1951, en los tiempos de la revoluci\u00f3n comunista de Mao Tse Tung, aunque Francisco tendi\u00f3 puentes con Beijing con un hist\u00f3rico acuerdo para consensuar el nombramiento de obispos.<\/p>\n<\/div>\n<div class=\"sc-80531b6b-0 chRIGJ container-text text-embed\" id=\"element-body-22\">\n<p>Curioso ha sido el caso de Taiw\u00e1n, el estado insular que Beijing ve como una provincia rebelde, hostig\u00e1ndolo continuamente. En un primer momento pretend\u00eda enviar al Vaticano al presidente William Lai, independentista, pero al final ser\u00e1 el expresidente Chen Chien-jen.<\/p>\n<\/div>\n<div class=\"sc-80531b6b-0 chRIGJ container-text text-embed\" id=\"element-body-23\">\n<p>El cambio coincide en el tiempo con el ins\u00f3lito acercamiento entre Beijing y la Santa Sede.<\/p>\n<\/div>\n<div class=\"sc-80531b6b-0 chRIGJ container-text text-embed\" id=\"element-body-24\">\n<p><strong><em>Gonzalo S\u00e1nchez. Agencia EFE<\/em><\/strong><\/p>\n<\/div>\n<\/div>\n<p><br \/>\n<br \/><a href=\"https:\/\/www.clarin.com\/mundo\/funeral-papa-francisco-cumbre-mundial-cielo-abierto-despedir-pontifice-profetizo-iii-guerra-mundial-partes_0_khFyhR3SFT.html\">Fuente Clarin.com <\/a><\/p>\n","protected":false},"excerpt":{"rendered":"<p>El funeral del papa Francisco este s\u00e1bado congregar\u00e1 en el Vaticano a los principales l\u00edderes de Occidente, que despedir\u00e1n al pont\u00edfice que advirti\u00f3 de una &#8220;Tercera Guerra Mundial por partes&#8221; y muri\u00f3 profundamente preocupado por las tensiones globales y los conflictos en Ucrania u Oriente Medio. La Plaza de San Pedro del Vaticano se convertir\u00e1 [&hellip;]<\/p>\n","protected":false},"author":1,"featured_media":19372,"comment_status":"open","ping_status":"open","sticky":false,"template":"","format":"standard","meta":{"footnotes":""},"categories":[2],"tags":[6067,469,2819,15468,1864,3560,1612,16,10921,8696,142,15763,73],"class_list":["post-19371","post","type-post","status-publish","format-standard","has-post-thumbnail","hentry","category-ultimas-noticias","tag-abierto","tag-cielo","tag-cumbre","tag-despedir","tag-guerra","tag-iii","tag-mundial","tag-para","tag-partes","tag-pontifice","tag-por","tag-profetizo","tag-una"],"_links":{"self":[{"href":"https:\/\/13.com.ar\/index.php\/wp-json\/wp\/v2\/posts\/19371","targetHints":{"allow":["GET"]}}],"collection":[{"href":"https:\/\/13.com.ar\/index.php\/wp-json\/wp\/v2\/posts"}],"about":[{"href":"https:\/\/13.com.ar\/index.php\/wp-json\/wp\/v2\/types\/post"}],"author":[{"embeddable":true,"href":"https:\/\/13.com.ar\/index.php\/wp-json\/wp\/v2\/users\/1"}],"replies":[{"embeddable":true,"href":"https:\/\/13.com.ar\/index.php\/wp-json\/wp\/v2\/comments?post=19371"}],"version-history":[{"count":0,"href":"https:\/\/13.com.ar\/index.php\/wp-json\/wp\/v2\/posts\/19371\/revisions"}],"wp:featuredmedia":[{"embeddable":true,"href":"https:\/\/13.com.ar\/index.php\/wp-json\/wp\/v2\/media\/19372"}],"wp:attachment":[{"href":"https:\/\/13.com.ar\/index.php\/wp-json\/wp\/v2\/media?parent=19371"}],"wp:term":[{"taxonomy":"category","embeddable":true,"href":"https:\/\/13.com.ar\/index.php\/wp-json\/wp\/v2\/categories?post=19371"},{"taxonomy":"post_tag","embeddable":true,"href":"https:\/\/13.com.ar\/index.php\/wp-json\/wp\/v2\/tags?post=19371"}],"curies":[{"name":"wp","href":"https:\/\/api.w.org\/{rel}","templated":true}]}}