{"id":1937,"date":"2025-02-04T17:42:27","date_gmt":"2025-02-04T20:42:27","guid":{"rendered":"https:\/\/13.com.ar\/index.php\/alejado-del-escandalo-del-wandagate-benjamin-vicuna-disfruta-de-sus-hijos-en-un-paisaje-sonado\/"},"modified":"2025-02-04T17:42:27","modified_gmt":"2025-02-04T20:42:27","slug":"alejado-del-escandalo-del-wandagate-benjamin-vicuna-disfruta-de-sus-hijos-en-un-paisaje-sonado","status":"publish","type":"post","link":"https:\/\/13.com.ar\/index.php\/alejado-del-escandalo-del-wandagate-benjamin-vicuna-disfruta-de-sus-hijos-en-un-paisaje-sonado\/","title":{"rendered":"Alejado del esc\u00e1ndalo del Wandagate, Benjam\u00edn Vicu\u00f1a disfruta de sus hijos en un paisaje so\u00f1ado"},"content":{"rendered":"<p> <br \/>\n<\/p>\n<div id=\"cuerpo\">\n<div class=\"sc-80531b6b-0 chRIGJ container-text text-embed\">\n<p>En medio del esc\u00e1ndalo por la filtraci\u00f3n de nuevos chats entre Eugenia &#8220;La China&#8221; Su\u00e1rez y Wanda Nara, <strong>Benjam\u00edn Vicu\u00f1a <\/strong>decidi\u00f3 tomar distancia del revuelo medi\u00e1tico. Para ello, <strong>el actor chileno emprendi\u00f3 un viaje a la Patagonia acompa\u00f1ado de Amancio y Magnolia<\/strong>, sus hijos en com\u00fan con la actriz, para disfrutar de una escapada familiar.<\/p>\n<\/div>\n<div class=\"sc-80531b6b-0 chRIGJ container-text text-embed\">\n<p>Tras haber visitado Chile y Jap\u00f3n con su novia,<strong> Anita Espasandin<\/strong>, el artista paso tiempo de calidad con los peque\u00f1os en territorio nacional. <\/p>\n<\/div>\n<div class=\"sc-80531b6b-0 chRIGJ container-text text-embed\">\n<p>De esta manera, a trav\u00e9s de su cuenta oficial de Instagram <em>(@benjaminvicuna.ok)<\/em>, Vicu\u00f1a<strong> comparti\u00f3 algunas postales del paseo que emprendieron <\/strong>por la Patagonia.<\/p>\n<\/div>\n<div class=\"sc-80531b6b-0 chRIGJ container-text text-embed\">\n<p>En la primera imagen que comparti\u00f3 en sus historias,<strong> Amancio<\/strong> -el menor de sus hijos con La China Su\u00e1rez-<strong> se mostr\u00f3 con unos anteojos de sol negros <\/strong>mientras se encontraba sentado contra un respaldo de cuero marr\u00f3n y la boca abierta, dejando en evidencia una expresi\u00f3n de entusiasmo.<\/p>\n<\/div>\n<div class=\"sc-80531b6b-0 chRIGJ container-text text-embed\">\n<p>Otra de las fotos inmortaliz\u00f3 la majestuosidad de un lago de aguas cristalinas que se extend\u00eda hasta el horizonte, rodeando una imponente formaci\u00f3n rocosa. <\/p>\n<\/div>\n<div class=\"sc-198be8ec-0 cynXbu image-embed  image-embed \"><picture class=\"sc-198be8ec-1 kOjRiQ\"><source media=\"(min-width: 975px)\" width=\"720\" height=\"480\" \/><img alt=\"Benjam\u00edn Vicu\u00f1a retrat\u00f3 a su hijo, Amancio en medio de su escapada familiar al sur argentino. | Foto: Instagram\" loading=\"lazy\" width=\"720\" height=\"480\" decoding=\"async\" data-nimg=\"1\" style=\"color:transparent\" src=\"https:\/\/13.com.ar\/wp-content\/uploads\/2025\/02\/Alejado-del-escandalo-del-Wandagate-Benjamin-Vicuna-disfruta-de-sus.jpg\"\/><span class=\"epigraphe\">Benjam\u00edn Vicu\u00f1a retrat\u00f3 a su hijo, Amancio en medio de su escapada familiar al sur argentino. | Foto: Instagram<\/span><span class=\"bkg\"\/><span class=\"picture-open\"><button class=\"open-image\" aria-label=\"Open Image\"\/><\/span><\/picture><\/div>\n<div class=\"sc-80531b6b-0 chRIGJ container-text text-embed\">\n<p>En la distancia, monta\u00f1as de picos nevados contrastaban con colinas cubiertas de vegetaci\u00f3n, mientras una peque\u00f1a embarcaci\u00f3n blanca flotaba en el centro del lago, aportando un aire de serenidad a la escena.<\/p>\n<\/div>\n<div class=\"sc-80531b6b-0 chRIGJ container-text text-embed\">\n<p>Como no pod\u00eda ser de otra manera, <strong>Benjam\u00edn tambi\u00e9n retrat\u00f3 a los dos peque\u00f1os juntos<\/strong> mientras posaban para el lente de la c\u00e1mara. <\/p>\n<\/div>\n<div class=\"sc-198be8ec-0 cynXbu image-embed  image-embed \"><picture class=\"sc-198be8ec-1 kOjRiQ\"><source media=\"(min-width: 975px)\" width=\"720\" height=\"480\" \/><img alt=\"Benjam\u00edn Vicu\u00f1a retrat\u00f3 algunos de los pa\u00edsajes del sur argentino. | Foto: Instagram\" loading=\"lazy\" width=\"720\" height=\"480\" decoding=\"async\" data-nimg=\"1\" style=\"color:transparent\" src=\"https:\/\/13.com.ar\/wp-content\/uploads\/2025\/02\/1738701747_560_Alejado-del-escandalo-del-Wandagate-Benjamin-Vicuna-disfruta-de-sus.jpg\"\/><span class=\"epigraphe\">Benjam\u00edn Vicu\u00f1a retrat\u00f3 algunos de los pa\u00edsajes del sur argentino. | Foto: Instagram<\/span><span class=\"bkg\"\/><span class=\"picture-open\"><button class=\"open-image\" aria-label=\"Open Image\"\/><\/span><\/picture><\/div>\n<div class=\"sc-80531b6b-0 chRIGJ container-text text-embed\">\n<p>En la imagen, se vio a <strong>Magnolia<\/strong> -la mayor de sus hijos con Eugenia &#8220;La China&#8221; Su\u00e1rez- sonriendo <strong>en medio de un paseo en bote por un lago, acompa\u00f1ada de su hermano Amancio<\/strong>. <\/p>\n<\/div>\n<div class=\"sc-80531b6b-0 chRIGJ container-text text-embed\">\n<p>De fondo, tambi\u00e9n se apreciaron algunas colinas cubiertas de \u00e1rboles y el agua que resplandec\u00eda bajo el reflejo del sol.<\/p>\n<\/div>\n<div class=\"sc-80531b6b-0 chRIGJ container-text text-embed\">\n<p>La peque\u00f1a se mostr\u00f3 sonriente y con el cabello despeinado por el viento ante la c\u00e1mara de su pap\u00e1, quien sum\u00f3 un emoji de coraz\u00f3n rosa en una de las esquinas de la imagen. <\/p>\n<\/div>\n<div class=\"sc-198be8ec-0 cynXbu image-embed  image-embed \"><picture class=\"sc-198be8ec-1 kOjRiQ\"><source media=\"(min-width: 975px)\" width=\"720\" height=\"480\" \/><img alt=\"Benjam\u00edn Vicu\u00f1a mostr\u00f3 a sus hijos, Amancio y Magnolia. | Foto: Instagram.\" loading=\"lazy\" width=\"720\" height=\"480\" decoding=\"async\" data-nimg=\"1\" style=\"color:transparent\" src=\"https:\/\/13.com.ar\/wp-content\/uploads\/2025\/02\/1738701747_278_Alejado-del-escandalo-del-Wandagate-Benjamin-Vicuna-disfruta-de-sus.jpg\"\/><span class=\"epigraphe\">Benjam\u00edn Vicu\u00f1a mostr\u00f3 a sus hijos, Amancio y Magnolia. | Foto: Instagram.<\/span><span class=\"bkg\"\/><span class=\"picture-open\"><button class=\"open-image\" aria-label=\"Open Image\"\/><\/span><\/picture><\/div>\n<div class=\"sc-80531b6b-0 chRIGJ container-text text-embed\">\n<p>Benjam\u00edn no perdi\u00f3 la oportunidad para retratarse con las imponentes vistas que ofrece el territorio mientras luc\u00eda un look casual que compuso por un jean recto, remera blanca b\u00e1sica de cuello redondo y unas zapatillas negras.<\/p>\n<\/div>\n<div class=\"sc-80531b6b-0 chRIGJ container-text text-embed\">\n<p>Adem\u00e1s, en otra historia, el actor comparti\u00f3 una foto de espaldas junto a sus dos hijos, mientras los tres admiraban el paisaje del destino que eligieron para su escapada familiar.<\/p>\n<\/div>\n<div class=\"sc-198be8ec-0 cynXbu image-embed  image-embed \"><picture class=\"sc-198be8ec-1 kOjRiQ\"><source media=\"(min-width: 975px)\" width=\"720\" height=\"480\" \/><img alt=\"Benjam\u00edn Vicu\u00f1a junto Magnolia y Amancio en el Sur. | Foto: Instagram\" loading=\"lazy\" width=\"720\" height=\"480\" decoding=\"async\" data-nimg=\"1\" style=\"color:transparent\" src=\"https:\/\/13.com.ar\/wp-content\/uploads\/2025\/02\/1738701747_802_Alejado-del-escandalo-del-Wandagate-Benjamin-Vicuna-disfruta-de-sus.jpg\"\/><span class=\"epigraphe\">Benjam\u00edn Vicu\u00f1a junto Magnolia y Amancio en el Sur. | Foto: Instagram<\/span><span class=\"bkg\"\/><span class=\"picture-open\"><button class=\"open-image\" aria-label=\"Open Image\"\/><\/span><\/picture><\/div>\n<div class=\"sc-80531b6b-0 chRIGJ container-text text-embed\">\n<p>Durante el fin de semana, Vicu\u00f1a tambi\u00e9n fotografi\u00f3 a <strong>Magnolia y Amancio divirti\u00e9ndose en un lago, vestidos con trajes de neopreno <\/strong>mientras el agua azul y las monta\u00f1as creaban un impresionante escenario natural a su alrededor.<\/p>\n<\/div>\n<div class=\"sc-198be8ec-0 cynXbu image-embed  image-embed \"><picture class=\"sc-198be8ec-1 kOjRiQ\"><source media=\"(min-width: 975px)\" width=\"720\" height=\"480\" \/><img alt=\"Magnolia y Amancio en la escapada familiar que emprendieron junto a Benjam\u00edn Vicu\u00f1a en el sur del pa\u00eds.\" loading=\"lazy\" width=\"720\" height=\"480\" decoding=\"async\" data-nimg=\"1\" style=\"color:transparent\" src=\"https:\/\/13.com.ar\/wp-content\/uploads\/2025\/02\/1738701747_316_Alejado-del-escandalo-del-Wandagate-Benjamin-Vicuna-disfruta-de-sus.jpg\"\/><span class=\"epigraphe\">Magnolia y Amancio en la escapada familiar que emprendieron junto a Benjam\u00edn Vicu\u00f1a en el sur del pa\u00eds.<\/span><span class=\"bkg\"\/><span class=\"picture-open\"><button class=\"open-image\" aria-label=\"Open Image\"\/><\/span><\/picture><\/div>\n<p><h2>Caos y ovaci\u00f3n: Mauro Icardi disfruta junto a La China Su\u00e1rez de Turqu\u00eda<\/h2>\n<\/p>\n<div class=\"sc-80531b6b-0 chRIGJ container-text text-embed\">\n<p>Por otro lado, Eugenia &#8220;la China&#8221; Su\u00e1rez viaj\u00f3 a Turqu\u00eda junto a Mauro Icardi tras vivir una rom\u00e1ntico viaje a Mil\u00e1n, donde no solo visitaron los puntos tur\u00edsticos m\u00e1s importantes de la ciudad italiana sino tambi\u00e9n cenaron juntos en un un reconocido restaurante argentino, <em>El Porte\u00f1o<\/em>. <\/p>\n<\/div>\n<div class=\"sc-198be8ec-0 cynXbu image-embed  image-embed \"><picture class=\"sc-198be8ec-1 kOjRiQ\"><source media=\"(min-width: 975px)\" width=\"720\" height=\"480\" \/><img alt=\"La rom\u00e1ntica cita de Mauro Icardi y la China Su\u00e1rez en Mil\u00e1n: visita a la Plaza de la Catedral, regalo de lujo y cena \u00edntima\" loading=\"lazy\" width=\"720\" height=\"480\" decoding=\"async\" data-nimg=\"1\" style=\"color:transparent\" src=\"https:\/\/13.com.ar\/wp-content\/uploads\/2025\/02\/1738701747_932_Alejado-del-escandalo-del-Wandagate-Benjamin-Vicuna-disfruta-de-sus.jpg\"\/><span class=\"epigraphe\">La rom\u00e1ntica cita de Mauro Icardi y la China Su\u00e1rez en Mil\u00e1n: visita a la Plaza de la Catedral, regalo de lujo y cena \u00edntima<\/span><span class=\"bkg\"\/><span class=\"picture-open\"><button class=\"open-image\" aria-label=\"Open Image\"\/><\/span><\/picture><\/div>\n<div class=\"sc-80531b6b-0 chRIGJ container-text text-embed\">\n<p>Incluso, la pareja realiz\u00f3 un circuito de compras que incluy\u00f3 un costoso regalo por parte del futbolista a la actriz: una <strong>cartera H\u00e9rmes modelo Haut \u00c0 Courroies<\/strong> en tonos gris y negro, con un valor estimado en <strong>58.760 euros.<\/strong><\/p>\n<\/div>\n<div class=\"sc-198be8ec-0 cynXbu image-embed  image-embed \"><picture class=\"sc-198be8ec-1 kOjRiQ\"><source media=\"(min-width: 975px)\" width=\"720\" height=\"480\" \/><img alt=\"Pochi de Gossipeame revel\u00f3 el valor de la cartera que le regal\u00f3 Mauro Icardi a la China Su\u00e1rez.\" loading=\"lazy\" width=\"720\" height=\"480\" decoding=\"async\" data-nimg=\"1\" style=\"color:transparent\" src=\"https:\/\/13.com.ar\/wp-content\/uploads\/2025\/02\/1738701747_695_Alejado-del-escandalo-del-Wandagate-Benjamin-Vicuna-disfruta-de-sus.jpg\"\/><span class=\"epigraphe\">Pochi de Gossipeame revel\u00f3 el valor de la cartera que le regal\u00f3 Mauro Icardi a la China Su\u00e1rez.<\/span><span class=\"bkg\"\/><span class=\"picture-open\"><button class=\"open-image\" aria-label=\"Open Image\"\/><\/span><\/picture><\/div>\n<div class=\"sc-80531b6b-0 chRIGJ container-text text-embed\">\n<p>No obstante, tras varias d\u00edas de calma en Europa,<strong> el deportista vol\u00f3 al pa\u00eds de Medio Oriente<\/strong> donde se desempe\u00f1a como delantero del club turco Galatasaray<strong> para reincorporarse a las actividades futbol\u00edsticas <\/strong>mientras se recupera de la rotura del ligamento cruzado anterior y meniscos en la rodilla derecha por la que fue operado en Argentina.<\/p>\n<\/div>\n<div class=\"sc-ad4aedf2-0 dPPgNJ border-video video-embed horizontal border-video video-embed horizontal\">\n<div class=\"sc-ad4aedf2-1 hnFuni videoText videoText\">\n<h2>Video<\/h2>\n<p>Mauro Icardi lleg\u00f3 a Turqu\u00eda junto a La China Su\u00e1rez<\/p>\n<\/div>\n<\/div>\n<div class=\"sc-80531b6b-0 chRIGJ container-text text-embed\">\n<p>Pero lo cierto es que su arribo a Turqu\u00eda estuvo muy lejos de pasar inadvertido ya que<strong> Icardi fue recibido en el aeropuerto por un grupo de fan\u00e1ticos del equipo<\/strong> al cual, el futbolista rosarino arrib\u00f3 a mediados de 2022 y r\u00e1pidamente se convirti\u00f3 en \u00eddolo tras ganar tres t\u00edtulos y marcar 61 goles.<\/p>\n<\/div>\n<div class=\"sc-198be8ec-0 cynXbu image-embed  image-embed \"><picture class=\"sc-198be8ec-1 kOjRiQ\"><source media=\"(min-width: 975px)\" width=\"720\" height=\"480\" \/><img alt=\"La escapada de la China Su\u00e1rez y Mauro Icardi a Turqu\u00eda. Foto: Instagram\" loading=\"lazy\" width=\"720\" height=\"480\" decoding=\"async\" data-nimg=\"1\" style=\"color:transparent\" src=\"https:\/\/13.com.ar\/wp-content\/uploads\/2025\/02\/las-fotos-de-su-paseo-por-Estambul.jpg\"\/><span class=\"epigraphe\">La escapada de la China Su\u00e1rez y Mauro Icardi a Turqu\u00eda. Foto: Instagram<\/span><span class=\"bkg\"\/><span class=\"picture-open\"><button class=\"open-image\" aria-label=\"Open Image\"\/><\/span><\/picture><\/div>\n<div class=\"sc-80531b6b-0 chRIGJ container-text text-embed\">\n<p>Si bien, Mauro acept\u00f3 posar para un par de fotos, la China Su\u00e1rez opt\u00f3 por mantener un perfil m\u00e1s bajo y esperarlo en uno de los costados.  <\/p>\n<\/div>\n<div class=\"sc-80531b6b-0 chRIGJ container-text text-embed\">\n<p>Luego, ambos fueron escoltados por la seguridad del aeropuerto para atravesar la multitud que esperaba por el exmarido de Wanda Nara y as\u00ed, llegar al veh\u00edculo que los estaba esperando.<\/p>\n<\/div>\n<div class=\"sc-198be8ec-0 cynXbu image-embed  image-embed \"><picture class=\"sc-198be8ec-1 kOjRiQ\"><source media=\"(min-width: 975px)\" width=\"720\" height=\"480\" \/><img alt=\"La escapada de la China Su\u00e1rez y Mauro Icardi a Turqu\u00eda. Foto: Instagram\" loading=\"lazy\" width=\"720\" height=\"480\" decoding=\"async\" data-nimg=\"1\" style=\"color:transparent\" src=\"https:\/\/13.com.ar\/wp-content\/uploads\/2025\/02\/1738517728_365_las-fotos-de-su-paseo-por-Estambul.jpg\"\/><span class=\"epigraphe\">La escapada de la China Su\u00e1rez y Mauro Icardi a Turqu\u00eda. Foto: Instagram<\/span><span class=\"bkg\"\/><span class=\"picture-open\"><button class=\"open-image\" aria-label=\"Open Image\"\/><\/span><\/picture><\/div>\n<div class=\"sc-80531b6b-0 chRIGJ container-text text-embed\">\n<p><strong>&#8220;Istanbul<\/strong>&#8220;, escribi\u00f3 Mauro en su cuenta de Instagram <em>(@mauroicardi)<\/em> junto a <strong>una foto del jard\u00edn de su hogar en Turqu\u00eda<\/strong> para luego compartir algunas im\u00e1genes de l<strong>a cena en la que estuvo acompa\u00f1ado de La China Su\u00e1rez y sus compa\u00f1eros del Galatasaray<\/strong>, incluyendo a los uruguayos Lucas Torreira y Fernando Muslera. <\/p>\n<\/div>\n<\/div>\n<p><br \/>\n<br \/><a href=\"https:\/\/www.clarin.com\/fama\/alejado-escandalo-wandagate-benjamin-vicuna-disfruta-hijos-paisaje-sonado_0_YWS80hVh9Z.html\">Fuente Clarin.com <\/a><\/p>\n","protected":false},"excerpt":{"rendered":"<p>En medio del esc\u00e1ndalo por la filtraci\u00f3n de nuevos chats entre Eugenia &#8220;La China&#8221; Su\u00e1rez y Wanda Nara, Benjam\u00edn Vicu\u00f1a decidi\u00f3 tomar distancia del revuelo medi\u00e1tico. Para ello, el actor chileno emprendi\u00f3 un viaje a la Patagonia acompa\u00f1ado de Amancio y Magnolia, sus hijos en com\u00fan con la actriz, para disfrutar de una escapada familiar. [&hellip;]<\/p>\n","protected":false},"author":1,"featured_media":1938,"comment_status":"open","ping_status":"open","sticky":false,"template":"","format":"standard","meta":{"footnotes":""},"categories":[2],"tags":[3733,1694,100,3735,1711,41,3736,3737,40,1695,3734],"class_list":["post-1937","post","type-post","status-publish","format-standard","has-post-thumbnail","hentry","category-ultimas-noticias","tag-alejado","tag-benjamin","tag-del","tag-disfruta","tag-escandalo","tag-hijos","tag-paisaje","tag-sonado","tag-sus","tag-vicuna","tag-wandagate"],"_links":{"self":[{"href":"https:\/\/13.com.ar\/index.php\/wp-json\/wp\/v2\/posts\/1937","targetHints":{"allow":["GET"]}}],"collection":[{"href":"https:\/\/13.com.ar\/index.php\/wp-json\/wp\/v2\/posts"}],"about":[{"href":"https:\/\/13.com.ar\/index.php\/wp-json\/wp\/v2\/types\/post"}],"author":[{"embeddable":true,"href":"https:\/\/13.com.ar\/index.php\/wp-json\/wp\/v2\/users\/1"}],"replies":[{"embeddable":true,"href":"https:\/\/13.com.ar\/index.php\/wp-json\/wp\/v2\/comments?post=1937"}],"version-history":[{"count":0,"href":"https:\/\/13.com.ar\/index.php\/wp-json\/wp\/v2\/posts\/1937\/revisions"}],"wp:featuredmedia":[{"embeddable":true,"href":"https:\/\/13.com.ar\/index.php\/wp-json\/wp\/v2\/media\/1938"}],"wp:attachment":[{"href":"https:\/\/13.com.ar\/index.php\/wp-json\/wp\/v2\/media?parent=1937"}],"wp:term":[{"taxonomy":"category","embeddable":true,"href":"https:\/\/13.com.ar\/index.php\/wp-json\/wp\/v2\/categories?post=1937"},{"taxonomy":"post_tag","embeddable":true,"href":"https:\/\/13.com.ar\/index.php\/wp-json\/wp\/v2\/tags?post=1937"}],"curies":[{"name":"wp","href":"https:\/\/api.w.org\/{rel}","templated":true}]}}