{"id":19365,"date":"2025-04-23T16:51:35","date_gmt":"2025-04-23T19:51:35","guid":{"rendered":"https:\/\/13.com.ar\/index.php\/el-gobierno-sacrifico-puntitos-de-inflacion-pero-ahora-no-estamos-esperando-el-proximo-salto-cambiario\/"},"modified":"2025-04-23T16:51:35","modified_gmt":"2025-04-23T19:51:35","slug":"el-gobierno-sacrifico-puntitos-de-inflacion-pero-ahora-no-estamos-esperando-el-proximo-salto-cambiario","status":"publish","type":"post","link":"https:\/\/13.com.ar\/index.php\/el-gobierno-sacrifico-puntitos-de-inflacion-pero-ahora-no-estamos-esperando-el-proximo-salto-cambiario\/","title":{"rendered":"El Gobierno sacrific\u00f3 puntitos de inflaci\u00f3n, pero ahora no estamos esperando el pr\u00f3ximo salto cambiario"},"content":{"rendered":"<p> <br \/>\n<br \/><img decoding=\"async\" src=\"https:\/\/13.com.ar\/wp-content\/uploads\/2025\/04\/El-Gobierno-sacrifico-puntitos-de-inflacion-pero-ahora-no-estamos.jpg\" \/><\/p>\n<div id=\"element-body-0\">\n<p>NUEVA YORK (Enviado especial).- El economista jefe del Banco Santander, <strong>Rodrigo Park, <\/strong>dijo que el Gobierno \u201celigi\u00f3<strong> sacrificar algunos puntitos de inflaci\u00f3n<\/strong>n\u201d para tomar el riesgo de salir del cepo, decisi\u00f3n que elogi\u00f3 al se\u00f1alar que a partir del establecimiento de una banda de flotaci\u00f3n para el d\u00f3lar \u201cahora <strong>no estamos esperando cu\u00e1l va a ser el pr\u00f3ximo salto cambiario\u201d.<\/strong><\/p>\n<\/div>\n<div id=\"element-body-1\">\n<p>Park dijo que en el banco tienen para este a\u00f1o una expectativa de inflaci\u00f3n \u201cen la zona del <strong>30% anual\u201d<\/strong>, y agreg\u00f3 que el traslado a precios a causa de la salida del cepo \u201cno deber\u00eda ser tanta\u201d.<\/p>\n<\/div>\n<div id=\"element-body-2\">\n<p>En l\u00ednea con el pron\u00f3stico del FMI, que el martes revis\u00f3 hacia arriba la proyecci\u00f3n de crecimiento de la econom\u00eda argentina durante este a\u00f1o, Park agreg\u00f3 que en Santander tienen una expectativa de crecimiento para el pa\u00eds del 5%, focalizada en sectores como energ\u00eda, agro y miner\u00eda. \u201cPero si bien esos sectores son los que est\u00e1n empujando, lo que hoy vemos es que la totalidad de los sectores de la econom\u00eda<strong> ya est\u00e1n con n\u00fameros positivos<\/strong>\u201d, se\u00f1al\u00f3.<\/p>\n<\/div>\n<div id=\"element-body-3\">\n<p>Por su parte el economista jefe del Grupo Santander, <strong>Juan Cerruti,<\/strong> agreg\u00f3 que Am\u00e9rica Latina podr\u00eda ser una de las regiones \u201cganadoras\u201d en medio de la disputa comercial y geopol\u00edtica entre Estados Unidos y China, \u201cporque son pocas las regiones del mundo que cuenten con sistemas mayormente democr\u00e1ticos, recursos naturales, infraestructura y buen nivel de capital humano\u201d.<\/p>\n<\/div>\n<div id=\"element-body-4\">\n<p>Cerruti dijo que la el primer perjudicado por la imposici\u00f3n de aranceles a sus importaciones ser\u00e1 Estados Unidos.<\/p>\n<\/div>\n<div id=\"element-body-5\">\n<p>\u201cUna guerra arancelaria es algo que no beneficia a ninguna de las partes. <strong>El principal impacto es para el propio EE.UU.<\/strong>, donde corren el riesgo de tener lo que se llama un \u201cchoque de oferta\u201d: al mismo tiempo que puede desacelerar la actividad por el menor comercio, se acelera la inflaci\u00f3n\u201d.<\/p>\n<\/div>\n<div id=\"element-body-7\">\n<p>Ambos economistas participaron de la \u201cMesa de Economistas latinoamericanos\u201d organizada este mi\u00e9rcoles por el Grupo Santander en el <strong>New York Stock Exchange <\/strong>(NYSE, la Bolsa de Wall Street), en el marco del encuentro anual del grupo para la regi\u00f3n. Al mediod\u00eda, la pantalla principal ubicada debajo del balc\u00f3n donde se toca la campana en Wall Street estuvo te\u00f1ida por el fondo rojo con letras blancas del banco. Y el ADR de Santander <strong>trep\u00f3 m\u00e1s de 2%.<\/strong><\/p>\n<\/div>\n<div id=\"element-body-9\">\n<p>Park puso el acento sobre la \u201cnormalizaci\u00f3n\u201d de los indicadores econ\u00f3micos de la Argentina, en particular en el contraste entre la situaci\u00f3n fiscal a fines de 2023 y la actual. \u201cNos vamos convirtiendo en una econom\u00eda <strong>m\u00e1s aburrida. <\/strong>La \u201cmacro\u201d argentina se va tornando una econom\u00eda m\u00e1s previsible\u201d, dijo. \u201cHace 15 meses la brecha del tipo de cambio era de 157% y el riesgo pa\u00eds rozaba los 2.000 puntos b\u00e1sicos, contra los 700 puntos de comienzos de esta semana\u201d, subray\u00f3.<\/p>\n<\/div>\n<div id=\"element-body-10\">\n<p>Seg\u00fan su an\u00e1lisis, la reducci\u00f3n del d\u00e9ficit fiscal en casi 5 puntos del PBI \u201cse hizo con un alto apoyo de la sociedad y ahora, en v\u00edsperas de las elecciones, seg\u00fan un sondeo de la Universidad Di Tella <strong>el Gobierno tiene m\u00e1s apoyo<\/strong> que durante las elecciones de 2023. Ese contexto le da plafond para avanzar con el plan de estabilidad\u201d.<\/p>\n<\/div>\n<div id=\"element-body-12\">\n<p>En ese sentido, se\u00f1al\u00f3 que el pr\u00e9stamo del FMI, sumado al de organismos multilaterales de cr\u00e9dito y los REPO de los bancos locales \u201c<strong>aumentaron en 23.000 millones de d\u00f3lares las reservas del Banco Central.<\/strong> Eso permiti\u00f3 avanzar en la eliminaci\u00f3n del arbitraje entre tipos de cambio y el establecimiento de una banda de flotaci\u00f3n a partir de la cual no se est\u00e1 esperando cu\u00e1l ser\u00e1 el pr\u00f3ximo salto cambiario. Ese paso a un esquema de bandas cambiarias, si bien probablemente implica alg\u00fan salto de precios, genera certidumbre hacia adelante\u201d. Agreg\u00f3: \u201cEl gobierno eligi\u00f3 sacrificar algunos puntitos de inflaci\u00f3n, pero este esto <strong>es lo que va a facilitar que lleguen las inversiones\u201d.<\/strong><\/p>\n<\/div>\n<div id=\"element-body-13\">\n<p>Seg\u00fan describi\u00f3, el plan oficial apunta a nuevas etapas para despu\u00e9s de las elecciones legislativas. \u201cEl Gobierno necesita m\u00e1s sillas en el Congreso para su agenda de mediano y largo plazo, enfocada en una reforma laboral, impositiva y previsional. Pero el foco ahora, en 2025, tiene m\u00e1s que ver con la estabilizaci\u00f3n. Uno no puede comenzar a construir la casa por el techo\u201d.<\/p>\n<\/div>\n<div id=\"element-body-15\">\n<p>Cerruti hab\u00eda abierto el encuentro se\u00f1alando que en el comienzo de 2025 la econom\u00eda mundial ven\u00eda creciendo a buen ritmo. \u201cEl mundo hace dos a\u00f1os y medio tuvo la mayor inflaci\u00f3n en casi cuatro d\u00e9cadas y aun as\u00ed las econom\u00edas siguieron creciendo. Eso nos dice que, m\u00e1s all\u00e1 de la volatilidad que estamos viviendo en este momento, el mundo entr\u00f3 a esta etapa con un colch\u00f3n, con China creciendo al 5%, Estados Unidos al 2% y con Brasil creciendo al 3%. La econom\u00eda de Estados Unidos ha sido la m\u00e1s fuerte del mundo en los \u00faltimos diez a\u00f1os\u201d, se\u00f1al\u00f3.  \u201cMientras antes se empiece a resolver la actual incertidumbre, es mejor. Lo importante es que las partes comiencen a dialogar y que se llegue a acuerdos. Los pilares de la econom\u00eda de Estados Unidos siguen siendo s\u00f3lidos, y ahora Europa encara una etapa de planes de infraestructura y de defensa encabezada por Alemania. Y por primera vez, en la sede de la Uni\u00f3n Europea de Bruselas se comienza a hablar de mejorar la competitividad\u201d.<\/p>\n<\/div>\n<div id=\"element-body-16\">\n<p>Cerruti, que es argentino, dijo que los pa\u00edses de Am\u00e9rica Latina est\u00e1n \u201cconviviendo\u201d con la disputa entre Estados Unidos y China, sin necesariamente tomar partido. \u201cEl resto del mundo es un poco espectador de esa guerra comercial entre Estados Unidos y China, y Am\u00e9rica Latina en su mayor parte ha sabido mantener un alineamiento con el capitalismo y a la vez aceptar inversiones (chinas) que son importante para el inter\u00e9s de cada pa\u00eds. Sin abandonar su pol\u00edtica exterior, los pa\u00edses de la regi\u00f3n priorizan a la vez sus intereses, buscando inversiones. <strong>Y mientras \u00e9stas cumplan con los est\u00e1ndares de legalidad, una naci\u00f3n las acepta porque son trabajos parar su pa\u00eds\u201d.<\/strong><\/p>\n<\/div>\n<p><br \/>\n<br \/><a href=\"https:\/\/www.clarin.com\/economia\/gobierno-sacrifico-puntitos-inflacion-ahora-esperando-proximo-salto-cambiario_0_vjDuPGiJ8K.html\">Fuente Clarin.com <\/a><\/p>\n","protected":false},"excerpt":{"rendered":"<p>NUEVA YORK (Enviado especial).- El economista jefe del Banco Santander, Rodrigo Park, dijo que el Gobierno \u201celigi\u00f3 sacrificar algunos puntitos de inflaci\u00f3nn\u201d para tomar el riesgo de salir del cepo, decisi\u00f3n que elogi\u00f3 al se\u00f1alar que a partir del establecimiento de una banda de flotaci\u00f3n para el d\u00f3lar \u201cahora no estamos esperando cu\u00e1l va a [&hellip;]<\/p>\n","protected":false},"author":1,"featured_media":19366,"comment_status":"open","ping_status":"open","sticky":false,"template":"","format":"standard","meta":{"footnotes":""},"categories":[2],"tags":[1412,2487,8081,4376,71,1544,265,3308,15761,12029,1311],"class_list":["post-19365","post","type-post","status-publish","format-standard","has-post-thumbnail","hentry","category-ultimas-noticias","tag-ahora","tag-cambiario","tag-esperando","tag-estamos","tag-gobierno","tag-inflacion","tag-pero","tag-proximo","tag-puntitos","tag-sacrifico","tag-salto"],"_links":{"self":[{"href":"https:\/\/13.com.ar\/index.php\/wp-json\/wp\/v2\/posts\/19365","targetHints":{"allow":["GET"]}}],"collection":[{"href":"https:\/\/13.com.ar\/index.php\/wp-json\/wp\/v2\/posts"}],"about":[{"href":"https:\/\/13.com.ar\/index.php\/wp-json\/wp\/v2\/types\/post"}],"author":[{"embeddable":true,"href":"https:\/\/13.com.ar\/index.php\/wp-json\/wp\/v2\/users\/1"}],"replies":[{"embeddable":true,"href":"https:\/\/13.com.ar\/index.php\/wp-json\/wp\/v2\/comments?post=19365"}],"version-history":[{"count":0,"href":"https:\/\/13.com.ar\/index.php\/wp-json\/wp\/v2\/posts\/19365\/revisions"}],"wp:featuredmedia":[{"embeddable":true,"href":"https:\/\/13.com.ar\/index.php\/wp-json\/wp\/v2\/media\/19366"}],"wp:attachment":[{"href":"https:\/\/13.com.ar\/index.php\/wp-json\/wp\/v2\/media?parent=19365"}],"wp:term":[{"taxonomy":"category","embeddable":true,"href":"https:\/\/13.com.ar\/index.php\/wp-json\/wp\/v2\/categories?post=19365"},{"taxonomy":"post_tag","embeddable":true,"href":"https:\/\/13.com.ar\/index.php\/wp-json\/wp\/v2\/tags?post=19365"}],"curies":[{"name":"wp","href":"https:\/\/api.w.org\/{rel}","templated":true}]}}