{"id":19359,"date":"2025-04-23T16:42:49","date_gmt":"2025-04-23T19:42:49","guid":{"rendered":"https:\/\/13.com.ar\/index.php\/tras-salir-de-la-casa-de-gran-hermano-luciana-decidio-someterse-a-una-importante-cirugia-estetica-los-suenos-se-cumplen\/"},"modified":"2025-04-23T16:42:49","modified_gmt":"2025-04-23T19:42:49","slug":"tras-salir-de-la-casa-de-gran-hermano-luciana-decidio-someterse-a-una-importante-cirugia-estetica-los-suenos-se-cumplen","status":"publish","type":"post","link":"https:\/\/13.com.ar\/index.php\/tras-salir-de-la-casa-de-gran-hermano-luciana-decidio-someterse-a-una-importante-cirugia-estetica-los-suenos-se-cumplen\/","title":{"rendered":"Tras salir de la casa de Gran Hermano, Luciana decidi\u00f3 someterse a una importante cirug\u00eda est\u00e9tica: &#8220;Los sue\u00f1os se cumplen&#8221;"},"content":{"rendered":"<p> <br \/>\n<br \/><img decoding=\"async\" src=\"https:\/\/13.com.ar\/wp-content\/uploads\/2025\/04\/Tras-salir-de-la-casa-de-Gran-Hermano-Luciana-decidio.jpg\" \/><\/p>\n<div id=\"element-body-0\">\n<p>Desde el comienzo de esta nueva edici\u00f3n de <em>Gran Hermano<\/em> (Telefe), <strong>Luciana Mart\u00ednez <\/strong>se destac\u00f3 por su historia de vida y superaci\u00f3n. Ahora, tras salir de la casa, la <strong>joven trans<\/strong> revel\u00f3 que se someter\u00e1 a una<strong> importante cirug\u00eda.<\/strong><\/p>\n<\/div>\n<div id=\"element-body-1\">\n<p>La historia de Luciana Mart\u00ednez <strong>conmovi\u00f3 a todos dentro y fuera de la casa<\/strong> de GH. Cuando qued\u00f3 seleccionada en el casting, la joven trans oriunda de Santa Cruz decidi\u00f3 dejar su pasado atr\u00e1s y presentarse ante el mundo como mujer.<\/p>\n<\/div>\n<div id=\"element-body-2\">\n<p><strong>La madre y los hermanos de Luciana conocieron su nueva identidad<\/strong> al verla dentro de la casa m\u00e1s famosa del pa\u00eds, con el pelo largo, vestida de mujer y bailando con pasi\u00f3n frente a cada oportunidad que se le presentaba.<\/p>\n<\/div>\n<div id=\"element-body-3\">\n<p>De hecho, uno de los momentos m\u00e1s emotivos de esta edici\u00f3n del <em>reality<\/em> fue cuando la mam\u00e1 de la joven entr\u00f3 a la casa en el formato &#8220;Congelados&#8221; y le comunic\u00f3 que <strong>aceptaba a la persona en la que se hab\u00eda convertido.<\/strong><\/p>\n<\/div>\n<div id=\"element-body-4\">\n<p>&#8220;<strong>Estoy muy orgullosa de ti, hijita querida.<\/strong> Te amo, beb\u00e9. Siempre te dije que te quiero, toda la vida te lo dije. <strong>Nunca te abandon\u00e9 ni te voy a abandonar<\/strong>, hija m\u00eda&#8221;, le prometi\u00f3 Marta a su hija.<\/p>\n<\/div>\n<div id=\"element-body-5\">\n<p>Desde que hab\u00eda entrado a la casa, Luciana tem\u00eda cu\u00e1l ser\u00eda la reacci\u00f3n de su familia, pero luego de encontrarse con su mam\u00e1, <strong>la joven encontr\u00f3 la paz y aceptaci\u00f3n que tanto necesitaba.<\/strong><\/p>\n<\/div>\n<div id=\"element-body-6\">\n<p>A fines de marzo, Mart\u00ednez fue elegida por el p\u00fablico para abandonar el programa de Telefe, pero eso fue s\u00f3lo el comienzo de su carrera p\u00fablica.<\/p>\n<\/div>\n<div id=\"element-body-8\">\n<p>Despu\u00e9s de participar en los <em>streamings <\/em>del canal, algunos programas relacionados con el <em>reality <\/em>y distintos eventos,<em> <\/em><strong>Luciana confirm\u00f3 que decidi\u00f3 someterse a una cirug\u00eda est\u00e9tica.<\/strong><\/p>\n<\/div>\n<div id=\"element-body-10\">\n<p>A trav\u00e9s de sus redes sociales, la joven de Pico Truncado comparti\u00f3 un video en el que se la ve<strong> reunida con un cirujano pl\u00e1stico, <\/strong>quien le explica c\u00f3mo ser\u00e1 la operaci\u00f3n para ponerle <strong>pr\u00f3tesis mamarias<\/strong> y hacerle algunos <strong>retoques en la cara.<\/strong><\/p>\n<\/div>\n<div id=\"element-body-12\">\n<p><strong>&#8220;Huye de la historia que te frena, los sue\u00f1os se cumplen&#8221;<\/strong>, escribi\u00f3 Luciana al pie de ese video respecto a la emoci\u00f3n que le genera este cambio f\u00edsico de cara a su futuro. <\/p>\n<\/div>\n<div id=\"element-body-14\">\n<p>En su video de presentaci\u00f3n del <em>casting,<\/em> la joven se dio a conocer como Jorge Barrionuevo, de Pico Truncado, una ciudad petrolera de 50.000 habitantes, ubicada en Santa Cruz.<\/p>\n<\/div>\n<div id=\"element-body-15\">\n<div class=\"sc-c2c2a3c6-1 kQhBlc videoText videoText\">\n<h2>Video<\/h2>\n<p>La impactante revelaci\u00f3n de Luciana Mart\u00ednez antes de ingresar a la casa de Gran Hermano: as\u00ed fue su presentaci\u00f3n<\/p>\n<\/div>\n<\/div>\n<div id=\"element-body-16\">\n<p>Pero r\u00e1pidamente, apareci\u00f3 con un look bien diferente y explic\u00f3<strong>: \u201cHace m\u00e1s de 10 a\u00f1os que a escondidas soy Luciana Mart\u00ednez\u201d.<\/strong><\/p>\n<\/div>\n<div id=\"element-body-17\">\n<p>\u201cAhora quiero que me conozcas como Luciana Mart\u00ednez. <strong>Soy bailarina, asesora de imagen, administrativa, mam\u00e1 de un perro y profe de baile<\/strong>\u201d, explic\u00f3 frente a las c\u00e1maras y dej\u00f3 bien en claro que su familia, conformada por<strong> su mam\u00e1 Martha y ocho hermanos<\/strong>, no estaba al tanto de su cambio de identidad.<\/p>\n<\/div>\n<div id=\"element-body-18\">\n<p>Incluso, manifest\u00f3 su miedo a<strong> la reacci\u00f3n que pudieran llegar a tener sus seres m\u00e1s queridos<\/strong> al enterarse de la existencia de Luciana.<\/p>\n<\/div>\n<div id=\"element-body-20\">\n<p><strong>La joven es la menor de ocho hermanos<\/strong> y al momento de ingresar al <em>reality<\/em> viv\u00eda con su mam\u00e1 y Walter, uno de sus hermanos. Y se dedicaba a su pasi\u00f3n que es el baile, a trav\u00e9s de diferentes clases que brindaba a sus alumnos.<\/p>\n<\/div>\n<div id=\"element-body-21\">\n<p>Aunque creci\u00f3 rodeada del amor de sus amigos y de su familia, su mam\u00e1 Martha destac\u00f3 en di\u00e1logo con <strong>Clar\u00edn<\/strong> que la joven <strong>\u201csiempre quiso cambiarse el apellido Barrionuevo&#8221;, <\/strong>porque nunca conoci\u00f3 a <strong>su pap\u00e1, quien abandon\u00f3 a la familia<\/strong> cuando su esposa y madre de sus hijos (con quien llevaba 22 a\u00f1os de matrimonio) estaba embarazada de la actual participante de <em>Gran Hermano.<\/em><\/p>\n<\/div>\n<p><br \/>\n<br \/><a href=\"https:\/\/www.clarin.com\/fama\/salir-casa-gran-hermano-luciana-decidio-someterse-importante-cirugia-estetica-suenos-cumplen_0_MUKQBWumvA.html\">Fuente Clarin.com <\/a><\/p>\n","protected":false},"excerpt":{"rendered":"<p>Desde el comienzo de esta nueva edici\u00f3n de Gran Hermano (Telefe), Luciana Mart\u00ednez se destac\u00f3 por su historia de vida y superaci\u00f3n. Ahora, tras salir de la casa, la joven trans revel\u00f3 que se someter\u00e1 a una importante cirug\u00eda. La historia de Luciana Mart\u00ednez conmovi\u00f3 a todos dentro y fuera de la casa de GH. [&hellip;]<\/p>\n","protected":false},"author":1,"featured_media":19360,"comment_status":"open","ping_status":"open","sticky":false,"template":"","format":"standard","meta":{"footnotes":""},"categories":[2],"tags":[108,4590,5473,3561,4591,925,926,658,28,7900,1660,4589,7141,312,73],"class_list":["post-19359","post","type-post","status-publish","format-standard","has-post-thumbnail","hentry","category-ultimas-noticias","tag-casa","tag-cirugia","tag-cumplen","tag-decidio","tag-estetica","tag-gran","tag-hermano","tag-importante","tag-los","tag-luciana","tag-salir","tag-someterse","tag-suenos","tag-tras","tag-una"],"_links":{"self":[{"href":"https:\/\/13.com.ar\/index.php\/wp-json\/wp\/v2\/posts\/19359","targetHints":{"allow":["GET"]}}],"collection":[{"href":"https:\/\/13.com.ar\/index.php\/wp-json\/wp\/v2\/posts"}],"about":[{"href":"https:\/\/13.com.ar\/index.php\/wp-json\/wp\/v2\/types\/post"}],"author":[{"embeddable":true,"href":"https:\/\/13.com.ar\/index.php\/wp-json\/wp\/v2\/users\/1"}],"replies":[{"embeddable":true,"href":"https:\/\/13.com.ar\/index.php\/wp-json\/wp\/v2\/comments?post=19359"}],"version-history":[{"count":0,"href":"https:\/\/13.com.ar\/index.php\/wp-json\/wp\/v2\/posts\/19359\/revisions"}],"wp:featuredmedia":[{"embeddable":true,"href":"https:\/\/13.com.ar\/index.php\/wp-json\/wp\/v2\/media\/19360"}],"wp:attachment":[{"href":"https:\/\/13.com.ar\/index.php\/wp-json\/wp\/v2\/media?parent=19359"}],"wp:term":[{"taxonomy":"category","embeddable":true,"href":"https:\/\/13.com.ar\/index.php\/wp-json\/wp\/v2\/categories?post=19359"},{"taxonomy":"post_tag","embeddable":true,"href":"https:\/\/13.com.ar\/index.php\/wp-json\/wp\/v2\/tags?post=19359"}],"curies":[{"name":"wp","href":"https:\/\/api.w.org\/{rel}","templated":true}]}}