{"id":1933,"date":"2025-02-04T17:33:54","date_gmt":"2025-02-04T20:33:54","guid":{"rendered":"https:\/\/13.com.ar\/index.php\/el-sorpresivo-mensaje-de-kate-middleton-por-el-dia-mundial-del-cancer\/"},"modified":"2025-02-04T17:33:54","modified_gmt":"2025-02-04T20:33:54","slug":"el-sorpresivo-mensaje-de-kate-middleton-por-el-dia-mundial-del-cancer","status":"publish","type":"post","link":"https:\/\/13.com.ar\/index.php\/el-sorpresivo-mensaje-de-kate-middleton-por-el-dia-mundial-del-cancer\/","title":{"rendered":"El sorpresivo mensaje de Kate Middleton por el D\u00eda Mundial del C\u00e1ncer"},"content":{"rendered":"<p> <br \/>\n<\/p>\n<div id=\"cuerpo\">\n<div class=\"sc-80531b6b-0 chRIGJ container-text text-embed\">\n<p>El diagn\u00f3stico de c\u00e1ncer de la Princesa de Gales, Kate Middleton, gener\u00f3 gran conmoci\u00f3n. Ahora, casi un a\u00f1o despu\u00e9s y en plena recuperaci\u00f3n, hizo un especial posteo por el<strong> D\u00eda Mundial de la Lucha contra el<\/strong> C\u00e1ncer.<\/p>\n<\/div>\n<div class=\"sc-80531b6b-0 chRIGJ container-text text-embed\">\n<p>En su cuenta oficial de Instagram, hizo un posteo con una foto que el<strong> Pr\u00edncipe Louis<\/strong>, su hijo de 6 a\u00f1os, le tom\u00f3 a ella en un bosque cercano al Palacio de <strong>Windsor<\/strong>, Adelaide Cottage; y otra con un detalle de la vegetaci\u00f3n de lugar y una frase contundente.<\/p>\n<\/div>\n<div class=\"sc-80531b6b-0 chRIGJ container-text text-embed\">\n<p>Su mensaje: <em>\u201cNo olvides nutrir todo lo que hay m\u00e1s all\u00e1 de la enfermedad\u201d.<\/em><\/p>\n<\/div>\n<div class=\"sc-198be8ec-0 cynXbu image-embed  image-embed \"><picture class=\"sc-198be8ec-1 kOjRiQ\"><source media=\"(min-width: 975px)\" width=\"720\" height=\"480\" \/><img alt=\"Kate Middleton poste\u00f3 una foto suya tomada por su hijo Louis.\" loading=\"lazy\" width=\"720\" height=\"480\" decoding=\"async\" data-nimg=\"1\" style=\"color:transparent\" src=\"https:\/\/13.com.ar\/wp-content\/uploads\/2025\/02\/El-sorpresivo-mensaje-de-Kate-Middleton-por-el-Dia-Mundial.jpg\"\/><span class=\"epigraphe\">Kate Middleton poste\u00f3 una foto suya tomada por su hijo Louis.<\/span><span class=\"bkg\"\/><span class=\"picture-open\"><button class=\"open-image\" aria-label=\"Open Image\"\/><\/span><\/picture><\/div>\n<div class=\"sc-80531b6b-0 chRIGJ container-text text-embed\">\n<p>Como cuenta una nota del sitio espa\u00f1ol La Vanguardia, la princesa cont\u00f3 varias veces que durante sus tratamientos oncol\u00f3gicos pasaba mucho tiempo en contacto con la naturaleza y que eso fue muy importante para su salud f\u00edsica y mental.<\/p>\n<\/div>\n<p><h2>C\u00f3mo sigue la salud de Kate Middleton<\/h2>\n<\/p>\n<div class=\"sc-80531b6b-0 chRIGJ container-text text-embed\">\n<p>Adem\u00e1s, hay buenas noticias sobre su recuperaci\u00f3n. Ella misma confirm\u00f3 hace dos semanas que su enfermedad se encuentra en remisi\u00f3n. La declaraci\u00f3n fue despu\u00e9s de una visita al<strong> Royal Marsden Hospital de Londres<\/strong>, el centro donde recibi\u00f3 su tratamiento.<\/p>\n<\/div>\n<div class=\"sc-198be8ec-0 cynXbu image-embed  image-embed \"><picture class=\"sc-198be8ec-1 kOjRiQ\"><source media=\"(min-width: 975px)\" width=\"720\" height=\"480\" \/><img alt=\"El sensible mensaje de  Kate Middleton  en el D\u00eda Mundial de la Lucha contra el C\u00e1ncer.\" loading=\"lazy\" width=\"720\" height=\"480\" decoding=\"async\" data-nimg=\"1\" style=\"color:transparent\" src=\"https:\/\/13.com.ar\/wp-content\/uploads\/2025\/02\/1738701234_393_El-sorpresivo-mensaje-de-Kate-Middleton-por-el-Dia-Mundial.jpg\"\/><span class=\"epigraphe\">El sensible mensaje de  Kate Middleton  en el D\u00eda Mundial de la Lucha contra el C\u00e1ncer.<\/span><span class=\"bkg\"\/><span class=\"picture-open\"><button class=\"open-image\" aria-label=\"Open Image\"\/><\/span><\/picture><\/div>\n<div class=\"sc-80531b6b-0 chRIGJ container-text text-embed\">\n<p>\u201cEntrar por la puerta principal aqu\u00ed, despu\u00e9s de haber hecho tantas visitas privadas y tranquilas, en realidad es bastante agradable\u201d, dijo en ese momento.<\/p>\n<\/div>\n<div class=\"sc-80531b6b-0 chRIGJ container-text text-embed\">\n<p>Y antes de despedirse agreg\u00f3: \u201cHay luz al final de ese t\u00fanel, fue un placer conocerte y mucha suerte. Est\u00e1s en las mejores manos\u201d, dijo a una paciente.<\/p>\n<\/div>\n<div class=\"sc-80531b6b-0 chRIGJ container-text text-embed\">\n<p>\u201cOjal\u00e1 pudiera ayudar m\u00e1s. Quer\u00eda venir y mostrar mi apoyo al incre\u00edble trabajo que se est\u00e1 haciendo aqu\u00ed y a quienes est\u00e1n pasando por un tratamiento y est\u00e1n pasando por un momento tan dif\u00edcil\u201d, complet\u00f3.<\/p>\n<\/div>\n<p><h2>Qu\u00e9 tipo de c\u00e1ncer tuvo Kate<\/h2>\n<\/p>\n<div class=\"sc-80531b6b-0 chRIGJ container-text text-embed\">\n<p>En enero de 2024, el palacio de Kensington anunci\u00f3 que la princesa de Gales hab\u00eda sido llevada al hospital para una cirug\u00eda abdominal y que iba a suspender su agenda para su recuperaci\u00f3n.<\/p>\n<\/div>\n<div class=\"sc-80531b6b-0 chRIGJ container-text text-embed\">\n<p>Los rumores sobre su salud comenzaron a circular hasta que en marzo del a\u00f1o pasado hizo un sincero y emotivo video con la confirmaci\u00f3n de su diagn\u00f3stico.<\/p>\n<\/div>\n<div class=\"sc-80531b6b-0 chRIGJ container-text text-embed\">\n<p>Tambi\u00e9n comparti\u00f3 que estaba siguiendo un tratamiento de quimioterapia y que estaba centraba en su recuperaci\u00f3n.<\/p>\n<\/div>\n<p><h2>La historia de amor entre el Pr\u00edncipe William y Kate<\/h2>\n<\/p>\n<div class=\"sc-80531b6b-0 chRIGJ container-text text-embed\">\n<p><strong>William y Kate <\/strong>demostraron que son una las parejas m\u00e1s s\u00f3lidas y queridas de la realeza brit\u00e1nica.<\/p>\n<\/div>\n<div class=\"sc-80531b6b-0 chRIGJ container-text text-embed\">\n<p>Su historia de amor empez\u00f3 en 2001 cuando ambos comenzaron a estudiar en la <strong>Universidad de Saint Andrews<\/strong>.<\/p>\n<\/div>\n<div class=\"sc-80531b6b-0 chRIGJ container-text text-embed\">\n<p>Ella estuvo a punto de no asistir a la misma universidad que su esposo, ya que hab\u00eda sido aceptada en otra escuela. Pero finalmente obtuvo su matr\u00edcula en Saint Andrews.<\/p>\n<\/div>\n<div class=\"sc-80531b6b-0 chRIGJ container-text text-embed\">\n<p>Despu\u00e9s de casi ocho a\u00f1os juntos, William le propuso matrimonio con el anillo que us\u00f3 su madre el d\u00eda de su compromiso.\u200b<\/p>\n<\/div>\n<div class=\"sc-80531b6b-0 chRIGJ container-text text-embed\">\n<p>El 29 de abril del 2011 se casaron frente a casi dos mil invitados y millones de personas que siguieron una de las bodas m\u00e1s majestuosas transmitidas por televisi\u00f3n, con un costo aproximado de 25 millones de d\u00f3lares.<\/p>\n<\/div>\n<\/div>\n<p><br \/>\n<br \/><a href=\"https:\/\/www.clarin.com\/internacional\/sorpresivo-mensaje-kate-middleton-dia-mundial-cancer_0_4ZJjNmMzLy.html\">Fuente Clarin.com <\/a><\/p>\n","protected":false},"excerpt":{"rendered":"<p>El diagn\u00f3stico de c\u00e1ncer de la Princesa de Gales, Kate Middleton, gener\u00f3 gran conmoci\u00f3n. Ahora, casi un a\u00f1o despu\u00e9s y en plena recuperaci\u00f3n, hizo un especial posteo por el D\u00eda Mundial de la Lucha contra el C\u00e1ncer. En su cuenta oficial de Instagram, hizo un posteo con una foto que el Pr\u00edncipe Louis, su hijo [&hellip;]<\/p>\n","protected":false},"author":1,"featured_media":1934,"comment_status":"open","ping_status":"open","sticky":false,"template":"","format":"standard","meta":{"footnotes":""},"categories":[2],"tags":[1825,100,1154,3725,211,3726,1612,142,3086],"class_list":["post-1933","post","type-post","status-publish","format-standard","has-post-thumbnail","hentry","category-ultimas-noticias","tag-cancer","tag-del","tag-dia","tag-kate","tag-mensaje","tag-middleton","tag-mundial","tag-por","tag-sorpresivo"],"_links":{"self":[{"href":"https:\/\/13.com.ar\/index.php\/wp-json\/wp\/v2\/posts\/1933","targetHints":{"allow":["GET"]}}],"collection":[{"href":"https:\/\/13.com.ar\/index.php\/wp-json\/wp\/v2\/posts"}],"about":[{"href":"https:\/\/13.com.ar\/index.php\/wp-json\/wp\/v2\/types\/post"}],"author":[{"embeddable":true,"href":"https:\/\/13.com.ar\/index.php\/wp-json\/wp\/v2\/users\/1"}],"replies":[{"embeddable":true,"href":"https:\/\/13.com.ar\/index.php\/wp-json\/wp\/v2\/comments?post=1933"}],"version-history":[{"count":0,"href":"https:\/\/13.com.ar\/index.php\/wp-json\/wp\/v2\/posts\/1933\/revisions"}],"wp:featuredmedia":[{"embeddable":true,"href":"https:\/\/13.com.ar\/index.php\/wp-json\/wp\/v2\/media\/1934"}],"wp:attachment":[{"href":"https:\/\/13.com.ar\/index.php\/wp-json\/wp\/v2\/media?parent=1933"}],"wp:term":[{"taxonomy":"category","embeddable":true,"href":"https:\/\/13.com.ar\/index.php\/wp-json\/wp\/v2\/categories?post=1933"},{"taxonomy":"post_tag","embeddable":true,"href":"https:\/\/13.com.ar\/index.php\/wp-json\/wp\/v2\/tags?post=1933"}],"curies":[{"name":"wp","href":"https:\/\/api.w.org\/{rel}","templated":true}]}}