{"id":1931,"date":"2025-02-04T17:31:02","date_gmt":"2025-02-04T20:31:02","guid":{"rendered":"https:\/\/13.com.ar\/index.php\/dolor-en-la-escuela-a-la-que-asistian-los-chicos-asesinados-en-florencio-varela-josue-era-un-angelito\/"},"modified":"2025-02-04T17:31:02","modified_gmt":"2025-02-04T20:31:02","slug":"dolor-en-la-escuela-a-la-que-asistian-los-chicos-asesinados-en-florencio-varela-josue-era-un-angelito","status":"publish","type":"post","link":"https:\/\/13.com.ar\/index.php\/dolor-en-la-escuela-a-la-que-asistian-los-chicos-asesinados-en-florencio-varela-josue-era-un-angelito\/","title":{"rendered":"Dolor en la escuela a la que asist\u00edan los chicos asesinados en Florencio Varela: &#8220;Josu\u00e9 era un angelito&#8221;"},"content":{"rendered":"<p> <br \/>\n<\/p>\n<div id=\"cuerpo\">\n<div class=\"sc-80531b6b-0 chRIGJ container-text text-embed\">\n<p>Para el jueves, a una semana del brutal crimen, los amigos de Josu\u00e9 Salvatierra organizan una <strong>suelta de globos en la plaza <\/strong>que est\u00e1 frente a la <strong>Escuela N\u00b0 63<\/strong> de Bosques Norte. Los vecinos y padres del colegio no salen de la conmoci\u00f3n, acompa\u00f1an \u2013como pueden\u2013 a sus hijos ante el dolor de lo inexplicable. A Josu\u00e9 (14) y a su novia Paloma Gallardo (16) los asesinaron en un predio sobre la Ruta 36. Sus cuerpos fueron hallados el s\u00e1bado y por el doble crimen no hay ning\u00fan se\u00f1alado.<\/p>\n<\/div>\n<div class=\"sc-80531b6b-0 chRIGJ container-text text-embed\">\n<p>Ante la falta de certezas la versiones se bifurcan. Para la Justicia se trat\u00f3 de un <em>homicidio criminis causa<\/em>, es decir para ocultar otro delito, en este caso el <strong>robo<\/strong>. A Paloma y Josu\u00e9, que salieron de su casa a las 18 horas del jueves 30 de enero, los mataron a metros de sus casas, les robaron <strong>sus pertenencias y sus tel\u00e9fonos<\/strong>. Creen que el asesino los mat\u00f3 para evitar ser reconocido.<\/p>\n<\/div>\n<div class=\"sc-80531b6b-0 chRIGJ container-text text-embed\">\n<p>La familia de Josu\u00e9 trabaja recolectando cartones y haciendo changas. Su hijo los ayudaba en algunas oportunidades y todos lo recuerdan como \u201cun chico muy bueno, muy educado, siempre respetuoso\u201d.<\/p>\n<\/div>\n<div class=\"sc-80531b6b-0 chRIGJ container-text text-embed\">\n<p>Tambi\u00e9n a Paloma, hija de un pastor evang\u00e9lico que tiene un canal de <em>streaming <\/em>junto a la mam\u00e1 de la joven.<\/p>\n<\/div>\n<div class=\"sc-80531b6b-0 chRIGJ container-text text-embed\">\n<p>Mientras la investigaci\u00f3n intenta encontrar su cauce y esperan el resultado de las pericias y del an\u00e1lisis de las c\u00e1maras de seguridad que tomaron el ingreso al sendero en el que fueron asesinados los j\u00f3venes, las familias tienen m\u00e1s dudas que certezas.<\/p>\n<\/div>\n<div class=\"sc-80531b6b-0 chRIGJ container-text text-embed\">\n<p>Omar Gallardo, el pap\u00e1 de Paloma, dijo el lunes que quer\u00eda que se investigue un <strong>posible ataque sexual contra su hija<\/strong>, por lesiones que vio en el cad\u00e1ver cuando insisti\u00f3 para reconocerlo.<\/p>\n<\/div>\n<div class=\"sc-80531b6b-0 chRIGJ container-text text-embed\">\n<p>La familia de Josu\u00e9, que enterr\u00f3 a su hijo el lunes, contrat\u00f3 como abogado a Carlos Dieguez, para que los representara en la causa. En di\u00e1logo con <strong>Clar\u00edn<\/strong>, Dieguez asegur\u00f3 que <strong>sospecha de \u201cdos o tres personas\u201d<\/strong> y que pedir\u00e1 que se investigue una posible trama de narcomenudeo detr\u00e1s del crimen.<\/p>\n<\/div>\n<div class=\"sc-ad4aedf2-0 dPPgNJ border-video video-embed horizontal border-video video-embed horizontal\">\n<div class=\"sc-ad4aedf2-1 hnFuni videoText videoText\">\n<h2>Video<\/h2>\n<p>La \u00faltima imagen de Paloma y Josu\u00e9 antes del doble crimen<\/p>\n<\/div>\n<\/div>\n<div class=\"sc-80531b6b-0 chRIGJ container-text text-embed\">\n<p>\u201cEl padre de Paloma es muy conocido en la comunidad y hab\u00eda denunciado la venta de drogas en el barrio, esto es algo que habr\u00eda que investigar tambi\u00e9n\u201d, especul\u00f3 en di\u00e1logo con <strong>Clar\u00edn<\/strong>.<\/p>\n<\/div>\n<div class=\"sc-80531b6b-0 chRIGJ container-text text-embed\">\n<p>Existen un elemento que, para Dieguez, contradice la hip\u00f3tesis del robo. Uno, es la \u201csa\u00f1a y la violencia\u201d con la que los atacaron. \u201cSe roban miles de celulares por d\u00eda, \u00bfcu\u00e1ntos de esos hechos terminan en homicidio? Es extra\u00f1o que para robarles los tel\u00e9fonos hayan estado tanto tiempo y un ataque con tanta violencia\u201d, asegur\u00f3.<\/p>\n<\/div>\n<div class=\"sc-80531b6b-0 chRIGJ container-text text-embed\">\n<p>Adem\u00e1s, cont\u00f3 que los tel\u00e9fonos de los dos j\u00f3venes se apagaron a las 18.15, por lo que presumen que <strong>el ataque fue pocos minutos despu\u00e9s de que ingresaran<\/strong> al predio.<\/p>\n<\/div>\n<p><h2>\u201cJosu\u00e9 era un nene super bueno&#8221;<\/h2>\n<\/p>\n<div class=\"sc-80531b6b-0 chRIGJ container-text text-embed\">\n<p><strong>Juliana Flores<\/strong> (30) es docente y tiene una hija de 13 y su pareja uno de 14. El mayor era compa\u00f1ero de escuela de Josu\u00e9 y por estas horas se enfrenta con el dolor de la noticia.<\/p>\n<\/div>\n<div class=\"sc-80531b6b-0 chRIGJ container-text text-embed\">\n<p>\u201cConoc\u00ed a Josu\u00e9 porque era compa\u00f1ero del hijo de mi pareja, ellos son amigos y ven\u00edan juntos porque viven a dos casas de la nuestra. Esto nos impacta porque son chicos que ten\u00edan mucho por vivir. \u00c9l era un <strong>nene super bueno, muy educado<\/strong> que no andaba en la calle, la verdad es que el nene <strong>era una angelito<\/strong>, no ten\u00eda maldad\u201d, lo describe Juliana.<\/p>\n<\/div>\n<div class=\"sc-198be8ec-0 cynXbu image-embed  image-embed \"><picture class=\"sc-198be8ec-1 kOjRiQ\"><source media=\"(min-width: 975px)\" width=\"720\" height=\"480\" \/><img alt=\"Josu\u00e9 Salvatierra ten\u00eda 14 a\u00f1os e iba a la Escuela N\u00b0 63.\" loading=\"lazy\" width=\"720\" height=\"480\" decoding=\"async\" data-nimg=\"1\" style=\"color:transparent\" src=\"https:\/\/13.com.ar\/wp-content\/uploads\/2025\/02\/Dolor-en-la-escuela-a-la-que-asistian-los-chicos.jpg\"\/><span class=\"epigraphe\">Josu\u00e9 Salvatierra ten\u00eda 14 a\u00f1os e iba a la Escuela N\u00b0 63.<\/span><span class=\"bkg\"\/><span class=\"picture-open\"><button class=\"open-image\" aria-label=\"Open Image\"\/><\/span><\/picture><\/div>\n<div class=\"sc-80531b6b-0 chRIGJ container-text text-embed\">\n<p>Que adem\u00e1s cont\u00f3 que los pap\u00e1s del colegio organizan una suelta de globos para este jueves en la \u201cplaza del 38\u201d, frente a la Escuela.<\/p>\n<\/div>\n<div class=\"sc-80531b6b-0 chRIGJ container-text text-embed\">\n<p>\u201cRealmente los chicos est\u00e1n destruidos, ahora m\u00e1s que nada contenci\u00f3n, mucho abrazo\u201d, asegura.<\/p>\n<\/div>\n<div class=\"sc-80531b6b-0 chRIGJ container-text text-embed\">\n<p>Para Juliana \u201ces m\u00e1s de lo mismo\u201d porque <strong>\u201cla Justicia no hace nada, las leyes no cambian, el municipio no hace nada. No toman conciencia de lo que est\u00e1 pasando\u201d.<\/strong><\/p>\n<\/div>\n<div class=\"sc-80531b6b-0 chRIGJ container-text text-embed\">\n<p>&#8220;Los vecinos tenemos que decidir entre,<strong> arriesgar la vida cruzando por el puente, por la ruta, sin sem\u00e1foro ni puente<\/strong>. O por este camino que tomaron los chicos, que es peligroso y te arriesgas a que te pase cualquier cosa&#8221;, explica la mujer.<\/p>\n<\/div>\n<div class=\"sc-80531b6b-0 chRIGJ container-text text-embed\">\n<p>En la familia de Juliana, como en la de otros vecinos, la libertad que los adolescentes demandan se cruza con la inseguridad y el temor a la violencia.<\/p>\n<\/div>\n<div class=\"sc-80531b6b-0 chRIGJ container-text text-embed\">\n<p>\u201cLos chicos se angustian o se ponen mal porque no les permitimos hacer ciertas cosas, porque vivimos con miedo, porque las personas que nos tienen que cuidar no lo hacen\u201d, dijo la mujer. <\/p>\n<\/div>\n<div class=\"sc-80531b6b-0 chRIGJ container-text text-embed\">\n<p>Y agreg\u00f3: \u201cHoy en d\u00eda no podemos andar por la calle o confiar en la gente, trato de hablarles a mis hijos, decirles que tomen conciencia, que no se enojen con uno porque <strong>si no los protegemos no los protege nadie.<\/strong> A nosotros los adultos tampoco\u201d.<\/p>\n<\/div>\n<div class=\"sc-80531b6b-0 chRIGJ container-text text-embed\">\n<p>Juliana sabe lo que es pelear pidiendo justicia y sentir el desamparo ante la falta de respuetas: \u201cCon lo de los chicos -por Josu\u00e9 y Paloma- nos pasa lo mismo que con lo de mi primo porque no sabemos si ocultan pruebas, si es lo que la polic\u00eda quiere que creamos que fue un robo o si quieren agarrar a cualquiera para dejar conforme a la familia. Los vecinos, todo el mundo, queremos saber qu\u00e9 pas\u00f3 con ellos, pero queremos la verdad\u201d, insiste Juliana en di\u00e1logo con <strong>Clar\u00edn<\/strong>.<\/p>\n<\/div>\n<div class=\"sc-80531b6b-0 chRIGJ container-text text-embed\">\n<p>El 19 de diciembre de 2023 su primo, <strong>Nahuel Sanabria<\/strong>, ten\u00eda que bajarse del colectivo en Bosques Norte, a pocas cuadras del lugar donde ahora mataron a Paloma y Josu\u00e9.<\/p>\n<\/div>\n<div class=\"sc-198be8ec-0 cynXbu image-embed  image-embed \"><picture class=\"sc-198be8ec-1 kOjRiQ\"><source media=\"(min-width: 975px)\" width=\"720\" height=\"480\" \/><img alt=\"Nahuel Sanabria (25) fue asesinado el 19 de diciembre de 2023 en Bosques, Florencio Varela. Seg\u00fan denuncia su familia, cuatro personas lo golpearon hasta matarlo. Al cumplirse un a\u00f1o sus familiares hicieron una marcha en el lugar del crimen\" loading=\"lazy\" width=\"720\" height=\"480\" decoding=\"async\" data-nimg=\"1\" style=\"color:transparent\" src=\"https:\/\/13.com.ar\/wp-content\/uploads\/2025\/02\/1738701062_797_Dolor-en-la-escuela-a-la-que-asistian-los-chicos.jpg\"\/><span class=\"epigraphe\">Nahuel Sanabria (25) fue asesinado el 19 de diciembre de 2023 en Bosques, Florencio Varela. Seg\u00fan denuncia su familia, cuatro personas lo golpearon hasta matarlo. Al cumplirse un a\u00f1o sus familiares hicieron una marcha en el lugar del crimen<\/span><span class=\"bkg\"\/><span class=\"picture-open\"><button class=\"open-image\" aria-label=\"Open Image\"\/><\/span><\/picture><\/div>\n<div class=\"sc-80531b6b-0 chRIGJ container-text text-embed\">\n<p>\u201cNahuel fue al hospital Melchor Romero porque sufr\u00eda de epilepsia y ten\u00eda que buscar la medicaci\u00f3n. Iba con una amiga y se pas\u00f3 de la parada, a unos diez minutos de su casa. Baj\u00f3 justo frente a una distribuidora y <strong>fue a pedir algo de tomar pero termin\u00f3 muerto<\/strong>\u201d, record\u00f3 Juliana sobre el hecho.<\/p>\n<\/div>\n<div class=\"sc-80531b6b-0 chRIGJ container-text text-embed\">\n<p>Nahuel cumpl\u00eda 26 a\u00f1os el 20 de enero pero su familia se encontr\u00f3 en el velorio y no en su cumplea\u00f1os. El d\u00eda de su muerte baj\u00f3 a la distribuidora de bebidas Emicat, en Ruta Provincial N\u00b0 36 al 2300. Pidi\u00f3 un vino pero, como s\u00f3lo se dedican a la venta mayorista no se lo quisieron vender.<\/p>\n<\/div>\n<div class=\"sc-80531b6b-0 chRIGJ container-text text-embed\">\n<p>Cuando sali\u00f3 la amiga que lo acompa\u00f1aba llam\u00f3 a su familia para pedir ayuda: estaban <strong>golpe\u00e1ndolo salvajemente entre cuatro personas<\/strong>.<\/p>\n<\/div>\n<div class=\"sc-198be8ec-0 cynXbu image-embed  image-embed \"><picture class=\"sc-198be8ec-1 kOjRiQ\"><source media=\"(min-width: 975px)\" width=\"720\" height=\"480\" \/><img alt=\"Nahuel Sanabria (25) fue asesinado el 19 de diciembre de 2023 en Bosques, Florencio Varela. Seg\u00fan denuncia su familia, cuatro personas lo golpearon hasta matarlo. Ten\u00eda epilepsia y quer\u00eda comprar algo en una distribuidora, tras una pelea cay\u00f3 al suelo y lo patearon hasta que perdi\u00f3 la consciencia. No hay detenidos por el hecho.\" loading=\"lazy\" width=\"720\" height=\"480\" decoding=\"async\" data-nimg=\"1\" style=\"color:transparent\" src=\"https:\/\/13.com.ar\/wp-content\/uploads\/2025\/02\/1738701062_617_Dolor-en-la-escuela-a-la-que-asistian-los-chicos.jpg\"\/><span class=\"epigraphe\">Nahuel Sanabria (25) fue asesinado el 19 de diciembre de 2023 en Bosques, Florencio Varela. Seg\u00fan denuncia su familia, cuatro personas lo golpearon hasta matarlo. Ten\u00eda epilepsia y quer\u00eda comprar algo en una distribuidora, tras una pelea cay\u00f3 al suelo y lo patearon hasta que perdi\u00f3 la consciencia. No hay detenidos por el hecho.<\/span><span class=\"bkg\"\/><span class=\"picture-open\"><button class=\"open-image\" aria-label=\"Open Image\"\/><\/span><\/picture><\/div>\n<div class=\"sc-80531b6b-0 chRIGJ container-text text-embed\">\n<p>Tanto le pegaron que \u201cten\u00eda toda la cara desfigurada, ten\u00eda golpes en las manos, en el cuello\u201d y falleci\u00f3 producto de las heridas.<\/p>\n<\/div>\n<div class=\"sc-80531b6b-0 chRIGJ container-text text-embed\">\n<p>\u201cSabemos bien c\u00f3mo es hacer una denuncia <strong>en las comisar\u00edas de Varela porque te tienen cinco, seis u ocho horas esperando<\/strong>, no te quieren recibir, es un desastre. En el caso de mi primo nos entregaron un certificado de defunci\u00f3n que dec\u00eda que Nahuel falleci\u00f3 en su casa cuando eso es mentira\u201d, record\u00f3 la joven.<\/p>\n<\/div>\n<div class=\"sc-80531b6b-0 chRIGJ container-text text-embed\">\n<p>Y agreg\u00f3: \u201cEn la autopsia que nos dieron no dec\u00eda que ten\u00eda lesiones, sino que falleci\u00f3 por una enfermedad card\u00edaca que no ten\u00eda diagnosticada y por la epilepsia \u00e9l estaba super controlado. Todo fue as\u00ed, empezamos a manifestarnos y a exigir justicia porque a Nahuel lo mataron a golpes. Tenemos <strong>una testigo que vio c\u00f3mo le estaban pegando entre cuatro personas, que tambi\u00e9n fue agredida por estas personas<\/strong>\u201d.<\/p>\n<\/div>\n<div class=\"sc-80531b6b-0 chRIGJ container-text text-embed\">\n<p>La causa cay\u00f3 en la fiscal\u00eda N\u00b0 2 de Florencio Varela a cargo de Mariana Dongiovani pero despu\u00e9s de varios reclamos, lograron que se traspase a una fiscal\u00eda de Quilmes a cargo de Karina Gallo.<\/p>\n<\/div>\n<\/div>\n<p><br \/>\n<br \/><a href=\"https:\/\/www.clarin.com\/policiales\/dolor-escuela-asistian-chicos-asesinados-florencio-varela-josue-angelito_0_1gpI3pSWga.html\">Fuente Clarin.com <\/a><\/p>\n","protected":false},"excerpt":{"rendered":"<p>Para el jueves, a una semana del brutal crimen, los amigos de Josu\u00e9 Salvatierra organizan una suelta de globos en la plaza que est\u00e1 frente a la Escuela N\u00b0 63 de Bosques Norte. Los vecinos y padres del colegio no salen de la conmoci\u00f3n, acompa\u00f1an \u2013como pueden\u2013 a sus hijos ante el dolor de lo [&hellip;]<\/p>\n","protected":false},"author":1,"featured_media":1932,"comment_status":"open","ping_status":"open","sticky":false,"template":"","format":"standard","meta":{"footnotes":""},"categories":[2],"tags":[3724,3092,3723,2213,3219,762,692,3093,3090,28,3094],"class_list":["post-1931","post","type-post","status-publish","format-standard","has-post-thumbnail","hentry","category-ultimas-noticias","tag-angelito","tag-asesinados","tag-asistian","tag-chicos","tag-dolor","tag-era","tag-escuela","tag-florencio","tag-josue","tag-los","tag-varela"],"_links":{"self":[{"href":"https:\/\/13.com.ar\/index.php\/wp-json\/wp\/v2\/posts\/1931","targetHints":{"allow":["GET"]}}],"collection":[{"href":"https:\/\/13.com.ar\/index.php\/wp-json\/wp\/v2\/posts"}],"about":[{"href":"https:\/\/13.com.ar\/index.php\/wp-json\/wp\/v2\/types\/post"}],"author":[{"embeddable":true,"href":"https:\/\/13.com.ar\/index.php\/wp-json\/wp\/v2\/users\/1"}],"replies":[{"embeddable":true,"href":"https:\/\/13.com.ar\/index.php\/wp-json\/wp\/v2\/comments?post=1931"}],"version-history":[{"count":0,"href":"https:\/\/13.com.ar\/index.php\/wp-json\/wp\/v2\/posts\/1931\/revisions"}],"wp:featuredmedia":[{"embeddable":true,"href":"https:\/\/13.com.ar\/index.php\/wp-json\/wp\/v2\/media\/1932"}],"wp:attachment":[{"href":"https:\/\/13.com.ar\/index.php\/wp-json\/wp\/v2\/media?parent=1931"}],"wp:term":[{"taxonomy":"category","embeddable":true,"href":"https:\/\/13.com.ar\/index.php\/wp-json\/wp\/v2\/categories?post=1931"},{"taxonomy":"post_tag","embeddable":true,"href":"https:\/\/13.com.ar\/index.php\/wp-json\/wp\/v2\/tags?post=1931"}],"curies":[{"name":"wp","href":"https:\/\/api.w.org\/{rel}","templated":true}]}}