{"id":1929,"date":"2025-02-04T17:28:26","date_gmt":"2025-02-04T20:28:26","guid":{"rendered":"https:\/\/13.com.ar\/index.php\/entre-acusaciones-de-aprietes-para-lograr-dictamen-una-diputada-se-quejo-de-que-solo-le-dan-la-palabra-cuando-va-al-bano\/"},"modified":"2025-02-04T17:28:26","modified_gmt":"2025-02-04T20:28:26","slug":"entre-acusaciones-de-aprietes-para-lograr-dictamen-una-diputada-se-quejo-de-que-solo-le-dan-la-palabra-cuando-va-al-bano","status":"publish","type":"post","link":"https:\/\/13.com.ar\/index.php\/entre-acusaciones-de-aprietes-para-lograr-dictamen-una-diputada-se-quejo-de-que-solo-le-dan-la-palabra-cuando-va-al-bano\/","title":{"rendered":"entre acusaciones de aprietes para lograr dictamen, una diputada se quej\u00f3 de que s\u00f3lo le dan la palabra &#8220;cuando va al ba\u00f1o&#8221;"},"content":{"rendered":"<p> <br \/>\n<\/p>\n<div id=\"cuerpo\">\n<div class=\"sc-80531b6b-0 chRIGJ container-text text-embed\">\n<p>Pasadas las 14.30, en la <strong>C\u00e1mara de Diputados<\/strong> arranc\u00f3 el debate del plenario de las comisiones de Asuntos Constitucionales, Justicia, Presupuesto y Hacienda para tratar la agenda que propuso el presidente <strong>Javier Milei<\/strong> para las <strong>sesiones extraordinarias<\/strong>, donde el kirchnerismo reclam\u00f3 que falta el Presupuesto 2025 y con la <strong>suspensi\u00f3n de las PASO<\/strong> como tema principal, aparecieron <strong>denuncias de aprietes y cruces<\/strong>. Tambi\u00e9n hubo un pedido ins\u00f3lito: una legisladora se quej\u00f3 de que siempre le den la palabra cuando va al ba\u00f1o.<\/p>\n<\/div>\n<div class=\"sc-80531b6b-0 chRIGJ container-text text-embed\">\n<p>Despu\u00e9s de reclamar que en el temario el Gobierno no incluy\u00f3 el Presupuesto, <strong>Germ\u00e1n Mart\u00ednez<\/strong>, presidente del bloque Uni\u00f3n por la Patria, acus\u00f3 directamente al libertario <strong>Gabriel Bornoroni<\/strong> de presionar para conseguir la firma del dictamen oficialista para la suspensi\u00f3n de las PASO de este a\u00f1o y as\u00ed poder tratarlo en el recinto este jueves.<\/p>\n<\/div>\n<div class=\"sc-80531b6b-0 chRIGJ container-text text-embed\">\n<p>&#8220;Est\u00e1n haciendo un <strong>apriete infernal<\/strong> sobre distintos diputados para lograr las firmas que necesitan. Lo quiero decir porque cuando pasan estas cosas, los tiempos no son inocuos. El tiempo que est\u00e1n ganando es para apretar diputados, <strong>como en este mismo momento est\u00e1 haciendo el presidente del bloque oficialista<\/strong>&#8220;, denunci\u00f3 en un tono elevado Mart\u00ednez, ech\u00e1ndole le\u00f1a a la reuni\u00f3n y generando uno de los momentos m\u00e1s calientes en comisi\u00f3n.<\/p>\n<\/div>\n<div class=\"sc-80531b6b-0 chRIGJ container-text text-embed\">\n<p>&#8220;Esto es lo que est\u00e1 pasando, lo tienen que saber todos. Aquellos que no firmaron y que pueden llegar a firmar es parte de los aprietes que est\u00e1 haciendo el oficialismo para lograr este dictamen&#8221;, advirti\u00f3 el diputado kirchnerista.<\/p>\n<\/div>\n<div class=\"sc-198be8ec-0 cynXbu image-embed  image-embed \"><picture class=\"sc-198be8ec-1 kOjRiQ\"><source media=\"(min-width: 975px)\" width=\"720\" height=\"480\" \/><img alt=\"Cruce en Diputados por la suspensi\u00f3n de las PASO: Germ\u00e1n Mart\u00ednez increpa a Nicol\u00e1s Mayoraz y a Jos\u00e9 Luis Espert. Foto: Federico L\u00f3pez Claro\" loading=\"lazy\" width=\"720\" height=\"480\" decoding=\"async\" data-nimg=\"1\" style=\"color:transparent\" src=\"https:\/\/13.com.ar\/wp-content\/uploads\/2025\/02\/entre-acusaciones-de-aprietes-para-lograr-dictamen-una-diputada-se.jpg\"\/><span class=\"epigraphe\">Cruce en Diputados por la suspensi\u00f3n de las PASO: Germ\u00e1n Mart\u00ednez increpa a Nicol\u00e1s Mayoraz y a Jos\u00e9 Luis Espert. Foto: Federico L\u00f3pez Claro<\/span><span class=\"bkg\"\/><span class=\"picture-open\"><button class=\"open-image\" aria-label=\"Open Image\"\/><\/span><\/picture><\/div>\n<div class=\"sc-80531b6b-0 chRIGJ container-text text-embed\">\n<p>Mientras que el libertario <strong>Nicol\u00e1s Mayoraz<\/strong> como presidente del plenario <strong>intentaba poner calma<\/strong>, contest\u00f3 el acusado Bornoroni.<\/p>\n<\/div>\n<div class=\"sc-80531b6b-0 chRIGJ container-text text-embed\">\n<p>&#8220;Todo lo que dice Mart\u00ednez es falso. Le pido que se dedique a todo lo que tiene que hacer en su bloque y no a decir lo que est\u00e1n haciendo el resto. Porque parece que su bloque ha firmado un proyecto para eliminar las PASO y <strong>usted se ha puesto nervioso <\/strong>y empieza a ver a los otros bloques. Alinee a su bloque primero y despu\u00e9s hable del resto&#8221;, lo chicane\u00f3 el cordob\u00e9s Bornoroni.<\/p>\n<\/div>\n<div class=\"sc-80531b6b-0 chRIGJ container-text text-embed\">\n<p>Cuando ten\u00eda que tomar la palabra el diputado Daniel Arroyo, pidi\u00f3 una interrupci\u00f3n la diputada del Frente de Izquierda Vanina Biasi. Tom\u00f3 la denuncia de Mart\u00ednez, le agreg\u00f3 la palabra &#8220;coima&#8221;, lo que gener\u00f3 griter\u00edo en medio del plenario.<\/p>\n<\/div>\n<div class=\"sc-198be8ec-0 cynXbu image-embed  image-embed \"><picture class=\"sc-198be8ec-1 kOjRiQ\"><source media=\"(min-width: 975px)\" width=\"720\" height=\"480\" \/><img alt=\"Multitudinario debate en comisiones de Diputados por la suspensi\u00f3n de las PASO. Foto: Federico L\u00f3pez Claro\" loading=\"lazy\" width=\"720\" height=\"480\" decoding=\"async\" data-nimg=\"1\" style=\"color:transparent\" src=\"https:\/\/13.com.ar\/wp-content\/uploads\/2025\/02\/1738700906_562_entre-acusaciones-de-aprietes-para-lograr-dictamen-una-diputada-se.jpg\"\/><span class=\"epigraphe\">Multitudinario debate en comisiones de Diputados por la suspensi\u00f3n de las PASO. Foto: Federico L\u00f3pez Claro<\/span><span class=\"bkg\"\/><span class=\"picture-open\"><button class=\"open-image\" aria-label=\"Open Image\"\/><\/span><\/picture><\/div>\n<div class=\"sc-80531b6b-0 chRIGJ container-text text-embed\">\n<p>Mayoraz hab\u00eda dejado el micr\u00f3nofo abierto. &#8220;\u00bfEsta ya hab\u00eda hablado?&#8221;, se le escap\u00f3 en di\u00e1logo con <strong>Jos\u00e9 Luis Espert<\/strong>, para ver si le cortaba el micr\u00f3fono a la legisladora de izquierda. Para intentar que Biasi deje de hablar, Mayoraz le ofreci\u00f3 que se anote en la lista de oradores y dio paso a una respuesta que distendi\u00f3 la tensi\u00f3n con risas.<\/p>\n<\/div>\n<div class=\"sc-80531b6b-0 chRIGJ container-text text-embed\">\n<p>&#8220;Estoy anotada desde hace un mont\u00f3n de tiempo, <strong>lo que pasa es que ustedes me llaman cuando voy al ba\u00f1o&#8221;,<\/strong> dijo Biasi, lo que gener\u00f3 risas de todos los sectores partidarios y le puso pa\u00f1os fr\u00edos al tenso cruce entre kirchnerismo y oficialismo.<\/p>\n<\/div>\n<div class=\"sc-80531b6b-0 chRIGJ container-text text-embed\">\n<p>M\u00e1s tarde, <strong>Leopoldo Moreau<\/strong> habl\u00f3 de los &#8220;boludos&#8221;. &#8220;El argumento que est\u00e1n usando de que hay que suprimir las PASO para ahorrar plata es mentira. No solamente es mentira porque no se asigna a otra partidas, sino que se quedan con esa plata para hacer campa\u00f1a electoral ellos. Francos vino con la cara de comisario bueno, que se se iban a gastar 150 millones de d\u00f3lares en las PASO. Eso se ha usado como argumento aqu\u00ed, de car\u00e1cter marketinero. Incluso algunos diputados de buena fe, tambi\u00e9n utilizaron ese argumento.<strong> \u00a1En pol\u00edtica se puede ser muchas cosas, menos boludo!<\/strong> Los que firmaron tienen que revisar su firma&#8221;.<\/p>\n<\/div>\n<div class=\"sc-80531b6b-0 chRIGJ container-text text-embed\">\n<p>De manera socarrona, la diputada libertaria <strong>Lilia Lemoine<\/strong> pidi\u00f3 que si alg\u00fan diputado estaba siendo apretado &#8220;que pesta\u00f1ee dos veces&#8221;, lo que gener\u00f3 risas entre el oficialismo.<\/p>\n<\/div>\n<p><h2>La pugna por las firmas para el dictamen oficialista<\/h2>\n<\/p>\n<div class=\"sc-80531b6b-0 chRIGJ container-text text-embed\">\n<p>Este martes Uni\u00f3n por la Patria adelant\u00f3 que no aportar\u00e1 firmas ni dar\u00e1 qu\u00f3rum en la sesi\u00f3n del jueves. <\/p>\n<\/div>\n<div class=\"sc-80531b6b-0 chRIGJ container-text text-embed\">\n<p>Es una forma de complicar al oficialismo porque para obtener dictamen <strong>La Libertad Avanza necesita conseguir 58 de las 115 firmas<\/strong> de los legisladores que integran el plenario de las tres comisiones que llevan el tema: Asuntos Constitucionales, Presupuesto y Justicia.<\/p>\n<\/div>\n<div class=\"sc-80531b6b-0 chRIGJ container-text text-embed\">\n<p>En Encuentro Federal, la bancada que conduce <strong>Miguel Angel Pichetto<\/strong>, tambi\u00e9n est\u00e1n partidos. Los cordobeses que responden a <strong>Mart\u00edn Llaryora<\/strong> estaban esperando que su gobernador les indique qu\u00e9 hacer. A su vez, Llaryora &#8211; que viene de criticar a Javier Milei en la apertura de sesiones de la legislatura cordobesa- esperaba un llamado de la Rosada.<\/p>\n<\/div>\n<\/div>\n<p><br \/>\n<br \/><a href=\"https:\/\/www.clarin.com\/politica\/suspension-paso-acusaciones-aprietes-lograr-dictamen-diputada-quejo-solo-dan-palabra-va-bano_0_zkhoaXGGPK.html\">Fuente Clarin.com <\/a><\/p>\n","protected":false},"excerpt":{"rendered":"<p>Pasadas las 14.30, en la C\u00e1mara de Diputados arranc\u00f3 el debate del plenario de las comisiones de Asuntos Constitucionales, Justicia, Presupuesto y Hacienda para tratar la agenda que propuso el presidente Javier Milei para las sesiones extraordinarias, donde el kirchnerismo reclam\u00f3 que falta el Presupuesto 2025 y con la suspensi\u00f3n de las PASO como tema [&hellip;]<\/p>\n","protected":false},"author":1,"featured_media":1930,"comment_status":"open","ping_status":"open","sticky":false,"template":"","format":"standard","meta":{"footnotes":""},"categories":[2],"tags":[2221,3720,2136,677,1186,3661,3721,351,309,696,16,3722,166,73],"class_list":["post-1929","post","type-post","status-publish","format-standard","has-post-thumbnail","hentry","category-ultimas-noticias","tag-acusaciones","tag-aprietes","tag-bano","tag-cuando","tag-dan","tag-dictamen","tag-diputada","tag-entre","tag-lograr","tag-palabra","tag-para","tag-quejo","tag-solo","tag-una"],"_links":{"self":[{"href":"https:\/\/13.com.ar\/index.php\/wp-json\/wp\/v2\/posts\/1929","targetHints":{"allow":["GET"]}}],"collection":[{"href":"https:\/\/13.com.ar\/index.php\/wp-json\/wp\/v2\/posts"}],"about":[{"href":"https:\/\/13.com.ar\/index.php\/wp-json\/wp\/v2\/types\/post"}],"author":[{"embeddable":true,"href":"https:\/\/13.com.ar\/index.php\/wp-json\/wp\/v2\/users\/1"}],"replies":[{"embeddable":true,"href":"https:\/\/13.com.ar\/index.php\/wp-json\/wp\/v2\/comments?post=1929"}],"version-history":[{"count":0,"href":"https:\/\/13.com.ar\/index.php\/wp-json\/wp\/v2\/posts\/1929\/revisions"}],"wp:featuredmedia":[{"embeddable":true,"href":"https:\/\/13.com.ar\/index.php\/wp-json\/wp\/v2\/media\/1930"}],"wp:attachment":[{"href":"https:\/\/13.com.ar\/index.php\/wp-json\/wp\/v2\/media?parent=1929"}],"wp:term":[{"taxonomy":"category","embeddable":true,"href":"https:\/\/13.com.ar\/index.php\/wp-json\/wp\/v2\/categories?post=1929"},{"taxonomy":"post_tag","embeddable":true,"href":"https:\/\/13.com.ar\/index.php\/wp-json\/wp\/v2\/tags?post=1929"}],"curies":[{"name":"wp","href":"https:\/\/api.w.org\/{rel}","templated":true}]}}