{"id":1927,"date":"2025-02-04T17:24:50","date_gmt":"2025-02-04T20:24:50","guid":{"rendered":"https:\/\/13.com.ar\/index.php\/cuantos-anos-tiene-y-cual-es-su-riqueza-historica\/"},"modified":"2025-02-04T17:24:50","modified_gmt":"2025-02-04T20:24:50","slug":"cuantos-anos-tiene-y-cual-es-su-riqueza-historica","status":"publish","type":"post","link":"https:\/\/13.com.ar\/index.php\/cuantos-anos-tiene-y-cual-es-su-riqueza-historica\/","title":{"rendered":"cu\u00e1ntos a\u00f1os tiene y cu\u00e1l es su riqueza hist\u00f3rica"},"content":{"rendered":"<p> <br \/>\n<br \/><img decoding=\"async\" src=\"https:\/\/13.com.ar\/wp-content\/uploads\/2025\/02\/cuantos-anos-tiene-y-cual-es-su-riqueza-historica.jpg\" \/><\/p>\n<div>\n<p>Un equipo de arque\u00f3logos de la <strong>Universidad de Zadar, Croacia<\/strong>, realiz\u00f3 un hallazgo sorprendente en el <strong>mar Adri\u00e1tico<\/strong>: una <strong>ruta submarina de aproximadamente 7.000 a\u00f1os de antig\u00fcedad<\/strong> que podr\u00eda conducir a una antigua ciudad. Este descubrimiento, realizado cerca de la isla croata de Kor\u010dula, ofrece nuevas perspectivas sobre las civilizaciones neol\u00edticas que habitaron la regi\u00f3n.<\/p>\n<\/div>\n<div>\n<p>La estructura, compuesta por placas de piedra meticulosamente dispuestas, forma un camino de unos cuatro metros de ancho. Seg\u00fan los investigadores, este sendero conectaba un asentamiento prehist\u00f3rico con la costa. Las pruebas de radiocarbono indican que<strong> la construcci\u00f3n data aproximadamente del a\u00f1o 4900 a.C<\/strong>., lo que la sit\u00faa en el per\u00edodo neol\u00edtico.<\/p>\n<\/div>\n<div>\n<p>Los expertos atribuyen esta obra a la cultura de <strong>Hvar<\/strong>, una civilizaci\u00f3n conocida por sus avanzadas t\u00e9cnicas de construcci\u00f3n y por la creaci\u00f3n de estructuras complejas, y dicen que este hallazgo refuerza la importancia hist\u00f3rica del <strong>mar Adri\u00e1tico<\/strong> como una ruta comercial clave en tiempos antiguos.<\/p>\n<\/div>\n<div>\n<p>Adem\u00e1s del camino, <strong>en la bah\u00eda de Gradina, cerca de Vela Luka, los arque\u00f3logos descubrieron m\u00e1s estructuras subacu\u00e1ticas<\/strong>. Encontraron hachas de piedra, puntas de flecha y fragmentos de cer\u00e1mica ornamentada, que proporcionan informaci\u00f3n valiosa sobre los h\u00e1bitos y la organizaci\u00f3n de estas antiguas civilizaciones.<\/p>\n<\/div>\n<div>\n<p><strong>Este descubrimiento gener\u00f3 gran expectativa en la comunidad cient\u00edfica<\/strong>, ya que los elementos neol\u00edticos hallados podr\u00edan dar m\u00e1s informaci\u00f3n sobre los h\u00e1bitos y la organizaci\u00f3n de estas comunidades que vivieron en la <strong>regi\u00f3n del Adri\u00e1tico<\/strong>.<\/p>\n<\/div>\n<div>\n<p>Para los expertos, el avance no s\u00f3lo <strong>enriquece la comprensi\u00f3n actual que se tiene de las civilizaciones prehist\u00f3ricas<\/strong>, sino que tambi\u00e9n ofrece informaci\u00f3n para estudiar c\u00f3mo eran el comercio y los rituales religiosos que se llevaban a cabo antiguamente entre estos habitantes.<\/p>\n<\/div>\n<div>\n<p>El descubrimiento de la <strong>ruta submarina<\/strong> y los elementos en la zona muestran la importancia de la regi\u00f3n del<strong> Adri\u00e1tico <\/strong>en la prehistoria europea y abre nuevas l\u00edneas de investigaci\u00f3n sobre las conexiones culturales y econ\u00f3micas de las antiguas civilizaciones neol\u00edticas.<\/p>\n<\/div>\n<p><br \/>\n<br \/><a href=\"https:\/\/www.clarin.com\/informacion-general\/pais-encontro-antigua-ruta-submarina-anos-riqueza-historica_0_3I1debspRg.html\">Fuente Clarin.com <\/a><\/p>\n","protected":false},"excerpt":{"rendered":"<p>Un equipo de arque\u00f3logos de la Universidad de Zadar, Croacia, realiz\u00f3 un hallazgo sorprendente en el mar Adri\u00e1tico: una ruta submarina de aproximadamente 7.000 a\u00f1os de antig\u00fcedad que podr\u00eda conducir a una antigua ciudad. Este descubrimiento, realizado cerca de la isla croata de Kor\u010dula, ofrece nuevas perspectivas sobre las civilizaciones neol\u00edticas que habitaron la regi\u00f3n. [&hellip;]<\/p>\n","protected":false},"author":1,"featured_media":1928,"comment_status":"open","ping_status":"open","sticky":false,"template":"","format":"standard","meta":{"footnotes":""},"categories":[2],"tags":[636,373,1048,3719,3718,1486],"class_list":["post-1927","post","type-post","status-publish","format-standard","has-post-thumbnail","hentry","category-ultimas-noticias","tag-anos","tag-cual","tag-cuantos","tag-historica","tag-riqueza","tag-tiene"],"_links":{"self":[{"href":"https:\/\/13.com.ar\/index.php\/wp-json\/wp\/v2\/posts\/1927","targetHints":{"allow":["GET"]}}],"collection":[{"href":"https:\/\/13.com.ar\/index.php\/wp-json\/wp\/v2\/posts"}],"about":[{"href":"https:\/\/13.com.ar\/index.php\/wp-json\/wp\/v2\/types\/post"}],"author":[{"embeddable":true,"href":"https:\/\/13.com.ar\/index.php\/wp-json\/wp\/v2\/users\/1"}],"replies":[{"embeddable":true,"href":"https:\/\/13.com.ar\/index.php\/wp-json\/wp\/v2\/comments?post=1927"}],"version-history":[{"count":0,"href":"https:\/\/13.com.ar\/index.php\/wp-json\/wp\/v2\/posts\/1927\/revisions"}],"wp:featuredmedia":[{"embeddable":true,"href":"https:\/\/13.com.ar\/index.php\/wp-json\/wp\/v2\/media\/1928"}],"wp:attachment":[{"href":"https:\/\/13.com.ar\/index.php\/wp-json\/wp\/v2\/media?parent=1927"}],"wp:term":[{"taxonomy":"category","embeddable":true,"href":"https:\/\/13.com.ar\/index.php\/wp-json\/wp\/v2\/categories?post=1927"},{"taxonomy":"post_tag","embeddable":true,"href":"https:\/\/13.com.ar\/index.php\/wp-json\/wp\/v2\/tags?post=1927"}],"curies":[{"name":"wp","href":"https:\/\/api.w.org\/{rel}","templated":true}]}}