{"id":1899,"date":"2025-02-04T16:32:48","date_gmt":"2025-02-04T19:32:48","guid":{"rendered":"https:\/\/13.com.ar\/index.php\/arrestaron-a-dos-empleados-infieles-por-filtrar-el-escalofriante-video-del-accidente-aereo-de-washington\/"},"modified":"2025-02-04T16:32:48","modified_gmt":"2025-02-04T19:32:48","slug":"arrestaron-a-dos-empleados-infieles-por-filtrar-el-escalofriante-video-del-accidente-aereo-de-washington","status":"publish","type":"post","link":"https:\/\/13.com.ar\/index.php\/arrestaron-a-dos-empleados-infieles-por-filtrar-el-escalofriante-video-del-accidente-aereo-de-washington\/","title":{"rendered":"Arrestaron a dos empleados infieles por filtrar el escalofriante video del accidente a\u00e9reo de Washington"},"content":{"rendered":"<p> <br \/>\n<\/p>\n<div id=\"cuerpo\">\n<div class=\"sc-80531b6b-0 chRIGJ container-text text-embed\">\n<p>Dos empleados del <strong>Aeropuerto Nacional Ronald Reagan de Washington <\/strong>fueron detenidos por copiar y<strong> filtrar <\/strong>archivos con fuertes im\u00e1genes de la <strong>colisi\u00f3n a\u00e9rea<\/strong> del pasado mi\u00e9rcoles 29 de enero.<\/p>\n<\/div>\n<div class=\"sc-80531b6b-0 chRIGJ container-text text-embed\">\n<p>El accidente, que se produjo entre un helic\u00f3ptero Black Hawk y un avi\u00f3n de American Airlines, dej\u00f3 67 pasajeros muertos.<\/p>\n<\/div>\n<div class=\"sc-80531b6b-0 chRIGJ container-text text-embed\">\n<p>Los trabajadores fueron acusados por filtrar a la cadena <strong>CNN<\/strong> una <strong>copia no autorizada<\/strong> de registros que muestra otro terror\u00edfico punto de vista del choque a\u00e9reo. <\/p>\n<\/div>\n<div class=\"sc-80531b6b-0 chRIGJ container-text text-embed\">\n<p>La propia agencia finalmente revel\u00f3 los <strong>cargos<\/strong> que enfrentar\u00e1n tras ser <strong>arrestados <\/strong>por las autoridades.<\/p>\n<\/div>\n<p><h2>Las crudas im\u00e1genes filtradas por la CNN<\/h2>\n<\/p>\n<div class=\"sc-80531b6b-0 chRIGJ container-text text-embed\">\n<p>Los <strong>exclusivos videos<\/strong> muestran escenas mucho m\u00e1s claras y capturan el momento exacto del escalofriante accidente producido en <strong>Washington.<\/strong><\/p>\n<\/div>\n<div class=\"sc-80531b6b-0 chRIGJ container-text text-embed\">\n<p>Ambas filmaciones fueron grabadas por <strong>tel\u00e9fonos celulares<\/strong>, seg\u00fan inform\u00f3 la CNN la semana pasada.<\/p>\n<\/div>\n<div class=\"sc-80531b6b-0 chRIGJ container-text text-embed\">\n<p>Los presuntos videos transmitidos por la cadena de noticias capturaron la colisi\u00f3n completa del <strong>vuelo civil<\/strong> y el <strong>helic\u00f3ptero militar UH-60<\/strong>, del ej\u00e9rcito estadounidense.<\/p>\n<\/div>\n<div class=\"sc-198be8ec-0 cynXbu image-embed  image-embed \"><picture class=\"sc-198be8ec-1 kOjRiQ\"><source media=\"(min-width: 975px)\" width=\"720\" height=\"480\" \/><img alt=\"Im\u00e1genes del video filtrado del accidente de Washington.&#10;Foto: video de CNN\" loading=\"lazy\" width=\"720\" height=\"480\" decoding=\"async\" data-nimg=\"1\" style=\"color:transparent\" src=\"https:\/\/13.com.ar\/wp-content\/uploads\/2025\/02\/Arrestaron-a-dos-empleados-infieles-por-filtrar-el-escalofriante-video.jpg\"\/><span class=\"epigraphe\">Im\u00e1genes del video filtrado del accidente de Washington.<br \/>\nFoto: video de CNN<\/span><span class=\"bkg\"\/><span class=\"picture-open\"><button class=\"open-image\" aria-label=\"Open Image\"\/><\/span><\/picture><\/div>\n<div class=\"sc-80531b6b-0 chRIGJ container-text text-embed\">\n<p>Dichas grabaciones brindaron una visi\u00f3n mucho m\u00e1s <strong>cruda<\/strong> del evento; el primero muestra el helic\u00f3ptero en <strong>movimiento<\/strong>, mientras que el avi\u00f3n se <strong>aproximaba<\/strong> a la pista de aterrizaje.<\/p>\n<\/div>\n<div class=\"sc-80531b6b-0 chRIGJ container-text text-embed\">\n<p>El segundo ense\u00f1a la secuencia <strong>completa <\/strong>del accidente, donde ambas aeronaves<strong> colisionan<\/strong>, lo que provoca una <strong>explosi\u00f3n<\/strong> y la ca\u00edda de los restos al<strong> r\u00edo Potomac. <\/strong><\/p>\n<\/div>\n<p><h2>Qui\u00e9nes son los acusados por filtrar a la CNN los videos <\/h2>\n<\/p>\n<div class=\"sc-80531b6b-0 chRIGJ container-text text-embed\">\n<p>Los empleados de la <strong>Autoridad de Aeropuertos Metropolitanos de Washington (MWAA)<\/strong> enfrentar\u00e1n cargos por realizar una copia de la presunta grabaci\u00f3n de vigilancia sin autorizaci\u00f3n. <\/p>\n<\/div>\n<div class=\"sc-80531b6b-0 chRIGJ container-text text-embed\">\n<p>Los acusados por <strong>intrusi\u00f3n inform\u00e1tica<\/strong> son <strong>Mohamed Lamine Mbengue<\/strong>, de <strong>21<\/strong> a\u00f1os y <strong>Jonathan Savoy<\/strong>, de<strong> 45<\/strong>. La instituci\u00f3n inform\u00f3 que el m\u00e1s joven fue acusado el 31 de enero, mientras que Jonathan el 2 de febrero.<\/p>\n<\/div>\n<div class=\"sc-198be8ec-0 cynXbu image-embed  image-embed \"><picture class=\"sc-198be8ec-1 kOjRiQ\"><source media=\"(min-width: 975px)\" width=\"720\" height=\"480\" \/><img alt=\"Mohamed Lamine, uno de los arrestados por filtrar el video del accidente a\u00e9reo.&#10;Foto: Oficina del sheriff del condado de Arlington.&#10;\" loading=\"lazy\" width=\"720\" height=\"480\" decoding=\"async\" data-nimg=\"1\" style=\"color:transparent\" src=\"https:\/\/13.com.ar\/wp-content\/uploads\/2025\/02\/1738697568_844_Arrestaron-a-dos-empleados-infieles-por-filtrar-el-escalofriante-video.jpg\"\/><span class=\"epigraphe\">Mohamed Lamine, uno de los arrestados por filtrar el video del accidente a\u00e9reo.<br \/>\nFoto: Oficina del sheriff del condado de Arlington.<br \/>\n<\/span><span class=\"bkg\"\/><span class=\"picture-open\"><button class=\"open-image\" aria-label=\"Open Image\"\/><\/span><\/picture><\/div>\n<div class=\"sc-80531b6b-0 chRIGJ container-text text-embed\">\n<p>Mbengue fue <strong>ingresado<\/strong> en el Centro de Detenci\u00f3n de Adultos del Condado de Arlington y Savoy recibi\u00f3 fue citado al <strong>magistrado<\/strong>; ambos fueron<strong> liberados.<\/strong><\/p>\n<\/div>\n<p><h2>C\u00f3mo se produjo el accidente de Washington <\/h2>\n<\/p>\n<div class=\"sc-80531b6b-0 chRIGJ container-text text-embed\">\n<p>La colisi\u00f3n a\u00e9rea se produjo el mi\u00e9rcoles<strong> 29 de enero<\/strong> por la <strong>noche<\/strong>, donde el avi\u00f3n de pasajeros y el Black Hawk se estrellaron, dejando <strong>67 fallecidos<\/strong> en total.<\/p>\n<\/div>\n<div class=\"sc-80531b6b-0 chRIGJ container-text text-embed\">\n<p>El helic\u00f3ptero militar se encargaba de transportar a la<strong> capitana<\/strong> del ej\u00e9rcito <strong>Rebecca Lobach<\/strong>, al suboficial <strong>Andrew Eaves<\/strong> y al sargento <strong>Ryan O&#8217;Hara.<\/strong><\/p>\n<\/div>\n<div class=\"sc-80531b6b-0 chRIGJ container-text text-embed\">\n<p>El vuelo civil, por su parte, regresaba a su hogar a <strong>m\u00e1s de una docena <\/strong>de personas vinculadas al <strong>patinaje art\u00edstico <\/strong>estadounidense, que fallecieron a tan solo metros del aeropuerto. <\/p>\n<\/div>\n<div class=\"sc-80531b6b-0 chRIGJ container-text text-embed\">\n<p>Se conoci\u00f3 que se encontraban un <strong>argentino<\/strong> y su <strong>hijo<\/strong> de 13 a\u00f1os entre los fallecidos:<strong> Luciano Aparicio<\/strong>, vicepresidente de una empresa de energ\u00eda el\u00e9ctrica con sede en Arlington, Virginia.<\/p>\n<\/div>\n<div class=\"sc-80531b6b-0 chRIGJ container-text text-embed\">\n<p>Hasta el momento, se revelaron las <strong>grabaciones de voz<\/strong> del helic\u00f3ptero militar y varias <strong>advertencias <\/strong>al avi\u00f3n civil, alertando la aproximaci\u00f3n del Black Hawk.<\/p>\n<\/div>\n<p><h2>La recuperaci\u00f3n de los restos del accidente<\/h2>\n<\/p>\n<div class=\"sc-80531b6b-0 chRIGJ container-text text-embed\">\n<p>El<strong> 3 de febrero<\/strong>, las autoridades lograron recuperar del r\u00edo Potomac los <strong>restos <\/strong>del avi\u00f3n de American Airlines, el helic\u00f3ptero Black Hawk es su siguiente objetivo.<\/p>\n<\/div>\n<div class=\"sc-80531b6b-0 chRIGJ container-text text-embed\">\n<p>La mayor\u00eda de los <strong>cuerpos de las v\u00edctimas<\/strong> del accidente fueron recuperados del helado r\u00edo, pero la b\u00fasqueda contin\u00faa incansablemente.<\/p>\n<\/div>\n<div class=\"sc-198be8ec-0 cynXbu image-embed  image-embed \"><picture class=\"sc-198be8ec-1 kOjRiQ\"><source media=\"(min-width: 975px)\" width=\"720\" height=\"480\" \/><img alt=\"Las autoridades intentan recuperar todos los restos del accidente.&#10;Foto: AP\" loading=\"lazy\" width=\"720\" height=\"480\" decoding=\"async\" data-nimg=\"1\" style=\"color:transparent\" src=\"https:\/\/13.com.ar\/wp-content\/uploads\/2025\/02\/1738697568_769_Arrestaron-a-dos-empleados-infieles-por-filtrar-el-escalofriante-video.jpg\"\/><span class=\"epigraphe\">Las autoridades intentan recuperar todos los restos del accidente.<br \/>\nFoto: AP<\/span><span class=\"bkg\"\/><span class=\"picture-open\"><button class=\"open-image\" aria-label=\"Open Image\"\/><\/span><\/picture><\/div>\n<div class=\"sc-80531b6b-0 chRIGJ container-text text-embed\">\n<p>&#8220;<strong>Esperamos recuperar todos los cuerpos<\/strong>. Esa es la raz\u00f3n por la que nuestros equipos siguen trabajando&#8221;, declar\u00f3 el <strong>jefe de bomberos<\/strong> del Distrito de Columbia, John Donnelly.<\/p>\n<\/div>\n<div class=\"sc-80531b6b-0 chRIGJ container-text text-embed\">\n<p>Adem\u00e1s, <strong>American Airlines <\/strong>decidi\u00f3<strong> retirar <\/strong>el <strong>vuelo n\u00famero 5342<\/strong>, que viaja desde Wichita al aeropuerto Ronald Reagan, y explic\u00f3 que es un protocolo tras importantes incidentes de aviaci\u00f3n.<\/p>\n<\/div>\n<div class=\"sc-80531b6b-0 chRIGJ container-text text-embed\">\n<p>Mientras la investigaci\u00f3n federal <strong>sigue en curso<\/strong>, las preguntas sobre c\u00f3mo pudo ocurrir el accidente <strong>siguen sin ser respondidas.<\/strong><\/p>\n<\/div>\n<\/div>\n<p><br \/>\n<br \/><a href=\"https:\/\/www.clarin.com\/internacional\/arrestaron-empleados-infieles-filtrar-escalofriante-video-accidente-aereo-washington_0_IUArB6Gmai.html\">Fuente Clarin.com <\/a><\/p>\n","protected":false},"excerpt":{"rendered":"<p>Dos empleados del Aeropuerto Nacional Ronald Reagan de Washington fueron detenidos por copiar y filtrar archivos con fuertes im\u00e1genes de la colisi\u00f3n a\u00e9rea del pasado mi\u00e9rcoles 29 de enero. El accidente, que se produjo entre un helic\u00f3ptero Black Hawk y un avi\u00f3n de American Airlines, dej\u00f3 67 pasajeros muertos. Los trabajadores fueron acusados por filtrar [&hellip;]<\/p>\n","protected":false},"author":1,"featured_media":1900,"comment_status":"open","ping_status":"open","sticky":false,"template":"","format":"standard","meta":{"footnotes":""},"categories":[2],"tags":[973,3679,3675,100,59,3676,1507,3678,3677,142,200,1424],"class_list":["post-1899","post","type-post","status-publish","format-standard","has-post-thumbnail","hentry","category-ultimas-noticias","tag-accidente","tag-aereo","tag-arrestaron","tag-del","tag-dos","tag-empleados","tag-escalofriante","tag-filtrar","tag-infieles","tag-por","tag-video","tag-washington"],"_links":{"self":[{"href":"https:\/\/13.com.ar\/index.php\/wp-json\/wp\/v2\/posts\/1899","targetHints":{"allow":["GET"]}}],"collection":[{"href":"https:\/\/13.com.ar\/index.php\/wp-json\/wp\/v2\/posts"}],"about":[{"href":"https:\/\/13.com.ar\/index.php\/wp-json\/wp\/v2\/types\/post"}],"author":[{"embeddable":true,"href":"https:\/\/13.com.ar\/index.php\/wp-json\/wp\/v2\/users\/1"}],"replies":[{"embeddable":true,"href":"https:\/\/13.com.ar\/index.php\/wp-json\/wp\/v2\/comments?post=1899"}],"version-history":[{"count":0,"href":"https:\/\/13.com.ar\/index.php\/wp-json\/wp\/v2\/posts\/1899\/revisions"}],"wp:featuredmedia":[{"embeddable":true,"href":"https:\/\/13.com.ar\/index.php\/wp-json\/wp\/v2\/media\/1900"}],"wp:attachment":[{"href":"https:\/\/13.com.ar\/index.php\/wp-json\/wp\/v2\/media?parent=1899"}],"wp:term":[{"taxonomy":"category","embeddable":true,"href":"https:\/\/13.com.ar\/index.php\/wp-json\/wp\/v2\/categories?post=1899"},{"taxonomy":"post_tag","embeddable":true,"href":"https:\/\/13.com.ar\/index.php\/wp-json\/wp\/v2\/tags?post=1899"}],"curies":[{"name":"wp","href":"https:\/\/api.w.org\/{rel}","templated":true}]}}