{"id":1897,"date":"2025-02-04T16:29:30","date_gmt":"2025-02-04T19:29:30","guid":{"rendered":"https:\/\/13.com.ar\/index.php\/el-consejo-agroindustrial-pidio-la-continuidad-de-la-rebaja-de-derechos-de-exportacion\/"},"modified":"2025-02-04T16:29:30","modified_gmt":"2025-02-04T19:29:30","slug":"el-consejo-agroindustrial-pidio-la-continuidad-de-la-rebaja-de-derechos-de-exportacion","status":"publish","type":"post","link":"https:\/\/13.com.ar\/index.php\/el-consejo-agroindustrial-pidio-la-continuidad-de-la-rebaja-de-derechos-de-exportacion\/","title":{"rendered":"El Consejo Agroindustrial pidi\u00f3 la continuidad de la rebaja de derechos de exportaci\u00f3n"},"content":{"rendered":"<p> <br \/>\n<br \/><img decoding=\"async\" src=\"https:\/\/13.com.ar\/wp-content\/uploads\/2025\/02\/El-Consejo-Agroindustrial-pidio-la-continuidad-de-la-rebaja-de.jpg\" \/><\/p>\n<div id=\"cuerpo\">\n<div class=\"sc-80531b6b-0 chRIGJ container-text text-embed\">\n<p>Representantes del Consejo Agroindustrial Argentino (CAA) participaron de una reuni\u00f3n con el equipo econ\u00f3mico del Gobierno para evaluar la baja de retenciones y promover mayores medidas en favor de una estrategia exportadora competitiva. <\/p>\n<\/div>\n<div class=\"sc-80531b6b-0 chRIGJ container-text text-embed\">\n<p>Por parte del Gobierno participaron el titular del ARCA, Juan Pazo, el Subsecretario de Coordinaci\u00f3n de Producci\u00f3n, Santiago Migone y el Subsecretario de Mercados de la Secretaria de Agricultura, Ganader\u00eda y Pesca, Agustin Tejeda.<\/p>\n<\/div>\n<div class=\"sc-80531b6b-0 chRIGJ container-text text-embed\">\n<p>El <strong>CAA ratific\u00f3 su apoyo a la decisi\u00f3n de baja de derechos de exportaci\u00f3n<\/strong> para productos de los complejos cerealero-oleaginoso y eliminaci\u00f3n de al\u00edcuotas para econom\u00edas regionales. El CAA record\u00f3 que estuvo realizando presentaciones durante 4 a\u00f1os para lograr llevar a cero los derechos a todo el universo de econom\u00edas regionales.<\/p>\n<\/div>\n<div class=\"sc-80531b6b-0 chRIGJ container-text text-embed\">\n<p>Seg\u00fan los estudios realizados por el CAA, la reciente modificaci\u00f3n de los derechos de exportaci\u00f3n <strong>generar\u00e1 un impacto significativo en las exportaciones, incentivando una mayor comercializaci\u00f3n de los stocks<\/strong>, especialmente durante el primer semestre del a\u00f1o. <\/p>\n<\/div>\n<div class=\"sc-80531b6b-0 chRIGJ container-text text-embed\">\n<p>&#8220;Esto permitir\u00eda alcanzar exportaciones por 98,1 millones de toneladas, implicando un crecimiento interanual del 11%. En t\u00e9rminos de valor, <strong>las exportaciones agroindustriales podr\u00edan alcanzar los USD 47.954 millones<\/strong>, con un incremento de USD 1.738 millones respecto a la estimaci\u00f3n previa a la medida. Este aumento responde principalmente a la comercializaci\u00f3n de stocks acumulados, con ventas adicionales concentradas en el primer y segundo trimestre del a\u00f1o&#8221;, detallaron.<\/p>\n<\/div>\n<div class=\"sc-80531b6b-0 chRIGJ container-text text-embed\">\n<p>Los representantes agroindustriales -Jos\u00e9 Martins, Pte del CAA; Gustavo Id\u00edgoras, tesorero ( ciara-cec); Diego Cifarelli, Tesorero (FAIM) y Fernado Rivara (acopio) y Joaqu\u00edn de Grazia (sector av\u00edcola)- <strong>solicitaron la continuidad de la baja de derechos de exportaci\u00f3n<\/strong>, as\u00ed como la profundizaci\u00f3n dado que los estudios del CAA muestran que la continuidad de la reducci\u00f3n de los derechos de exportaci\u00f3n enviar\u00eda una se\u00f1al clave de confianza al sector, generando mejores condiciones para la planificaci\u00f3n productiva y la adopci\u00f3n de tecnolog\u00edas. <\/p>\n<\/div>\n<div class=\"sc-80531b6b-0 chRIGJ container-text text-embed\">\n<p>&#8220;Esto permitir\u00eda un incremento de entre 4 y 7 millones de toneladas adicionales, impulsando tanto la producci\u00f3n como el procesamiento interno. Como resultado,<strong> las exportaciones podr\u00edan crecer entre USD 1.500 y 2.400 millones<\/strong>, con la creaci\u00f3n de aproximadamente 60 mil puestos de trabajo. Esta transformaci\u00f3n fortalecer\u00eda el perfil exportador del pa\u00eds y dinamizar\u00eda la actividad econ\u00f3mica, consolidando el rol estrat\u00e9gico del agro en la econom\u00eda nacional&#8221;, aseguraron.<\/p>\n<\/div>\n<div class=\"sc-80531b6b-0 chRIGJ container-text text-embed\">\n<p>Asimismo, se resalt\u00f3 que resulta necesario ajustar los requisitos de elegibilidad de los beneficios de baja de derechos para productos del complejo-cerealero oleaginoso bajo Ley 21.453 dado que son de <strong>dif\u00edcil cumplimiento para empresas nacionales con bajo acceso al financiamiento internacional<\/strong>.<\/p>\n<\/div>\n<div class=\"sc-80531b6b-0 chRIGJ container-text text-embed\">\n<p>Por \u00faltimo, el CAA solicit\u00f3 incluir en este programa de baja de derechos, a los productos derivados bovinos, aviares, nutrici\u00f3n animal y de la pesca.<\/p>\n<\/div>\n<div class=\"sc-80531b6b-0 chRIGJ container-text text-embed\">\n<p>Desde el Consejo expresaron que<strong> seguir\u00e1n colaborando con el Gobierno<\/strong> para acercar propuestas que fomenten el crecimiento sostenido y sustentable de exportaciones agroindustriales y de bioenerg\u00edas, as\u00ed como se alentar\u00e1 el debate legislativo de los proyectos de ley de inversi\u00f3n y empleo y de biocombustibles. Tambi\u00e9n se abord\u00f3 la problem\u00e1tica de la evasi\u00f3n impositiva y se intercambiaron ideas acerca de la importancia de priorizar este tema que genera competencia desleal, afectando la competitividad y la recaudaci\u00f3n. Al respecto el CAA ofreci\u00f3 informaci\u00f3n de cada una de las cadenas que lo integran y colaboraci\u00f3n a las autoridades para combatir este flagelo.<\/p>\n<\/div>\n<div class=\"sc-80531b6b-0 chRIGJ container-text text-embed\">\n<p>El Presidente del CAA, Jos\u00e9 Martins, considero que \u201cla reuni\u00f3n fue muy positiva, en un marco de entendimiento del esfuerzo del Gobierno en lograr super\u00e1vit fiscal y normalizar la macroeconom\u00eda, el desaf\u00edo es seguir trabajando en baja de derechos de exportaci\u00f3n que cubran todo el universo de la agroindustria con mecanismos de aplicaci\u00f3n simples, que no generen dificultades para las empresas exportadoras\u201d.<\/p>\n<\/div>\n<\/div>\n<p><br \/>\n<br \/><a href=\"https:\/\/www.clarin.com\/rural\/consejo-agroindustrial-pidio-continuidad-rebaja-derechos-exportacion_0_LigJc9d7Ot.html\">Fuente Clarin.com <\/a><\/p>\n","protected":false},"excerpt":{"rendered":"<p>Representantes del Consejo Agroindustrial Argentino (CAA) participaron de una reuni\u00f3n con el equipo econ\u00f3mico del Gobierno para evaluar la baja de retenciones y promover mayores medidas en favor de una estrategia exportadora competitiva. Por parte del Gobierno participaron el titular del ARCA, Juan Pazo, el Subsecretario de Coordinaci\u00f3n de Producci\u00f3n, Santiago Migone y el Subsecretario [&hellip;]<\/p>\n","protected":false},"author":1,"featured_media":1898,"comment_status":"open","ping_status":"open","sticky":false,"template":"","format":"standard","meta":{"footnotes":""},"categories":[2],"tags":[3672,3671,3673,3097,3674,318,1312],"class_list":["post-1897","post","type-post","status-publish","format-standard","has-post-thumbnail","hentry","category-ultimas-noticias","tag-agroindustrial","tag-consejo","tag-continuidad","tag-derechos","tag-exportacion","tag-pidio","tag-rebaja"],"_links":{"self":[{"href":"https:\/\/13.com.ar\/index.php\/wp-json\/wp\/v2\/posts\/1897","targetHints":{"allow":["GET"]}}],"collection":[{"href":"https:\/\/13.com.ar\/index.php\/wp-json\/wp\/v2\/posts"}],"about":[{"href":"https:\/\/13.com.ar\/index.php\/wp-json\/wp\/v2\/types\/post"}],"author":[{"embeddable":true,"href":"https:\/\/13.com.ar\/index.php\/wp-json\/wp\/v2\/users\/1"}],"replies":[{"embeddable":true,"href":"https:\/\/13.com.ar\/index.php\/wp-json\/wp\/v2\/comments?post=1897"}],"version-history":[{"count":0,"href":"https:\/\/13.com.ar\/index.php\/wp-json\/wp\/v2\/posts\/1897\/revisions"}],"wp:featuredmedia":[{"embeddable":true,"href":"https:\/\/13.com.ar\/index.php\/wp-json\/wp\/v2\/media\/1898"}],"wp:attachment":[{"href":"https:\/\/13.com.ar\/index.php\/wp-json\/wp\/v2\/media?parent=1897"}],"wp:term":[{"taxonomy":"category","embeddable":true,"href":"https:\/\/13.com.ar\/index.php\/wp-json\/wp\/v2\/categories?post=1897"},{"taxonomy":"post_tag","embeddable":true,"href":"https:\/\/13.com.ar\/index.php\/wp-json\/wp\/v2\/tags?post=1897"}],"curies":[{"name":"wp","href":"https:\/\/api.w.org\/{rel}","templated":true}]}}