{"id":1894,"date":"2025-02-04T16:12:58","date_gmt":"2025-02-04T19:12:58","guid":{"rendered":"https:\/\/13.com.ar\/index.php\/en-medio-de-versiones-de-crisis-nissan-paraliza-su-produccion-esta-semana\/"},"modified":"2025-02-04T16:12:58","modified_gmt":"2025-02-04T19:12:58","slug":"en-medio-de-versiones-de-crisis-nissan-paraliza-su-produccion-esta-semana","status":"publish","type":"post","link":"https:\/\/13.com.ar\/index.php\/en-medio-de-versiones-de-crisis-nissan-paraliza-su-produccion-esta-semana\/","title":{"rendered":"En medio de versiones de crisis, Nissan paraliza su producci\u00f3n esta semana"},"content":{"rendered":"<p> <br \/>\n<\/p>\n<div id=\"cuerpo\">\n<div class=\"sc-80531b6b-0 chRIGJ container-text text-embed\">\n<p>La empresa automotriz Nissan est\u00e1 pasando por una <strong>crisis de producci\u00f3n <\/strong>en su planta de Santa Isabel, C\u00f3rdoba. SMATA denunci\u00f3 a la empresa nipona frente a la Secretar\u00eda de Trabajo de la Provincia por la suspensi\u00f3n de m\u00e1s de 200 trabajadores. <\/p>\n<\/div>\n<div class=\"sc-80531b6b-0 chRIGJ container-text text-embed\">\n<p>De acuerdo con Maximiliano Ponce, Secretario General del Sindicato de Mec\u00e1nicos y Afines del Transporte Automotor (SMATA) sede C\u00f3rdoba, la empresa japonesa est\u00e1 viviendo una<strong> reducci\u00f3n de su producci\u00f3n<\/strong> en Argentina. &#8220;Tienen una capacidad instalada para producir 80.000 unidades y actualmente est\u00e1n trabajando como para producir 14.000&#8221;, afirma Ponce.<\/p>\n<\/div>\n<div class=\"sc-80531b6b-0 chRIGJ container-text text-embed\">\n<p>&#8220;La producci\u00f3n de la f\u00e1brica japonesa disminuy\u00f3 notablemente en cuesti\u00f3n de meses. Si no cambia, esto equivale a tener la mitad del a\u00f1o suspendido&#8221;, alerta Ponce, quien plantea que la empresa estar\u00eda trabajando a un <strong>17,5%<\/strong> de su capacidad instalada.<\/p>\n<\/div>\n<div class=\"sc-80531b6b-0 chRIGJ container-text text-embed\">\n<p>Justamente esta semana la producci\u00f3n est\u00e1 completamente frenada por la falta de un insumo ya que se atras\u00f3 un buque de M\u00e9xico, seg\u00fan informaci\u00f3n que brind\u00f3 Nissan a <strong>Clar\u00edn<\/strong>.<\/p>\n<\/div>\n<div class=\"sc-80531b6b-0 chRIGJ container-text text-embed\">\n<p>Ponce tambi\u00e9n agreg\u00f3 que casi la mitad de los empleados fueron suspendidos de la f\u00e1brica de Santa Isabel, al sur de la capital cordobesa, la planta trabaja con un solo turno y en diciembre pasado se abri\u00f3 un<strong> programa de retiro voluntario.<\/strong><\/p>\n<\/div>\n<div class=\"sc-80531b6b-0 chRIGJ container-text text-embed\">\n<p>Es por ello que SMATA denunci\u00f3 la situaci\u00f3n ante el Ministerio de Trabajo de C\u00f3rdoba la semana pasada. &#8220;Queremos que Nissan aclare la situaci\u00f3n. <strong>Se suspendieron a m\u00e1s de 200 empleados de los casi 450 que trabajan en Nissan <\/strong>de manera directa. Nos enteramos que la Frontier se est\u00e1 haciendo en M\u00e9xico&#8221;, menciona Ponce.<\/p>\n<\/div>\n<div class=\"sc-198be8ec-0 cynXbu image-embed  image-embed \"><picture class=\"sc-198be8ec-1 kOjRiQ\"><source media=\"(min-width: 975px)\" width=\"720\" height=\"480\" \/><img alt=\"Foto: gentileza Nissan\" loading=\"lazy\" width=\"720\" height=\"480\" decoding=\"async\" data-nimg=\"1\" style=\"color:transparent\" src=\"https:\/\/13.com.ar\/wp-content\/uploads\/2025\/02\/En-medio-de-versiones-de-crisis-Nissan-paraliza-su-produccion.jpg\"\/><span class=\"epigraphe\">Foto: gentileza Nissan<\/span><span class=\"bkg\"\/><span class=\"picture-open\"><button class=\"open-image\" aria-label=\"Open Image\"\/><\/span><\/picture><\/div>\n<div class=\"sc-80531b6b-0 chRIGJ container-text text-embed\">\n<p>La empresa nipona, por su parte, solo hizo p\u00fablicas unas breves l\u00edneas en relaci\u00f3n con esta posible restructuraci\u00f3n de la empresa:<\/p>\n<\/div>\n<div class=\"sc-80531b6b-0 chRIGJ container-text text-embed\">\n<p>&#8220;Nissan estudia regularmente posibles oportunidades para optimizar sus operaciones de fabricaci\u00f3n. No hemos anunciado ning\u00fan cambio en nuestros planes de producci\u00f3n en Argentina&#8221;.<\/p>\n<\/div>\n<div class=\"sc-80531b6b-0 chRIGJ container-text text-embed\">\n<p>Ante la consulta de <strong>Clar\u00edn <\/strong>sobre si la empresa querr\u00eda confirmar o refutar la informaci\u00f3n de SMATA, desde Nissan afirmaron: &#8220;Es importante que se sepa que Nissan no anunci\u00f3 ninguna modificaci\u00f3n con relaci\u00f3n a los planes de producci\u00f3n en el pa\u00eds&#8221;.<\/p>\n<\/div>\n<div class=\"sc-80531b6b-0 chRIGJ container-text text-embed\">\n<p>Diferentes f\u00e1bricas del sector automotriz proveedoras de la firma japonesa est\u00e1n alerta ante una eventual reestructuraci\u00f3n ya que modificar\u00eda la demanda de sus productos y afectar\u00eda al mercado automotriz en general.<\/p>\n<\/div>\n<div class=\"sc-80531b6b-0 chRIGJ container-text text-embed\">\n<p>Si Nissan cierra sus puertas en la planta de Santa Isabel, donde comparte predio con Renault, se caer\u00eda el <strong>Proyecto H60E<\/strong>, que se refiere a la pr\u00f3xima generaci\u00f3n de la Frontier\/Navara, una pick-up mediana con tecnolog\u00eda de punta y que se iba a comenzar a producir en 2026, de acuerdo con el sitio MotorUno.<\/p>\n<\/div>\n<p><h2><strong>Nissan en el mundo<\/strong><\/h2>\n<\/p>\n<div class=\"sc-80531b6b-0 chRIGJ container-text text-embed\">\n<p> M\u00e1s de un mes atr\u00e1s se supo que Nissan se fusionar\u00eda con Honda en un intento de competir con la empresa Toyota, cuya fuerza de producci\u00f3n es mayor. De acuerdo con informaci\u00f3n de noviembre pasado, Nissan Internacional confirm\u00f3 el <strong>recorte de 9.000 empleos, alrededor del 6%<\/strong> de su fuerza laboral global.<\/p>\n<\/div>\n<div class=\"sc-80531b6b-0 chRIGJ container-text text-embed\">\n<p>Adem\u00e1s se plante\u00f3 <strong>recortar su capacidad de producci\u00f3n global en un 20% <\/strong>por las p\u00e9rdidas sufridas en el trimestre anterior, de acuerdo con EFE.<\/p>\n<\/div>\n<div class=\"sc-198be8ec-0 cynXbu image-embed  image-embed \"><picture class=\"sc-198be8ec-1 kOjRiQ\"><source media=\"(min-width: 975px)\" width=\"720\" height=\"480\" \/><img alt=\"Foto: Richard A. Brooks\/Agence France-Presse\" loading=\"lazy\" width=\"720\" height=\"480\" decoding=\"async\" data-nimg=\"1\" style=\"color:transparent\" src=\"https:\/\/13.com.ar\/wp-content\/uploads\/2025\/02\/1738696378_123_En-medio-de-versiones-de-crisis-Nissan-paraliza-su-produccion.jpg\"\/><span class=\"epigraphe\">Foto: Richard A. Brooks\/Agence France-Presse<\/span><span class=\"bkg\"\/><span class=\"picture-open\"><button class=\"open-image\" aria-label=\"Open Image\"\/><\/span><\/picture><\/div>\n<div class=\"sc-80531b6b-0 chRIGJ container-text text-embed\">\n<p>Durante el 2024, los balances productivos de Nissan muestran que la producci\u00f3n global de la empresa <strong>disminuy\u00f3 un 8,7%<\/strong> con respecto al 2023. Pasaron de generar <strong>3.444.164 veh\u00edculos a 3.144.470 el a\u00f1o pasado<\/strong>.<\/p>\n<\/div>\n<div class=\"sc-80531b6b-0 chRIGJ container-text text-embed\">\n<p>Todas las plantas de la automotriz redujeron su actividad, a excepci\u00f3n de la planta ubicada en <strong>M\u00e9xico<\/strong>, que <strong>aument\u00f3 un 8,8% anual.<\/strong> Mientras que en 2023 produjo 615.744 veh\u00edculos, en 2024 el n\u00famero aument\u00f3 a 669.914, superando a la producci\u00f3n en las plantas de Jap\u00f3n (656.990 veh\u00edculos) y de China (665.437 unidades).<\/p>\n<\/div>\n<div class=\"sc-80531b6b-0 chRIGJ container-text text-embed\">\n<p>En cuanto a las transacciones, a nivel global <strong>las ventas de Nissan disminuyeron un 0,8%<\/strong> del 2023 al 2024. El porcentaje de ca\u00edda m\u00e1s fuerte se sinti\u00f3 en China, donde el a\u00f1o pasado se vendieron 696.631 veh\u00edculos, un 12,2% menos que el a\u00f1o anterior.<\/p>\n<\/div>\n<div class=\"sc-80531b6b-0 chRIGJ container-text text-embed\">\n<p>Por el otro lado, el mercado con mayor crecimiento de ventas fue Canad\u00e1, donde se comercializaron 103.092 autos, un 12.8% m\u00e1s que en 2023. En n\u00fameros absolutos,  <strong>el mercado m\u00e1s grande de la empresa es Estados Unidos<\/strong>, donde se vendieron 924.008 unidades, un 2,8% m\u00e1s que en 2023.<\/p>\n<\/div>\n<div class=\"sc-80531b6b-0 chRIGJ container-text text-embed\">\n<p> Nissan Argentina se convirti\u00f3 en terminal automotriz en 2017. La producci\u00f3n nacional de la camioneta pickup Frontier comenz\u00f3 en agosto del 2018 y pocos meses despu\u00e9s inici\u00f3 la exportaci\u00f3n al mercado de Brasil, al cual se han sumado en 2023, los de Chile y Colombia.<\/p>\n<\/div>\n<div class=\"sc-80531b6b-0 chRIGJ container-text text-embed\">\n<p>En Argentina, la producci\u00f3n de todas las f\u00e1bricas automotrices lleg\u00f3 a<strong> 506.571 unidades el a\u00f1o pasado<\/strong>, de acuerdo con la Asociaci\u00f3n de F\u00e1bricas de Automotores (ADEFA). Nissan Argentina registr\u00f3 la fabricaci\u00f3n de <strong>29.519 camionetas Pickup Frontier en 2023<\/strong>.<\/p>\n<\/div>\n<div class=\"sc-4306f4f9-0 bAPCpp\">\n<div class=\"inner-card-m\">\n<div class=\"related-content\">\n<p><span class=\"body-title\">Mir\u00e1 tambi\u00e9n<\/span><\/p>\n<h3>La venta de autos 0 km se duplic\u00f3 en enero: cu\u00e1les fueron los 10 modelos m\u00e1s elegidos<\/h3>\n<source media=\"(min-width: 975px)\" width=\"340\" height=\"340\" \/><img alt=\"La venta de autos 0 km se duplic\u00f3 en enero: cu\u00e1les fueron los 10 modelos m\u00e1s elegidos\" loading=\"lazy\" width=\"340\" height=\"340\" decoding=\"async\" data-nimg=\"1\" style=\"color:transparent\" src=\"https:\/\/13.com.ar\/wp-content\/uploads\/2025\/02\/1738596826_673_\u00bfVuelve-el-Fiat-Uno-El-proximo-auto-popular-de-la.jpg\"\/><\/div>\n<\/div>\n<\/div>\n<div class=\"sc-4306f4f9-0 bAPCpp\">\n<div class=\"inner-card-m\">\n<div class=\"related-content\">\n<p><span class=\"body-title\">Mir\u00e1 tambi\u00e9n<\/span><\/p>\n<h3>Toyota baj\u00f3 precios hasta 17% por los cambios en impuestos internos: \u00bfA cu\u00e1nto qued\u00f3 la SW4?<\/h3>\n<source media=\"(min-width: 975px)\" width=\"340\" height=\"340\" \/><img alt=\"Toyota baj\u00f3 precios hasta 17% por los cambios en impuestos internos: \u00bfA cu\u00e1nto qued\u00f3 la SW4?\" loading=\"lazy\" width=\"340\" height=\"340\" decoding=\"async\" data-nimg=\"1\" style=\"color:transparent\" src=\"https:\/\/13.com.ar\/wp-content\/uploads\/2025\/02\/1738596826_667_\u00bfVuelve-el-Fiat-Uno-El-proximo-auto-popular-de-la.jpg\"\/><\/div>\n<\/div>\n<\/div>\n<div class=\"sc-4306f4f9-0 bAPCpp\">\n<div class=\"inner-card-m\">\n<div class=\"related-content\">\n<p><span class=\"body-title\">Mir\u00e1 tambi\u00e9n<\/span><\/p>\n<h3>Reacciones en las marcas de autos ante los cambios al impuesto al lujo: &#8220;excelente noticia&#8221; y mensaje a las provincias y municipios<\/h3>\n<source media=\"(min-width: 975px)\" width=\"340\" height=\"340\" \/><img alt=\"Reacciones en las marcas de autos ante los cambios al impuesto al lujo: &quot;excelente noticia&quot; y mensaje a las provincias y municipios\" loading=\"lazy\" width=\"340\" height=\"340\" decoding=\"async\" data-nimg=\"1\" style=\"color:transparent\" src=\"https:\/\/13.com.ar\/wp-content\/uploads\/2025\/02\/1738696378_329_En-medio-de-versiones-de-crisis-Nissan-paraliza-su-produccion.jpg\"\/><\/div>\n<\/div>\n<\/div>\n<\/div>\n<p><br \/>\n<br \/><a href=\"https:\/\/www.clarin.com\/economia\/medio-versiones-crisis-nissan-paraliza-produccion-semana_0_sFtf3Dxg8r.html\">Fuente Clarin.com <\/a><\/p>\n","protected":false},"excerpt":{"rendered":"<p>La empresa automotriz Nissan est\u00e1 pasando por una crisis de producci\u00f3n en su planta de Santa Isabel, C\u00f3rdoba. SMATA denunci\u00f3 a la empresa nipona frente a la Secretar\u00eda de Trabajo de la Provincia por la suspensi\u00f3n de m\u00e1s de 200 trabajadores. De acuerdo con Maximiliano Ponce, Secretario General del Sindicato de Mec\u00e1nicos y Afines del [&hellip;]<\/p>\n","protected":false},"author":1,"featured_media":1895,"comment_status":"open","ping_status":"open","sticky":false,"template":"","format":"standard","meta":{"footnotes":""},"categories":[2],"tags":[625,300,1224,3668,3669,3670,982,3667],"class_list":["post-1894","post","type-post","status-publish","format-standard","has-post-thumbnail","hentry","category-ultimas-noticias","tag-crisis","tag-esta","tag-medio","tag-nissan","tag-paraliza","tag-produccion","tag-semana","tag-versiones"],"_links":{"self":[{"href":"https:\/\/13.com.ar\/index.php\/wp-json\/wp\/v2\/posts\/1894","targetHints":{"allow":["GET"]}}],"collection":[{"href":"https:\/\/13.com.ar\/index.php\/wp-json\/wp\/v2\/posts"}],"about":[{"href":"https:\/\/13.com.ar\/index.php\/wp-json\/wp\/v2\/types\/post"}],"author":[{"embeddable":true,"href":"https:\/\/13.com.ar\/index.php\/wp-json\/wp\/v2\/users\/1"}],"replies":[{"embeddable":true,"href":"https:\/\/13.com.ar\/index.php\/wp-json\/wp\/v2\/comments?post=1894"}],"version-history":[{"count":0,"href":"https:\/\/13.com.ar\/index.php\/wp-json\/wp\/v2\/posts\/1894\/revisions"}],"wp:featuredmedia":[{"embeddable":true,"href":"https:\/\/13.com.ar\/index.php\/wp-json\/wp\/v2\/media\/1895"}],"wp:attachment":[{"href":"https:\/\/13.com.ar\/index.php\/wp-json\/wp\/v2\/media?parent=1894"}],"wp:term":[{"taxonomy":"category","embeddable":true,"href":"https:\/\/13.com.ar\/index.php\/wp-json\/wp\/v2\/categories?post=1894"},{"taxonomy":"post_tag","embeddable":true,"href":"https:\/\/13.com.ar\/index.php\/wp-json\/wp\/v2\/tags?post=1894"}],"curies":[{"name":"wp","href":"https:\/\/api.w.org\/{rel}","templated":true}]}}