{"id":1892,"date":"2025-02-04T16:09:31","date_gmt":"2025-02-04T19:09:31","guid":{"rendered":"https:\/\/13.com.ar\/index.php\/mandas-a-la-burra-que-te-hace-reiki-a-que-haga-esta-berretada\/"},"modified":"2025-02-04T16:09:31","modified_gmt":"2025-02-04T19:09:31","slug":"mandas-a-la-burra-que-te-hace-reiki-a-que-haga-esta-berretada","status":"publish","type":"post","link":"https:\/\/13.com.ar\/index.php\/mandas-a-la-burra-que-te-hace-reiki-a-que-haga-esta-berretada\/","title":{"rendered":"Mand\u00e1s a la burra que te hace Reiki a que haga esta berretada"},"content":{"rendered":"<p> <br \/>\n<\/p>\n<div id=\"cuerpo\">\n<div class=\"sc-80531b6b-0 chRIGJ container-text text-embed\">\n<p>Despu\u00e9s de que el Gobierno la denunci\u00f3 por cobrar en sus jubilaciones el plus por zona austral mientras reside en la Ciudad, Cristina Kirchner sali\u00f3 al cruce de Javier Milei y Sandra Pettovello. &#8220;Mand\u00e1s a la burra que te hace Reiki a que haga esta berretada&#8221;, apunt\u00f3 la expresidenta, en un mensaje al jefe del Ejecutivo pero con una fuerte definici\u00f3n sobre la ministra de Capital Humano.<\/p>\n<\/div>\n<div class=\"sc-80531b6b-0 chRIGJ container-text text-embed\">\n<p>&#8220;Che Milei\u2026 \u00bfAhora vos tambi\u00e9n, como Mauricio Macri, me denunci\u00e1s en Comodoro Py y<strong> mand\u00e1s a la burra que te hace Reiki y le saca la comida a los pobres <\/strong>y al otro burro que pusiste en la ANSES, reci\u00e9n llegado de sus vacaciones en M\u00e9xico, a que <strong>hagan la berretada<\/strong> de decir que mi domicilio no es en Santa Cruz?&#8221;, apunt\u00f3 la exvicepresidenta.<\/p>\n<\/div>\n<div class=\"sc-80531b6b-0 chRIGJ container-text text-embed\">\n<p>La titular del Partido Justicialista le respondi\u00f3 al Gobierno en un extenso posteo en su cuenta de X a tan solo unas horas de que se conoci\u00f3 la denuncia penal realizada por el Ministerio de Capital Humano, comandado por Pettovello, por &#8220;presunta estafa, defraudaci\u00f3n al Estado y falsedad ideol\u00f3gica&#8221;. Es por haber cobrado la Bonificaci\u00f3n por Zona Austral en sus dos beneficios previsionales, cuando es &#8220;de p\u00fablico conocimiento su residencia en CABA&#8221;.<\/p>\n<\/div>\n<div class=\"sc-106e49c0-0 dcVumd freeHtml-embed undefined\">\n<blockquote class=\"twitter-tweet\">\n<p lang=\"es\" dir=\"ltr\">Che Milei\u2026 \u00bfAhora vos tambi\u00e9n, como Mauricio Macri, me denunci\u00e1s en Comodoro Py y mand\u00e1s a la burra que te hace Reiki y le saca la comida a los pobres y al otro burro que pusiste en la ANSES, reci\u00e9n llegado de sus vacaciones en M\u00e9xico, a que hagan la berretada de decir que mi\u2026<\/p>\n<p>\u2014 Cristina Kirchner (@CFKArgentina) <a rel=\"nofollow\" target=\"_blank\" href=\"https:\/\/twitter.com\/CFKArgentina\/status\/1886842021052301819?ref_src=twsrc%5Etfw\">February 4, 2025<\/a><\/p><\/blockquote>\n<\/div>\n<div class=\"sc-80531b6b-0 chRIGJ container-text text-embed\">\n<p>Adem\u00e1s, le contest\u00f3 a Milei por sus dichos sobre la homosexualidad, en una entrevista que brind\u00f3 este lunes luego de la marcha de organizaciones de la comunidad LGBT, la cual surgi\u00f3 como respuesta al discurso del Presidente en el Foro de Davos.<\/p>\n<\/div>\n<div class=\"sc-80531b6b-0 chRIGJ container-text text-embed\">\n<p>&#8220;(Hay) otros temas que tan recurrentemente cit\u00e1s en torno a la sexualidad y que, te soy sincera, me han comenzado a llamar poderosamente la atenci\u00f3n: abuso de menores vincul\u00e1ndolos con la homosexualidad\u2026 <strong>hasta me acuerdo que has llegado a hablar p\u00fablicamente de ni\u00f1os en un jard\u00edn de infantes encadenados y envaselinados\u2026 \u00a1Un horror!<\/strong>&#8220;, retruc\u00f3 Cristina Kirchner.<\/p>\n<\/div>\n<div class=\"sc-80531b6b-0 chRIGJ container-text text-embed\">\n<p>En medio de las cr\u00edticas, la exmandataria dispar\u00f3: &#8220;En serio\u2026 <strong>Deber\u00edas buscar asesoramiento m\u00e9dico para no decir barbaridades<\/strong> y buscar un buen psic\u00f3logo\u2026 <strong>\u00bfO tal vez, un buen psiquiatra?<\/strong>&#8220;.<\/p>\n<\/div>\n<div class=\"sc-80531b6b-0 chRIGJ container-text text-embed\">\n<p>Al hacer menci\u00f3n directa a la denuncia de Capital Humano, arremeti\u00f3 contra el titular de la ANSES, <strong>Mariano de los Heros:<\/strong> &#8220;\u00bfVos me denunci\u00e1s y me persegu\u00eds penalmente porque dec\u00eds que cobr\u00e9 indebidamente un plus por zona? <strong>Que te cuente el burro de ANSES<\/strong> <strong>lo que hice con la sentencia que no s\u00f3lo reconoci\u00f3 mi derecho a las pensiones <\/strong>como ex Presidenta y como viuda de un ex Presidente, s<strong>ino tambi\u00e9n el retroactivo m\u00e1s sus intereses <\/strong>por todo lo que no hab\u00eda percibido durante los a\u00f1os de la gesti\u00f3n macrista que me las hab\u00eda quitado y, ADEM\u00c1S, ME EXIMI\u00d3 DE PAGAR EL IMPUESTO A LAS GANANCIAS ordenando la devoluci\u00f3n de las sumas descontadas por ese concepto con m\u00e1s sus intereses&#8221;.<\/p>\n<\/div>\n<div class=\"sc-198be8ec-0 cynXbu image-embed  image-embed \"><picture class=\"sc-198be8ec-1 kOjRiQ\"><source media=\"(min-width: 975px)\" width=\"720\" height=\"480\" \/><img alt=\"&quot;Deber\u00edas buscar asesoramiento m\u00e9dico para no decir barbaridades&quot;, apunt\u00f3 Cristina Kirchner. Foto: Reuters \" loading=\"lazy\" width=\"720\" height=\"480\" decoding=\"async\" data-nimg=\"1\" style=\"color:transparent\" src=\"https:\/\/13.com.ar\/wp-content\/uploads\/2025\/02\/Mandas-a-la-burra-que-te-hace-Reiki-a-que.jpg\"\/><span class=\"epigraphe\">&#8220;Deber\u00edas buscar asesoramiento m\u00e9dico para no decir barbaridades&#8221;, apunt\u00f3 Cristina Kirchner. Foto: Reuters <\/span><span class=\"bkg\"\/><span class=\"picture-open\"><button class=\"open-image\" aria-label=\"Open Image\"\/><\/span><\/picture><\/div>\n<div class=\"sc-80531b6b-0 chRIGJ container-text text-embed\">\n<p>&#8220;\u00bfSab\u00e9s qu\u00e9 hice en ese momento? Ped\u00ed que se suspendiera el pago del retroactivo por la emergencia previsional y, adem\u00e1s, RENUNCI\u00c9 A LA EXIMICI\u00d3N DEL IMPUESTO A LAS GANANCIAS\u2026 que, te cuento, es un toco&#8221;, chicane\u00f3.<\/p>\n<\/div>\n<div class=\"sc-80531b6b-0 chRIGJ container-text text-embed\">\n<p>Adem\u00e1s, aprovech\u00f3 para tirarle un palo acerca de su accionar cuando se desempe\u00f1\u00f3 como diputado nacional: &#8220;\u00bfVes? No soy como vos que<strong> cuando eras Diputado votaste por la derogaci\u00f3n del Impuesto a las Ganancias y ahora, como Presidente, lo pusiste de vuelta&#8221;.<\/strong><\/p>\n<\/div>\n<div class=\"sc-80531b6b-0 chRIGJ container-text text-embed\">\n<p>En ese contexto, la exmandataria volvi\u00f3 a llamarlo &#8220;cachivache&#8221;, tal como lo hizo al criticar el pol\u00e9mico discurso de Milei en Davos, y apunt\u00f3: &#8220;No s\u00f3lo neg\u00e1s lo que dec\u00eds, sino que borr\u00e1s con el codo lo que escrib\u00eds con la mano\u2026 y, al final, <strong>sos igual de casta que Macri persiguiendo judicialmente a tus adversarios pol\u00edticos&#8221;.<\/strong><\/p>\n<\/div>\n<\/div>\n<p><script async src=\"\/\/platform.twitter.com\/widgets.js\" charset=\"utf-8\"><\/script><br \/>\n<br \/><br \/>\n<br \/><a href=\"https:\/\/www.clarin.com\/politica\/cristina-kirchner-contesto-milei-denuncia-capital-humano-mandas-burra-hace-reiki-haga-berretada_0_bFklTwEMMf.html\">Fuente Clarin.com <\/a><\/p>\n","protected":false},"excerpt":{"rendered":"<p>Despu\u00e9s de que el Gobierno la denunci\u00f3 por cobrar en sus jubilaciones el plus por zona austral mientras reside en la Ciudad, Cristina Kirchner sali\u00f3 al cruce de Javier Milei y Sandra Pettovello. &#8220;Mand\u00e1s a la burra que te hace Reiki a que haga esta berretada&#8221;, apunt\u00f3 la expresidenta, en un mensaje al jefe del [&hellip;]<\/p>\n","protected":false},"author":1,"featured_media":1893,"comment_status":"open","ping_status":"open","sticky":false,"template":"","format":"standard","meta":{"footnotes":""},"categories":[2],"tags":[3666,3663,300,1192,3665,3662,3664],"class_list":["post-1892","post","type-post","status-publish","format-standard","has-post-thumbnail","hentry","category-ultimas-noticias","tag-berretada","tag-burra","tag-esta","tag-hace","tag-haga","tag-mandas","tag-reiki"],"_links":{"self":[{"href":"https:\/\/13.com.ar\/index.php\/wp-json\/wp\/v2\/posts\/1892","targetHints":{"allow":["GET"]}}],"collection":[{"href":"https:\/\/13.com.ar\/index.php\/wp-json\/wp\/v2\/posts"}],"about":[{"href":"https:\/\/13.com.ar\/index.php\/wp-json\/wp\/v2\/types\/post"}],"author":[{"embeddable":true,"href":"https:\/\/13.com.ar\/index.php\/wp-json\/wp\/v2\/users\/1"}],"replies":[{"embeddable":true,"href":"https:\/\/13.com.ar\/index.php\/wp-json\/wp\/v2\/comments?post=1892"}],"version-history":[{"count":0,"href":"https:\/\/13.com.ar\/index.php\/wp-json\/wp\/v2\/posts\/1892\/revisions"}],"wp:featuredmedia":[{"embeddable":true,"href":"https:\/\/13.com.ar\/index.php\/wp-json\/wp\/v2\/media\/1893"}],"wp:attachment":[{"href":"https:\/\/13.com.ar\/index.php\/wp-json\/wp\/v2\/media?parent=1892"}],"wp:term":[{"taxonomy":"category","embeddable":true,"href":"https:\/\/13.com.ar\/index.php\/wp-json\/wp\/v2\/categories?post=1892"},{"taxonomy":"post_tag","embeddable":true,"href":"https:\/\/13.com.ar\/index.php\/wp-json\/wp\/v2\/tags?post=1892"}],"curies":[{"name":"wp","href":"https:\/\/api.w.org\/{rel}","templated":true}]}}