{"id":1890,"date":"2025-02-04T16:06:47","date_gmt":"2025-02-04T19:06:47","guid":{"rendered":"https:\/\/13.com.ar\/index.php\/entre-tensiones-empezo-el-debate-en-diputados-y-el-oficialismo-busca-los-numeros-para-conseguir-dictamen\/"},"modified":"2025-02-04T16:06:47","modified_gmt":"2025-02-04T19:06:47","slug":"entre-tensiones-empezo-el-debate-en-diputados-y-el-oficialismo-busca-los-numeros-para-conseguir-dictamen","status":"publish","type":"post","link":"https:\/\/13.com.ar\/index.php\/entre-tensiones-empezo-el-debate-en-diputados-y-el-oficialismo-busca-los-numeros-para-conseguir-dictamen\/","title":{"rendered":"entre tensiones empez\u00f3 el debate en Diputados y el oficialismo busca los n\u00fameros para conseguir dictamen"},"content":{"rendered":"<p> <br \/>\n<\/p>\n<div id=\"cuerpo\">\n<div class=\"sc-80531b6b-0 chRIGJ container-text text-embed\">\n<p>En una reuni\u00f3n tensa y con bancadas que dilatan su definici\u00f3n hasta \u00faltimo momento, <strong>empez\u00f3 en Diputados el debate de comisi\u00f3n para suspender las PASO en 2025<\/strong>. El objetivo es votarlo este mismo jueves.<\/p>\n<\/div>\n<div class=\"sc-80531b6b-0 chRIGJ container-text text-embed\">\n<p>Tras reunir a su bloque, <strong>Uni\u00f3n por la Patria adelant\u00f3 que no aportar\u00e1 firmas ni dar\u00e1 qu\u00f3rum en la sesi\u00f3n del jueves.<\/strong> Es una forma de complicar al oficialismo porque para obtener dictamen La Libertad Avanza necesita conseguir 58 de las 115 firmas de los legisladores que integran el plenario de las tres comisiones que llevan el tema: Asuntos Constitucionales, Presupuesto y Justicia.<\/p>\n<\/div>\n<div class=\"sc-80531b6b-0 chRIGJ container-text text-embed\">\n<p>&#8220;\u00bfEn serio creen que este tema es m\u00e1s urgente que la Argentina tenga una ley de Presupuesto?&#8221;, se quej\u00f3 en el inicio del debate el jefe de bloque de UP, Germ\u00e1n Mart\u00ednez, y sentenci\u00f3 que<strong> en la historia ning\u00fan presidente prorrog\u00f3 por dos a\u00f1os consecutivos el Presupuesto.<\/strong><\/p>\n<\/div>\n<div class=\"sc-198be8ec-0 cynXbu image-embed  image-embed \"><picture class=\"sc-198be8ec-1 kOjRiQ\"><source media=\"(min-width: 975px)\" width=\"720\" height=\"480\" \/><img alt=\"German Mart\u00ednez&#10;&#10;Foto Federico Lopez Claro.\" loading=\"lazy\" width=\"720\" height=\"480\" decoding=\"async\" data-nimg=\"1\" style=\"color:transparent\" src=\"https:\/\/13.com.ar\/wp-content\/uploads\/2025\/02\/entre-tensiones-empezo-el-debate-en-Diputados-y-el-oficialismo.jpg\"\/><span class=\"epigraphe\">German Mart\u00ednez<\/p>\n<p>Foto Federico Lopez Claro.<\/span><span class=\"bkg\"\/><span class=\"picture-open\"><button class=\"open-image\" aria-label=\"Open Image\"\/><\/span><\/picture><\/div>\n<div class=\"sc-80531b6b-0 chRIGJ container-text text-embed\">\n<p>&#8220;Ac\u00e1 es si existe o no la vocaci\u00f3n pol\u00edtica de los sectores que se autoperciben opositores de legitimar la agenda que el presidente de la Naci\u00f3n propuso para estas extraordinarias. Es un temario absolutamente alejado de cualquiera de las necesidades. En nombre de esta famosa batalla cultural lo que quiere es poner sobre la mesa un temario lleno de humo para garantizar la posibilidad de deglutir pol\u00edticamente a los sectores cercanos en lo ideol\u00f3gico&#8221;, sentenci\u00f3 Mart\u00ednez.<\/p>\n<\/div>\n<div class=\"sc-80531b6b-0 chRIGJ container-text text-embed\">\n<p>La bullrichista del PRO <strong>Silvana Giudici <\/strong>no tard\u00f3 en responderle: &#8220;Si uno construye discurso en base a premisas falsas va a llegar a conclusiones falsas. <strong>El PRO, la UCR y la Coalici\u00f3n nos opusimos en 2009 a la ley de PASO&#8221;.<\/strong><\/p>\n<\/div>\n<div class=\"sc-80531b6b-0 chRIGJ container-text text-embed\">\n<p>La bancada amarilla que en un inicio pon\u00eda reparos a eliminar las PASO, despu\u00e9s de la suspensi\u00f3n que propuso Jorge Macri en la Ciudad termin\u00f3 inclin\u00e1ndose por esa misma postura en lo Nacional y le torci\u00f3 el brazo al oficialismo que cedi\u00f3 ante ese pedido.<\/p>\n<\/div>\n<div class=\"sc-80531b6b-0 chRIGJ container-text text-embed\">\n<p>En Democracia para Siempre, el bloque referenciado en <strong>Mart\u00edn Lousteau y Facundo Manes<\/strong>, est\u00e1n dispuestos a firmar un dictamen propio, pero solo si el oficialismo consigue por su cuenta el n\u00famero para dictaminar.<\/p>\n<\/div>\n<div class=\"sc-80531b6b-0 chRIGJ container-text text-embed\">\n<p>La UCR conducida por Rodrigo De Loredo mantuvo una reuni\u00f3n hasta minutos antes de que empiece la comisi\u00f3n. Hay posturas divididas y no saben c\u00f3mo lo van a resolver. &#8220;Estamos analizando&#8221;, aseguraron.<\/p>\n<\/div>\n<div class=\"sc-80531b6b-0 chRIGJ container-text text-embed\">\n<p>Sorprendieron las declaraciones que horas antes del plenario de comisiones hizo el <strong>gobernador radical de Mendoza, Alfredo Cornejo<\/strong>, quien viene comport\u00e1ndose como un aliado clave del oficialismo en el Congreso.<\/p>\n<\/div>\n<div class=\"sc-80531b6b-0 chRIGJ container-text text-embed\">\n<p>\u201cLas elecciones PASO son positivas para el ciudadano porque funcionan como un l\u00edmite. La dirigencia pol\u00edtica solo tiene el poder de armar las listas, pero las internas permiten que el ciudadano opine.<strong> Si se eliminan, se reduce el poder de decisi\u00f3n del ciudadano y los dirigentes resolver\u00edan todo. Esto no es positivo para la sociedad<\/strong>\u201d, sentenci\u00f3 Cornejo<\/p>\n<\/div>\n<div class=\"sc-80531b6b-0 chRIGJ container-text text-embed\">\n<p>En Encuentro Federal, la bancada que conduce Miguel Angel Pichetto, tambi\u00e9n est\u00e1n partidos. Los cordobeses que responden a Mart\u00edn Llaryora estaban esperando que su gobernador les indique qu\u00e9 hacer. A su vez, Llaryora &#8211; que viene de criticar a Javier Milei en la apertura de sesiones de la legislatura cordobesa- esperaba un llamado de la Rosada.<\/p>\n<\/div>\n<div class=\"sc-80531b6b-0 chRIGJ container-text text-embed\">\n<p>Finalmente,<strong> los cordobeses ingresaron a la comisi\u00f3n y van a firmar.<\/strong> Los misioneros de Hugo Passalaqua tambi\u00e9n est\u00e1n dispuestos a acompa\u00f1ar.<\/p>\n<\/div>\n<\/div>\n<p><br \/>\n<br \/><a href=\"https:\/\/www.clarin.com\/politica\/suspension-paso-tensiones-empezo-debate-diputados-oficialismo-busca-numeros-conseguir-dictamen_0_JANcPvzb3R.html\">Fuente Clarin.com <\/a><\/p>\n","protected":false},"excerpt":{"rendered":"<p>En una reuni\u00f3n tensa y con bancadas que dilatan su definici\u00f3n hasta \u00faltimo momento, empez\u00f3 en Diputados el debate de comisi\u00f3n para suspender las PASO en 2025. El objetivo es votarlo este mismo jueves. Tras reunir a su bloque, Uni\u00f3n por la Patria adelant\u00f3 que no aportar\u00e1 firmas ni dar\u00e1 qu\u00f3rum en la sesi\u00f3n del [&hellip;]<\/p>\n","protected":false},"author":1,"featured_media":1891,"comment_status":"open","ping_status":"open","sticky":false,"template":"","format":"standard","meta":{"footnotes":""},"categories":[2],"tags":[672,3660,3002,3661,350,3657,351,28,3659,3658,16,3656],"class_list":["post-1890","post","type-post","status-publish","format-standard","has-post-thumbnail","hentry","category-ultimas-noticias","tag-busca","tag-conseguir","tag-debate","tag-dictamen","tag-diputados","tag-empezo","tag-entre","tag-los","tag-numeros","tag-oficialismo","tag-para","tag-tensiones"],"_links":{"self":[{"href":"https:\/\/13.com.ar\/index.php\/wp-json\/wp\/v2\/posts\/1890","targetHints":{"allow":["GET"]}}],"collection":[{"href":"https:\/\/13.com.ar\/index.php\/wp-json\/wp\/v2\/posts"}],"about":[{"href":"https:\/\/13.com.ar\/index.php\/wp-json\/wp\/v2\/types\/post"}],"author":[{"embeddable":true,"href":"https:\/\/13.com.ar\/index.php\/wp-json\/wp\/v2\/users\/1"}],"replies":[{"embeddable":true,"href":"https:\/\/13.com.ar\/index.php\/wp-json\/wp\/v2\/comments?post=1890"}],"version-history":[{"count":0,"href":"https:\/\/13.com.ar\/index.php\/wp-json\/wp\/v2\/posts\/1890\/revisions"}],"wp:featuredmedia":[{"embeddable":true,"href":"https:\/\/13.com.ar\/index.php\/wp-json\/wp\/v2\/media\/1891"}],"wp:attachment":[{"href":"https:\/\/13.com.ar\/index.php\/wp-json\/wp\/v2\/media?parent=1890"}],"wp:term":[{"taxonomy":"category","embeddable":true,"href":"https:\/\/13.com.ar\/index.php\/wp-json\/wp\/v2\/categories?post=1890"},{"taxonomy":"post_tag","embeddable":true,"href":"https:\/\/13.com.ar\/index.php\/wp-json\/wp\/v2\/tags?post=1890"}],"curies":[{"name":"wp","href":"https:\/\/api.w.org\/{rel}","templated":true}]}}