{"id":1886,"date":"2025-02-04T15:28:58","date_gmt":"2025-02-04T18:28:58","guid":{"rendered":"https:\/\/13.com.ar\/index.php\/hay-un-detenido-y-la-familia-no-quiere-marchas\/"},"modified":"2025-02-04T15:28:58","modified_gmt":"2025-02-04T18:28:58","slug":"hay-un-detenido-y-la-familia-no-quiere-marchas","status":"publish","type":"post","link":"https:\/\/13.com.ar\/index.php\/hay-un-detenido-y-la-familia-no-quiere-marchas\/","title":{"rendered":"hay un detenido y la familia no quiere marchas"},"content":{"rendered":"<p> <br \/>\n<\/p>\n<div id=\"cuerpo\">\n<div class=\"sc-80531b6b-0 chRIGJ container-text text-embed\">\n<p><strong>&#8220;Por siempre te llevar\u00e9 en mi coraz\u00f3n, T\u00edo hermoso, gracias por ser el mejor siempre&#8221;,<\/strong> lo despidi\u00f3 en redes sociales Ver\u00f3nica, una sobrina del comerciante Cristian Vel\u00e1zquez (50), que intent\u00f3 defenderse de un asalto de dos motochorros y fue asesinado de un disparo en la cabeza.<strong> Un delincuente, con m\u00faltiples antecedentes, fue detenido.<\/strong> Por el crimen, el Ministerio de Seguridad anunci\u00f3 <strong>cambios en la c\u00fapula de la Polic\u00eda en Mar del Plata.<\/strong><\/p>\n<\/div>\n<div class=\"sc-80531b6b-0 chRIGJ container-text text-embed\">\n<p>Era la <strong>novena vez que lo robaban en un barrio no muy alejado del centro<\/strong>, a unos 500 metros del estadio mundialista. Vecinos y comerciantes se quejaron por los <strong>reiterados episodios de inseguridad <\/strong>que se registran en la zona, a\u00fan cuando en la ciudad hay m\u00e1s polic\u00edas que nunca por la temporada.<\/p>\n<\/div>\n<div class=\"sc-80531b6b-0 chRIGJ container-text text-embed\">\n<p>&#8220;Hacen operativos por el verano, se muestran pidiendo documentos en las avenidas, pero no detienen a nadie. Los delincuentes <strong>andan por ac\u00e1 como si nada a cualquier hora<\/strong>, mire la hora que es: a las tres de la tarde lo mataron a este hombre&#8221;, protest\u00f3 una vecina de Vel\u00e1zquez en la puerta del comercio de Jacinto Peralta Ramos al 700, casi Irala.<\/p>\n<\/div>\n<div class=\"sc-80531b6b-0 chRIGJ container-text text-embed\">\n<p>Los vecinos lanzaron una convocatoria en las redes para manifestarse este martes en esa esquina &#8220;en forma pac\u00edfica y respetuosa con el objeto de exigir <strong>justicia y seguridad<\/strong> por este hecho y tantos anteriores, y tambi\u00e9n solidarizarnos con la familia de Cristian&#8221;.<\/p>\n<\/div>\n<div class=\"sc-80531b6b-0 chRIGJ container-text text-embed\">\n<p>Pero la familia del comerciante pidi\u00f3 que haya manifestaciones en su nombre. &#8220;Nos parece una falta de respeto que usen as\u00ed a mi t\u00edo, <strong>nos gustar\u00eda que respeten el duelo familiar&#8221;<\/strong>, sostuvo Ver\u00f3nica.<\/p>\n<\/div>\n<div class=\"sc-198be8ec-0 cynXbu image-embed  image-embed \"><picture class=\"sc-198be8ec-1 kOjRiQ\"><source media=\"(min-width: 975px)\" width=\"720\" height=\"480\" \/><img alt=\"Mar del Plata: el kiosco donde mataron a  Cristian Vel\u00e1zquez.\" loading=\"lazy\" width=\"720\" height=\"480\" decoding=\"async\" data-nimg=\"1\" style=\"color:transparent\" src=\"https:\/\/13.com.ar\/wp-content\/uploads\/2025\/02\/hay-un-detenido-y-la-familia-no-quiere-marchas.jpg\"\/><span class=\"epigraphe\">Mar del Plata: el kiosco donde mataron a  Cristian Vel\u00e1zquez.<\/span><span class=\"bkg\"\/><span class=\"picture-open\"><button class=\"open-image\" aria-label=\"Open Image\"\/><\/span><\/picture><\/div>\n<div class=\"sc-80531b6b-0 chRIGJ container-text text-embed\">\n<p><strong>\u201cNo queremos saber nada con marchas, ni quilombos, ni que se agreda a la polic\u00eda<\/strong>. A mi t\u00edo no le gustaba para nada eso\u201c, explic\u00f3 la sobrina del comerciante, que en una semana celebrar\u00eda su cumplea\u00f1os n\u00famero 51.<\/p>\n<\/div>\n<div class=\"sc-80531b6b-0 chRIGJ container-text text-embed\">\n<p>Lo record\u00f3 como <strong>&#8220;un hombre que labur\u00f3 toda su vida&#8221;<\/strong> y pidi\u00f3 &#8220;a la gente que realmente lo conoce que no participe&#8221; de las manifestaciones. \u201cEso no nos va a devolver a mi t\u00edo, queremos evitar todo eso\u201d, lament\u00f3.<\/p>\n<\/div>\n<div class=\"sc-80531b6b-0 chRIGJ container-text text-embed\">\n<p>&#8220;Tan atento y buena persona, fuiste una luz en mi vida, te amo con todo mi coraz\u00f3n, que en paz descanses&#8221;, lo despidi\u00f3 en un posteo junto a una serie de im\u00e1genes donde se lo ve a Vel\u00e1zquez rodeado de familiares, en celebraciones o bien en salidas con sus sobrinos.<\/p>\n<\/div>\n<div class=\"sc-80531b6b-0 chRIGJ container-text text-embed\">\n<p>Harto de los robos, Vel\u00e1zquez ten\u00eda a mano bajo el mostrador del kiosco que atend\u00eda, propiedad de un familiar,<strong> un aerosol de gas pimienta<\/strong>. Lo hab\u00eda utilizado en abril pasado cuando dos delincuentes intentaron asaltarlo: al rociarlos con el spray, huyeron, pero <strong>uno de ellos le dispar\u00f3 desde la puerta. La suerte estuvo de su lado esa vez.<\/strong><\/p>\n<\/div>\n<div class=\"sc-80531b6b-0 chRIGJ container-text text-embed\">\n<p>El proyectil atraves\u00f3 el acr\u00edlico del exhibidor, lo que lo amortigu\u00f3, y <strong>qued\u00f3 incrustado en un paquete de chicles<\/strong>. Dio entrevistas a medios locales narrando lo que hab\u00eda ocurrido, ah\u00ed mismo cont\u00f3 su &#8220;indignaci\u00f3n, impotencia: <strong>me siento desprotegido, no hacen nada por nosotros&#8221;.<\/strong><\/p>\n<\/div>\n<div class=\"sc-80531b6b-0 chRIGJ container-text text-embed\">\n<p>Siete meses despu\u00e9s, en un episodio similar, en la tarde de este lunes, un asaltante le peg\u00f3 un tiro en la cabeza. Los peritos establecieron que el arma utilizada fue <strong>un rev\u00f3lver calibre 38, el que a\u00fan no fue secuestrado.<\/strong><\/p>\n<\/div>\n<div class=\"sc-80531b6b-0 chRIGJ container-text text-embed\">\n<p>&#8220;Fue un episodio extremadamente breve, los delincuentes ingresaron fugazmente, y la propia v\u00edctima confi\u00f3 en poder hacer lo mismo que el a\u00f1o pasado, <strong>con el uso del gas pimienta y le dispararon&#8221;<\/strong>, explic\u00f3 el fiscal Alejandro Pellegrinelli, par aquien el caso &#8220;en principio estar\u00eda esclarecido&#8221;.<\/p>\n<\/div>\n<div class=\"sc-80531b6b-0 chRIGJ container-text text-embed\">\n<p>En la madrugada fue <strong>detenido un hombre de 29 a\u00f1os, apodado &#8220;Nacho&#8221;, que tiene antecedentes por distintos delitos.<\/strong> Pero no ser\u00eda quien dispar\u00f3 contra Vel\u00e1zquez, de acuerdo a lo que pudieron reconstruir en base a las im\u00e1genes tomadas por c\u00e1maras p\u00fablicas y privadas en la zona, incluidas las del comercio. <strong>El autor del disparo, al\u00edas &#8220;Guachin&#8221;, sobre quien pesa un pedido de captura, contin\u00faa pr\u00f3fugo.<\/strong><\/p>\n<\/div>\n<div class=\"sc-80531b6b-0 chRIGJ container-text text-embed\">\n<p>El intendente G<strong>uillermo Montenegro se pleg\u00f3 al reclamo y pidi\u00f3 penas m\u00e1s duras para los delincuentes<\/strong>: &#8220;Esto no puede pasar. Tiene que haber una modificaci\u00f3n clara que venimos planteando hace rato en lo que tiene que ver con las leyes<strong>, la reiterancia, la imputabilidad<\/strong>, todas cuestiones que tienen que ver con la dureza en el accionar&#8221;.<\/p>\n<\/div>\n<div class=\"sc-80531b6b-0 chRIGJ container-text text-embed\">\n<p>Se espera que en la tarde de este martes arribe a la ciudad el jefe de jefe de la Polic\u00eda Bonaerense, comisario general Javier Villar, con el objeto de <strong>remover al mando superior de la fuerza<\/strong>. El crimen de Vel\u00e1zquez es el corolario de una larga saga de hechos delictivos que se registra hace tiempo en la ciudad -ahora con refuerzos policiales por la temporada-, pero que se padecen antes, durante y despu\u00e9s del verano.<\/p>\n<\/div>\n<\/div>\n<p><br \/>\n<br \/><a href=\"https:\/\/www.clarin.com\/sociedad\/kiosquero-asaltado-9-veces-murio-asesinado-mar-plata-detenido-familia-quiere-marchas_0_JxqIROfbze.html\">Fuente Clarin.com <\/a><\/p>\n","protected":false},"excerpt":{"rendered":"<p>&#8220;Por siempre te llevar\u00e9 en mi coraz\u00f3n, T\u00edo hermoso, gracias por ser el mejor siempre&#8221;, lo despidi\u00f3 en redes sociales Ver\u00f3nica, una sobrina del comerciante Cristian Vel\u00e1zquez (50), que intent\u00f3 defenderse de un asalto de dos motochorros y fue asesinado de un disparo en la cabeza. Un delincuente, con m\u00faltiples antecedentes, fue detenido. Por el [&hellip;]<\/p>\n","protected":false},"author":1,"featured_media":1887,"comment_status":"open","ping_status":"open","sticky":false,"template":"","format":"standard","meta":{"footnotes":""},"categories":[2],"tags":[1360,1497,942,1811,1273],"class_list":["post-1886","post","type-post","status-publish","format-standard","has-post-thumbnail","hentry","category-ultimas-noticias","tag-detenido","tag-familia","tag-hay","tag-marchas","tag-quiere"],"_links":{"self":[{"href":"https:\/\/13.com.ar\/index.php\/wp-json\/wp\/v2\/posts\/1886","targetHints":{"allow":["GET"]}}],"collection":[{"href":"https:\/\/13.com.ar\/index.php\/wp-json\/wp\/v2\/posts"}],"about":[{"href":"https:\/\/13.com.ar\/index.php\/wp-json\/wp\/v2\/types\/post"}],"author":[{"embeddable":true,"href":"https:\/\/13.com.ar\/index.php\/wp-json\/wp\/v2\/users\/1"}],"replies":[{"embeddable":true,"href":"https:\/\/13.com.ar\/index.php\/wp-json\/wp\/v2\/comments?post=1886"}],"version-history":[{"count":0,"href":"https:\/\/13.com.ar\/index.php\/wp-json\/wp\/v2\/posts\/1886\/revisions"}],"wp:featuredmedia":[{"embeddable":true,"href":"https:\/\/13.com.ar\/index.php\/wp-json\/wp\/v2\/media\/1887"}],"wp:attachment":[{"href":"https:\/\/13.com.ar\/index.php\/wp-json\/wp\/v2\/media?parent=1886"}],"wp:term":[{"taxonomy":"category","embeddable":true,"href":"https:\/\/13.com.ar\/index.php\/wp-json\/wp\/v2\/categories?post=1886"},{"taxonomy":"post_tag","embeddable":true,"href":"https:\/\/13.com.ar\/index.php\/wp-json\/wp\/v2\/tags?post=1886"}],"curies":[{"name":"wp","href":"https:\/\/api.w.org\/{rel}","templated":true}]}}