{"id":1874,"date":"2025-02-04T14:57:31","date_gmt":"2025-02-04T17:57:31","guid":{"rendered":"https:\/\/13.com.ar\/index.php\/ahora-se-chicanea-con-mourinho-por-una-polemica-en-turquia\/"},"modified":"2025-02-04T14:57:31","modified_gmt":"2025-02-04T17:57:31","slug":"ahora-se-chicanea-con-mourinho-por-una-polemica-en-turquia","status":"publish","type":"post","link":"https:\/\/13.com.ar\/index.php\/ahora-se-chicanea-con-mourinho-por-una-polemica-en-turquia\/","title":{"rendered":"ahora se chicanea con Mourinho por una pol\u00e9mica en Turqu\u00eda"},"content":{"rendered":"<p> <br \/>\n<\/p>\n<div id=\"cuerpo\">\n<div class=\"sc-80531b6b-0 chRIGJ container-text text-embed\">\n<p>Los conflictos en la vida de <strong>Mauro Icardi<\/strong> parecen no tener fin y, esta vez, trascendi\u00f3 al \u00e1mbito deportivo. <strong>Jos\u00e9 Mourinho<\/strong>, entrenador del <strong>Fenerbah\u00e7e<\/strong>, y el argentino, delantero estrella del <strong>Galatasaray<\/strong>, tuvieron fuego cruzado este martes con munici\u00f3n pesada en redes sociales al acusar al respectivo equipo rival de jugar a la pelota con la mano.<\/p>\n<\/div>\n<div class=\"sc-80531b6b-0 chRIGJ container-text text-embed\">\n<p>&#8220;Mi Portugal alcanz\u00f3 de forma brillante las semifinales en la Copa Mundial de Balonmano que termin\u00f3 el domingo pasado, y quiero felicitarlo por esta haza\u00f1a y el impacto que crea en la juventud del pa\u00eds&#8221;, escribi\u00f3 Mourinho en su cuenta en Instagram, en ingl\u00e9s.<\/p>\n<\/div>\n<div class=\"sc-80531b6b-0 chRIGJ container-text text-embed\">\n<p>Pero la foto que adjunt\u00f3 al texto no corresponde al Mundial de Handball que termin\u00f3 el domingo pasado y donde Portugal perdi\u00f3 la semifinal con Dinamarca 40 a 27, sino que muestra al defensor colombiano <strong>Davinson S\u00e1nchez<\/strong>, jugador del Galatasaray, ex del Ajax y el Tottenham, en el partido contra el Gaziantep, con el bal\u00f3n aparentemente rozando su mano levantada.<\/p>\n<\/div>\n<div class=\"sc-80531b6b-0 chRIGJ container-text text-embed\">\n<p>El ir\u00f3nico reclamo de Mou tuvo como foco la pol\u00e9mica jugada que puede ser trascendental en el desarrollo de la Liga en Turqu\u00eda.<\/p>\n<\/div>\n<div class=\"sc-80531b6b-0 chRIGJ container-text text-embed\">\n<p>Es que la victoria por la m\u00ednima del Galatasaray sobre el Gaziantep ubica al equipo de Icardi en la cima de la Superliga con un total de 57 puntos, 8 por encima del Fenerbah\u00e7e, con 51, su escolta en la tabla de posiciones.<\/p>\n<\/div>\n<div class=\"sc-80531b6b-0 chRIGJ container-text text-embed\">\n<p>Unas horas despu\u00e9s del posteo quejoso de Mourinho, Mauro Icardi agarr\u00f3 su celular y respondi\u00f3 la chicana del entrenador portugu\u00e9s, con unas historias de Instagram bastante picantes.<\/p>\n<\/div>\n<div class=\"sc-80531b6b-0 chRIGJ container-text text-embed\">\n<p>Luego de aportar algunas fotos de la China Su\u00e1rez, su pareja, con la camiseta de Galatasaray, el ex de Wanda Nara dej\u00f3 por un rato de alimentar a los ciclos de chimentos del espect\u00e1culos para meterse en los del f\u00fatbol.<\/p>\n<\/div>\n<div class=\"sc-80531b6b-0 chRIGJ container-text text-embed\">\n<p>Primero subi\u00f3 una foto de un libro con el t\u00edtulo &#8220;The Crying One&#8221;, o el llor\u00f3n, en relaci\u00f3n al apodo de Mourinho, &#8220;The Chosen One&#8221;, el elegido. En otra foto aparece \u00e9l haciendo el gesto de mandar a dormir, \u00bfdedicado al DT?<\/p>\n<\/div>\n<div class=\"sc-198be8ec-0 cynXbu image-embed  image-embed \"><picture class=\"sc-198be8ec-1 kOjRiQ\"><source media=\"(min-width: 975px)\" width=\"720\" height=\"480\" \/><img alt=\"Historia de instagram que subi\u00f3 Mauro Icardi en respuesta a la publicaci\u00f3n de Mourinho.\" loading=\"lazy\" width=\"720\" height=\"480\" decoding=\"async\" data-nimg=\"1\" style=\"color:transparent\" src=\"https:\/\/13.com.ar\/wp-content\/uploads\/2025\/02\/ahora-se-chicanea-con-Mourinho-por-una-polemica-en-Turquia.jpg\"\/><span class=\"epigraphe\">Historia de instagram que subi\u00f3 Mauro Icardi en respuesta a la publicaci\u00f3n de Mourinho.<\/span><span class=\"bkg\"\/><span class=\"picture-open\"><button class=\"open-image\" aria-label=\"Open Image\"\/><\/span><\/picture><\/div>\n<div class=\"sc-80531b6b-0 chRIGJ container-text text-embed\">\n<p>Mauro public\u00f3 tambi\u00e9n la imagen de un defensor del Fenerbah\u00e7e tocando la pelota con la mano y la acompa\u00f1\u00f3 con las palabras &#8220;Mundial de Balonmano&#8221; y varios emojis de risa. Y luego un video de un cl\u00e1sico reciente en el que le pegaron una trompada en el \u00e1rea y que no s\u00f3lo no cobraron penal sino que le dej\u00f3 el ojo morado.<\/p>\n<\/div>\n<div class=\"sc-80531b6b-0 chRIGJ container-text text-embed\">\n<p>El delantero argentino no tiene paz. Desde que confirm\u00f3 su separaci\u00f3n de Wanda Nara se vio envuelto en una serie de conflictos, algunos de ellos judiciales, que ni siquiera logr\u00f3 calmar con la novedad de su intenso romance con la China Su\u00e1rez, quien r\u00e1pidamente se convirti\u00f3 en su compa\u00f1era de ruta.<\/p>\n<\/div>\n<div class=\"sc-198be8ec-0 cynXbu image-embed  image-embed \"><picture class=\"sc-198be8ec-1 kOjRiQ\"><source media=\"(min-width: 975px)\" width=\"720\" height=\"480\" \/><img alt=\"Tambi\u00e9n adjunt\u00f3 una foto de un jugador de Fenerbahce con el bal\u00f3n en la mano.\" loading=\"lazy\" width=\"720\" height=\"480\" decoding=\"async\" data-nimg=\"1\" style=\"color:transparent\" src=\"https:\/\/13.com.ar\/wp-content\/uploads\/2025\/02\/1738691851_332_ahora-se-chicanea-con-Mourinho-por-una-polemica-en-Turquia.jpg\"\/><span class=\"epigraphe\">Tambi\u00e9n adjunt\u00f3 una foto de un jugador de Fenerbahce con el bal\u00f3n en la mano.<\/span><span class=\"bkg\"\/><span class=\"picture-open\"><button class=\"open-image\" aria-label=\"Open Image\"\/><\/span><\/picture><\/div>\n<div class=\"sc-80531b6b-0 chRIGJ container-text text-embed\">\n<p>Mientras se habla de \u00e9l en ciclos como LAM o Intrusos, Icardi se pone a punto para volver a las canchas luego de romperse los ligamentos de una de sus rodillas y perderse toda la temporada con Galatasaray.<\/p>\n<\/div>\n<\/div>\n<p><br \/>\n<br \/><a href=\"https:\/\/www.clarin.com\/deportes\/mauro-icardi-respiro-escandalos-wanda-nara-china-suarez-ahora-chicanea-mourinho-polemica-turquia_0_Agkz7g0jxr.html\">Fuente Clarin.com <\/a><\/p>\n","protected":false},"excerpt":{"rendered":"<p>Los conflictos en la vida de Mauro Icardi parecen no tener fin y, esta vez, trascendi\u00f3 al \u00e1mbito deportivo. Jos\u00e9 Mourinho, entrenador del Fenerbah\u00e7e, y el argentino, delantero estrella del Galatasaray, tuvieron fuego cruzado este martes con munici\u00f3n pesada en redes sociales al acusar al respectivo equipo rival de jugar a la pelota con la [&hellip;]<\/p>\n","protected":false},"author":1,"featured_media":1875,"comment_status":"open","ping_status":"open","sticky":false,"template":"","format":"standard","meta":{"footnotes":""},"categories":[2],"tags":[1412,3638,18,3639,814,142,2836,73],"class_list":["post-1874","post","type-post","status-publish","format-standard","has-post-thumbnail","hentry","category-ultimas-noticias","tag-ahora","tag-chicanea","tag-con","tag-mourinho","tag-polemica","tag-por","tag-turquia","tag-una"],"_links":{"self":[{"href":"https:\/\/13.com.ar\/index.php\/wp-json\/wp\/v2\/posts\/1874","targetHints":{"allow":["GET"]}}],"collection":[{"href":"https:\/\/13.com.ar\/index.php\/wp-json\/wp\/v2\/posts"}],"about":[{"href":"https:\/\/13.com.ar\/index.php\/wp-json\/wp\/v2\/types\/post"}],"author":[{"embeddable":true,"href":"https:\/\/13.com.ar\/index.php\/wp-json\/wp\/v2\/users\/1"}],"replies":[{"embeddable":true,"href":"https:\/\/13.com.ar\/index.php\/wp-json\/wp\/v2\/comments?post=1874"}],"version-history":[{"count":0,"href":"https:\/\/13.com.ar\/index.php\/wp-json\/wp\/v2\/posts\/1874\/revisions"}],"wp:featuredmedia":[{"embeddable":true,"href":"https:\/\/13.com.ar\/index.php\/wp-json\/wp\/v2\/media\/1875"}],"wp:attachment":[{"href":"https:\/\/13.com.ar\/index.php\/wp-json\/wp\/v2\/media?parent=1874"}],"wp:term":[{"taxonomy":"category","embeddable":true,"href":"https:\/\/13.com.ar\/index.php\/wp-json\/wp\/v2\/categories?post=1874"},{"taxonomy":"post_tag","embeddable":true,"href":"https:\/\/13.com.ar\/index.php\/wp-json\/wp\/v2\/tags?post=1874"}],"curies":[{"name":"wp","href":"https:\/\/api.w.org\/{rel}","templated":true}]}}