{"id":1872,"date":"2025-02-04T14:54:14","date_gmt":"2025-02-04T17:54:14","guid":{"rendered":"https:\/\/13.com.ar\/index.php\/lali-esposito-cobro-por-ir-a-la-marcha-lgbt-la-desmentida-de-la-artista-y-amnistia-internacional\/"},"modified":"2025-02-04T14:54:14","modified_gmt":"2025-02-04T17:54:14","slug":"lali-esposito-cobro-por-ir-a-la-marcha-lgbt-la-desmentida-de-la-artista-y-amnistia-internacional","status":"publish","type":"post","link":"https:\/\/13.com.ar\/index.php\/lali-esposito-cobro-por-ir-a-la-marcha-lgbt-la-desmentida-de-la-artista-y-amnistia-internacional\/","title":{"rendered":"\u00bfLali Esp\u00f3sito cobr\u00f3 por ir a la marcha LGBT? La desmentida de la artista y Amnist\u00eda Internacional"},"content":{"rendered":"<p> <br \/>\n<\/p>\n<div id=\"cuerpo\">\n<div class=\"sc-80531b6b-0 chRIGJ container-text text-embed\">\n<p>En las \u00faltimas horas, distintas cuentas en apoyo al Presidente de la red social X (ex Twitter) comenzaron a difundir una foto que mostraba un <strong>supuesto contrato<\/strong> con el que Amnist\u00eda contrataba a Lali por <strong>su presencia en la marcha del d\u00eda s\u00e1bado 1 de febrero a cambio de 200 millones de pesos.<\/strong><\/p>\n<\/div>\n<div class=\"sc-80531b6b-0 chRIGJ container-text text-embed\">\n<p>&#8220;<strong>Autorizase y apru\u00e9bese la contrataci\u00f3n de la artista popularmente conocida como &#8220;LALI&#8221;<\/strong> para la prestaci\u00f3n de servicios de asistencia y participaci\u00f3n activa en la Marcha Federal del Orgullo Antifascista y Antirracista, en la cual Amnist\u00eda Internacional Argentina participa como entidad adherente\u201d, comenzaba diciendo el texto.<\/p>\n<\/div>\n<div class=\"sc-80531b6b-0 chRIGJ container-text text-embed\">\n<p>Y sumaba: \u201cLa participaci\u00f3n de la artista<strong> incluir\u00e1 su presencia en el evento, as\u00ed como su salida a un balc\u00f3n para saludar a los asistentes<\/strong> a la marcha. La contrataci\u00f3n se formaliza por un importe total de <strong>pesos doscientos millones<\/strong>s con 00\/100 ($200.000.000,00.-), I.V.A. incluido.\u201d<\/p>\n<\/div>\n<div class=\"sc-80531b6b-0 chRIGJ container-text text-embed\">\n<p>Luego de que la difusi\u00f3n de aquella imagen, justo despu\u00e9s de que Milei la volviera a llamar <strong>\u201cLadri Dep\u00f3sito\u201d<\/strong>, la propia Amnist\u00eda Internacional Argentina sali\u00f3 a desmentir la informaci\u00f3n con un fuerte comunicado.<strong> \u201cM\u00e1s trucho que billete de tres pesos\u201d<\/strong>, comienza el posteo de Instagram.<\/p>\n<\/div>\n<div class=\"sc-198be8ec-0 cynXbu image-embed  image-embed \"><picture class=\"sc-198be8ec-1 kOjRiQ\"><source media=\"(min-width: 975px)\" width=\"720\" height=\"480\" \/><img alt=\"La fake news creada por libertarios de que Lali habr\u00eda cobrado por ir a la marcha. Foto: Instagram\" loading=\"lazy\" width=\"720\" height=\"480\" decoding=\"async\" data-nimg=\"1\" style=\"color:transparent\" src=\"https:\/\/13.com.ar\/wp-content\/uploads\/2025\/02\/\u00bfLali-Esposito-cobro-por-ir-a-la-marcha-LGBT-La.jpg\"\/><span class=\"epigraphe\">La fake news creada por libertarios de que Lali habr\u00eda cobrado por ir a la marcha. Foto: Instagram<\/span><span class=\"bkg\"\/><span class=\"picture-open\"><button class=\"open-image\" aria-label=\"Open Image\"\/><\/span><\/picture><\/div>\n<div class=\"sc-80531b6b-0 chRIGJ container-text text-embed\">\n<p>\u201c<strong>Nunca le pagamos nada a Lali.<\/strong> Usan deliberadamente el logo de Infobae y el nombre de Amnist\u00eda Internacional para darle \u2018credibilidad\u2019 a un documento que ni siquiera tiene la informaci\u00f3n b\u00e1sica que necesita un contrato para ser v\u00e1lido. <strong>El \u2018dise\u00f1o\u2019 del contrato, chicos, por favor, est\u00e1 hecho con herramientas medievales<\/strong> (una coincidencia con la narrativa oficial). <strong>Solo un <em>Fan\u00e1tico <\/em>podr\u00eda hacer esto por nosotros\u201d<\/strong>, sigue, haciendo referencia al tema de Lali que est\u00e1 cargado de referencias a Milei.<\/p>\n<\/div>\n<div class=\"sc-80531b6b-0 chRIGJ container-text text-embed\">\n<p>Y a\u00f1ade: \u201cCuando los gobiernos no logran imponer su discurso y hay un fuerte contrapeso colectivo,<strong> eligen las m\u00e1s obtusas estrategias para intentar deslegitimizar los reclamos genuinos de la sociedad civil<\/strong>. Se enojan con nosotros, adem\u00e1s, porque contribuimos a exponerlos ante el mundo cuando no respetan los consensos acordados por los pa\u00edses sobre los derechos de las personas\u201d.<\/p>\n<\/div>\n<div class=\"sc-198be8ec-0 cynXbu image-embed  image-embed \"><picture class=\"sc-198be8ec-1 kOjRiQ\"><source media=\"(min-width: 975px)\" width=\"720\" height=\"480\" \/><img alt=\"Lali Esposito, Taichu Mar\u00eda Becerra, protagonistas de la marcha LGBT contra Javier Milei: todas las fotos | Fotos: RS Fotos\" loading=\"lazy\" width=\"720\" height=\"480\" decoding=\"async\" data-nimg=\"1\" style=\"color:transparent\" src=\"https:\/\/13.com.ar\/wp-content\/uploads\/2025\/02\/1738675175_182_La-respuesta-de-Lali-Esposito-a-los-nuevos-dichos-de.jpg\"\/><span class=\"epigraphe\">Lali Esposito, Taichu Mar\u00eda Becerra, protagonistas de la marcha LGBT contra Javier Milei: todas las fotos | Fotos: RS Fotos<\/span><span class=\"bkg\"\/><span class=\"picture-open\"><button class=\"open-image\" aria-label=\"Open Image\"\/><\/span><\/picture><\/div>\n<div class=\"sc-80531b6b-0 chRIGJ container-text text-embed\">\n<p>\u201cDato interesante: <strong>no hay antecedentes locales de una operaci\u00f3n de este tipo contra Amnist\u00eda Internacional<\/strong>, al menos desde el retorno a la democracia\u201d, cerraron.<\/p>\n<\/div>\n<div class=\"sc-80531b6b-0 chRIGJ container-text text-embed\">\n<p>A su vez, en una publicaci\u00f3n realizada en el sitio web de la organizaci\u00f3n, detallaron que que <strong>\u201ca simple vista salta a la luz que ese documento es falso\u201d<\/strong>. \u201cNo figura el nombre completo de las partes, ni identificaciones veraces, ni ning\u00fan otro elemento contractual que cumpla con los protocolos de transparencia de Amnist\u00eda Internacional. <strong>Tampoco dicha \u2018noticia\u2019 se encuentra en el portal informativo Infobae<\/strong>, aunque el logo del sitio es utilizado de manera tergiversada a trav\u00e9s de su marca de agua impresa en el supuesto contrato firmado\u201d, agregaron.<\/p>\n<\/div>\n<div class=\"sc-198be8ec-0 cynXbu image-embed  image-embed \"><picture class=\"sc-198be8ec-1 kOjRiQ\"><source media=\"(min-width: 975px)\" width=\"720\" height=\"480\" \/><img alt=\"Lali Esp\u00f3sito y Amnist\u00eda Internacional desmintieron la fake news. Foto: Instagram\" loading=\"lazy\" width=\"720\" height=\"480\" decoding=\"async\" data-nimg=\"1\" style=\"color:transparent\" src=\"https:\/\/13.com.ar\/wp-content\/uploads\/2025\/02\/1738691654_560_\u00bfLali-Esposito-cobro-por-ir-a-la-marcha-LGBT-La.jpg\"\/><span class=\"epigraphe\">Lali Esp\u00f3sito y Amnist\u00eda Internacional desmintieron la fake news. Foto: Instagram<\/span><span class=\"bkg\"\/><span class=\"picture-open\"><button class=\"open-image\" aria-label=\"Open Image\"\/><\/span><\/picture><\/div>\n<p><h2>La palabra de Lali Esp\u00f3sito ante la desmentida de Amnist\u00eda Internacional<\/h2>\n<\/p>\n<div class=\"sc-80531b6b-0 chRIGJ container-text text-embed\">\n<p>Una vez que la publicaci\u00f3n fue realizada, Lali Esp\u00f3sito dej\u00f3 un comentario debajo del posteo. <strong>\u201cQPQT\u201d<\/strong>, comenz\u00f3 escribiendo, aludiendo al <strong>\u201cqu\u00e9 peligroso, qu\u00e9 triste\u201d<\/strong>, que twitte\u00f3 cuando Javier Milei fue elegido presidente y que desat\u00f3 su fuerte cruce con el Presidente.<\/p>\n<\/div>\n<div class=\"sc-198be8ec-0 cynXbu image-embed  image-embed \"><picture class=\"sc-198be8ec-1 kOjRiQ\"><source media=\"(min-width: 975px)\" width=\"720\" height=\"480\" \/><img alt=\"La palabra de Lali Esp\u00f3sito ante la desmentida de Amnist\u00eda Internacional. Foto: Instagram\" loading=\"lazy\" width=\"720\" height=\"480\" decoding=\"async\" data-nimg=\"1\" style=\"color:transparent\" src=\"https:\/\/13.com.ar\/wp-content\/uploads\/2025\/02\/1738691654_56_\u00bfLali-Esposito-cobro-por-ir-a-la-marcha-LGBT-La.jpg\"\/><span class=\"epigraphe\">La palabra de Lali Esp\u00f3sito ante la desmentida de Amnist\u00eda Internacional. Foto: Instagram<\/span><span class=\"bkg\"\/><span class=\"picture-open\"><button class=\"open-image\" aria-label=\"Open Image\"\/><\/span><\/picture><\/div>\n<div class=\"sc-80531b6b-0 chRIGJ container-text text-embed\">\n<p><strong>\u201cSaludos querido equipo de amnist\u00eda! Para adelante con la verdad y el amor\u201d<\/strong>, agreg\u00f3 luego la artista.<\/p>\n<\/div>\n<div class=\"sc-80531b6b-0 chRIGJ container-text text-embed\">\n<p>Por otro lado, en sus historias de Instagram, agreg\u00f3 otras publicaciones realizadas por la Amnist\u00eda Internacional Argentina: <strong>\u201cLa desinformaci\u00f3n es un mal de nuestra \u00e9poca. Se imponen las noticias falsas. Ya no importa si es verdad o mentira\u201d.<\/strong><\/p>\n<\/div>\n<div class=\"sc-198be8ec-0 cynXbu image-embed  image-embed \"><picture class=\"sc-198be8ec-1 kOjRiQ\"><source media=\"(min-width: 975px)\" width=\"720\" height=\"480\" \/><img alt=\"La palabra de Lali Esp\u00f3sito ante la desmentida de Amnist\u00eda Internacional. Foto: Instagram\" loading=\"lazy\" width=\"720\" height=\"480\" decoding=\"async\" data-nimg=\"1\" style=\"color:transparent\" src=\"https:\/\/13.com.ar\/wp-content\/uploads\/2025\/02\/1738691654_720_\u00bfLali-Esposito-cobro-por-ir-a-la-marcha-LGBT-La.jpg\"\/><span class=\"epigraphe\">La palabra de Lali Esp\u00f3sito ante la desmentida de Amnist\u00eda Internacional. Foto: Instagram<\/span><span class=\"bkg\"\/><span class=\"picture-open\"><button class=\"open-image\" aria-label=\"Open Image\"\/><\/span><\/picture><\/div>\n<div class=\"sc-80531b6b-0 chRIGJ container-text text-embed\">\n<p>\u201cSolo importa reforzar los sesgos de confirmaci\u00f3n e instalar lo que resulta conveniente a los intereses de un determinado sector\u201d, continuaba el posteo, a lo que Lali sum\u00f3:<strong> \u201cAs\u00ed es\u201d.<\/strong><\/p>\n<\/div>\n<\/div>\n<p><br \/>\n<br \/><a href=\"https:\/\/www.clarin.com\/fama\/lali-esposito-cobro-ir-marcha-lgbt-desmentida-artista-amnistia-internacional_0_efgqS7hcWG.html\">Fuente Clarin.com <\/a><\/p>\n","protected":false},"excerpt":{"rendered":"<p>En las \u00faltimas horas, distintas cuentas en apoyo al Presidente de la red social X (ex Twitter) comenzaron a difundir una foto que mostraba un supuesto contrato con el que Amnist\u00eda contrataba a Lali por su presencia en la marcha del d\u00eda s\u00e1bado 1 de febrero a cambio de 200 millones de pesos. &#8220;Autorizase y [&hellip;]<\/p>\n","protected":false},"author":1,"featured_media":1873,"comment_status":"open","ping_status":"open","sticky":false,"template":"","format":"standard","meta":{"footnotes":""},"categories":[2],"tags":[3637,3556,1554,3636,2806,299,2805,2050,1126,142],"class_list":["post-1872","post","type-post","status-publish","format-standard","has-post-thumbnail","hentry","category-ultimas-noticias","tag-amnistia","tag-artista","tag-cobro","tag-desmentida","tag-esposito","tag-internacional","tag-lali","tag-lgbt","tag-marcha","tag-por"],"_links":{"self":[{"href":"https:\/\/13.com.ar\/index.php\/wp-json\/wp\/v2\/posts\/1872","targetHints":{"allow":["GET"]}}],"collection":[{"href":"https:\/\/13.com.ar\/index.php\/wp-json\/wp\/v2\/posts"}],"about":[{"href":"https:\/\/13.com.ar\/index.php\/wp-json\/wp\/v2\/types\/post"}],"author":[{"embeddable":true,"href":"https:\/\/13.com.ar\/index.php\/wp-json\/wp\/v2\/users\/1"}],"replies":[{"embeddable":true,"href":"https:\/\/13.com.ar\/index.php\/wp-json\/wp\/v2\/comments?post=1872"}],"version-history":[{"count":0,"href":"https:\/\/13.com.ar\/index.php\/wp-json\/wp\/v2\/posts\/1872\/revisions"}],"wp:featuredmedia":[{"embeddable":true,"href":"https:\/\/13.com.ar\/index.php\/wp-json\/wp\/v2\/media\/1873"}],"wp:attachment":[{"href":"https:\/\/13.com.ar\/index.php\/wp-json\/wp\/v2\/media?parent=1872"}],"wp:term":[{"taxonomy":"category","embeddable":true,"href":"https:\/\/13.com.ar\/index.php\/wp-json\/wp\/v2\/categories?post=1872"},{"taxonomy":"post_tag","embeddable":true,"href":"https:\/\/13.com.ar\/index.php\/wp-json\/wp\/v2\/tags?post=1872"}],"curies":[{"name":"wp","href":"https:\/\/api.w.org\/{rel}","templated":true}]}}