{"id":18614,"date":"2025-04-21T11:04:27","date_gmt":"2025-04-21T14:04:27","guid":{"rendered":"https:\/\/13.com.ar\/index.php\/el-grupo-terrorista-hamas-lamento-la-muerte-del-papa-francisco-y-remarco-que-fue-un-firme-defensor-de-los-derechos-legitimos-del-pueblo-palestino\/"},"modified":"2025-04-21T11:04:27","modified_gmt":"2025-04-21T14:04:27","slug":"el-grupo-terrorista-hamas-lamento-la-muerte-del-papa-francisco-y-remarco-que-fue-un-firme-defensor-de-los-derechos-legitimos-del-pueblo-palestino","status":"publish","type":"post","link":"https:\/\/13.com.ar\/index.php\/el-grupo-terrorista-hamas-lamento-la-muerte-del-papa-francisco-y-remarco-que-fue-un-firme-defensor-de-los-derechos-legitimos-del-pueblo-palestino\/","title":{"rendered":"El grupo terrorista Hamas lament\u00f3 la muerte del papa Francisco y remarc\u00f3 que &#8220;fue un firme defensor de los derechos leg\u00edtimos del pueblo palestino&#8221;"},"content":{"rendered":"<p> <br \/>\n<br \/><img decoding=\"async\" src=\"https:\/\/13.com.ar\/wp-content\/uploads\/2025\/04\/El-grupo-terrorista-Hamas-lamento-la-muerte-del-papa-Francisco.jpg\" \/><\/p>\n<div id=\"element-body-0\">\n<p>El grupo terrorista Hamas al lamentar la muerte este lunes del papa Francisco destac\u00f3 que<strong> &#8220;fue un firme defensor de los derechos leg\u00edtimos del pueblo palestino<\/strong>, especialmente en su inquebrantable postura contra la guerra y los actos de genocidio perpetrados contra nuestro pueblo en Gaza en los \u00faltimos meses&#8221;, escribi\u00f3 en un comunicado Basem Naim, miembro del bur\u00f3 pol\u00edtico de la organizaci\u00f3n.<\/p>\n<\/div>\n<div id=\"element-body-1\">\n<p>&#8220;Hoy, el mundo est\u00e1 de luto por el fallecimiento de una destacada figura religiosa mundial, su santidad el papa Francisco, sumo pont\u00edfice de la Iglesia cat\u00f3lica romana, que <strong>dedic\u00f3 su papado a fomentar el di\u00e1logo interreligioso y a promover la paz en todo el planeta&#8221;<\/strong>, lament\u00f3 Naim.<\/p>\n<\/div>\n<div id=\"element-body-2\">\n<p>El representante de Hamas asegur\u00f3 que la muerte de &#8220;una figura tan importante y comprometida <strong>deja un profundo vac\u00edo que ser\u00e1 dif\u00edcil llenar&#8221;.<\/strong><\/p>\n<\/div>\n<div id=\"element-body-3\">\n<p>Una de las \u00faltimas declaraciones del papa ayer, domingo, <strong>estuvo dirigida a pedir la paz en la Franja de Gaza,<\/strong> donde Israel mantiene una ofensiva desde hace m\u00e1s de a\u00f1o y medio que se ha cobrado la vida de m\u00e1s de 51.200 personas, as\u00ed como el retorno de los 59 cautivos que siguen en manos de las milicias del enclave.<\/p>\n<\/div>\n<div id=\"element-body-5\">\n<p>El papa Francisco hizo un llamamiento a todas las partes para que <strong>&#8220;cese el fuego en Gaza, que se liberen los rehenes y se preste ayuda a la gente&#8221;<\/strong>, as\u00ed como se frene &#8220;la carrera al rearme&#8221;, en el mensaje de la Pascua, que fue le\u00eddo por el maestro de ceremonias, Diego Ravelli, debido a que el pont\u00edfice segu\u00eda afectado por su infecci\u00f3n respiratoria.<\/p>\n<\/div>\n<div id=\"element-body-6\">\n<p>&#8220;Me siento cercano al sufrimiento de los cristianos en Palestina y en Israel, as\u00ed como a todo el pueblo israel\u00ed y a todo el pueblo palestino&#8221;, escribi\u00f3 Francisco.<\/p>\n<\/div>\n<p><br \/>\n<br \/><a href=\"https:\/\/www.clarin.com\/mundo\/grupo-terrorista-hamas-lamento-muerte-papa-francisco-remarco-firme-defensor-derechos-legitimos-pueblo-palestino_0_lDDVqLn21N.html\">Fuente Clarin.com <\/a><\/p>\n","protected":false},"excerpt":{"rendered":"<p>El grupo terrorista Hamas al lamentar la muerte este lunes del papa Francisco destac\u00f3 que &#8220;fue un firme defensor de los derechos leg\u00edtimos del pueblo palestino, especialmente en su inquebrantable postura contra la guerra y los actos de genocidio perpetrados contra nuestro pueblo en Gaza en los \u00faltimos meses&#8221;, escribi\u00f3 en un comunicado Basem Naim, [&hellip;]<\/p>\n","protected":false},"author":1,"featured_media":18615,"comment_status":"open","ping_status":"open","sticky":false,"template":"","format":"standard","meta":{"footnotes":""},"categories":[2],"tags":[14925,100,3097,4269,917,105,599,1461,9700,15410,28,1506,10491,2919,3371,2749,4081],"class_list":["post-18614","post","type-post","status-publish","format-standard","has-post-thumbnail","hentry","category-ultimas-noticias","tag-defensor","tag-del","tag-derechos","tag-firme","tag-francisco","tag-fue","tag-grupo","tag-hamas","tag-lamento","tag-legitimos","tag-los","tag-muerte","tag-palestino","tag-papa","tag-pueblo","tag-remarco","tag-terrorista"],"_links":{"self":[{"href":"https:\/\/13.com.ar\/index.php\/wp-json\/wp\/v2\/posts\/18614","targetHints":{"allow":["GET"]}}],"collection":[{"href":"https:\/\/13.com.ar\/index.php\/wp-json\/wp\/v2\/posts"}],"about":[{"href":"https:\/\/13.com.ar\/index.php\/wp-json\/wp\/v2\/types\/post"}],"author":[{"embeddable":true,"href":"https:\/\/13.com.ar\/index.php\/wp-json\/wp\/v2\/users\/1"}],"replies":[{"embeddable":true,"href":"https:\/\/13.com.ar\/index.php\/wp-json\/wp\/v2\/comments?post=18614"}],"version-history":[{"count":0,"href":"https:\/\/13.com.ar\/index.php\/wp-json\/wp\/v2\/posts\/18614\/revisions"}],"wp:featuredmedia":[{"embeddable":true,"href":"https:\/\/13.com.ar\/index.php\/wp-json\/wp\/v2\/media\/18615"}],"wp:attachment":[{"href":"https:\/\/13.com.ar\/index.php\/wp-json\/wp\/v2\/media?parent=18614"}],"wp:term":[{"taxonomy":"category","embeddable":true,"href":"https:\/\/13.com.ar\/index.php\/wp-json\/wp\/v2\/categories?post=18614"},{"taxonomy":"post_tag","embeddable":true,"href":"https:\/\/13.com.ar\/index.php\/wp-json\/wp\/v2\/tags?post=18614"}],"curies":[{"name":"wp","href":"https:\/\/api.w.org\/{rel}","templated":true}]}}