{"id":18612,"date":"2025-04-21T10:58:29","date_gmt":"2025-04-21T13:58:29","guid":{"rendered":"https:\/\/13.com.ar\/index.php\/mauricio-macri-despidio-al-papa-francisco-y-recordo-un-tierno-encuentro-con-su-hija-antonia-dormis-con-esa-ropa\/"},"modified":"2025-04-21T10:58:29","modified_gmt":"2025-04-21T13:58:29","slug":"mauricio-macri-despidio-al-papa-francisco-y-recordo-un-tierno-encuentro-con-su-hija-antonia-dormis-con-esa-ropa","status":"publish","type":"post","link":"https:\/\/13.com.ar\/index.php\/mauricio-macri-despidio-al-papa-francisco-y-recordo-un-tierno-encuentro-con-su-hija-antonia-dormis-con-esa-ropa\/","title":{"rendered":"Mauricio Macri despidi\u00f3 al Papa Francisco y record\u00f3 un tierno encuentro con su hija Antonia: &#8220;\u00bfDorm\u00eds con esa ropa?&#8221;"},"content":{"rendered":"<p> <br \/>\n<br \/><img decoding=\"async\" src=\"https:\/\/13.com.ar\/wp-content\/uploads\/2025\/04\/Mauricio-Macri-despidio-al-Papa-Francisco-y-recordo-un-tierno.jpg\" \/><\/p>\n<div id=\"element-body-0\">\n<p>Luego de que se conociera la noticia de la<strong> muerte del Papa Francisco<\/strong>, el expresidente <strong>Mauricio Macri <\/strong>record\u00f3 este lunes su \u00faltimo encuentro con el sumo pont\u00edfice en el <strong>Vaticano<\/strong>, a donde fue acompa\u00f1ado por su pareja Juliana Awada y sus hijas, Agustina, Antonia y Valentina.<\/p>\n<\/div>\n<div id=\"element-body-1\">\n<p>En una publicaci\u00f3n en redes sociales, el exmandatario se refiri\u00f3 al viaje que hizo a Italia durante su mandato, en octubre de 2016, durante el cual <strong>Antonia, que en aquel entonces ten\u00eda 5 a\u00f1os, &#8220;empez\u00f3 a hacerle preguntas sin parar&#8221;.<\/strong><\/p>\n<\/div>\n<div id=\"element-body-2\">\n<p>&#8220;Francisco las contest\u00f3 todas: \u201c\u00bfCu\u00e1ntos a\u00f1os ten\u00e9s? \u00bfQu\u00e9 com\u00e9s a la noche? \u00bfVos ten\u00e9s mam\u00e1 y pap\u00e1 como yo?\u201d. Y la m\u00e1s graciosa de todas: \u201c\u00bfDorm\u00eds con esa ropa?\u201d. Francisco estaba divertido y fue muy cari\u00f1oso mientras respond\u00eda&#8221;, afirm\u00f3 Macri y comparti\u00f3 una foto de aquel encuentro.<\/p>\n<\/div>\n<div id=\"element-body-3\">\n<blockquote class=\"twitter-tweet\">\n<p lang=\"es\" dir=\"ltr\">Al \u00faltimo encuentro con el Papa Francisco me acompa\u00f1aron Juliana, Agustina, Valentina y Antonia, que en ese momento ten\u00eda 5 a\u00f1os. Cuando Antonia vio a Francisco, empez\u00f3 a hacerle preguntas sin parar. Francisco las contest\u00f3 todas: \u201c\u00bfCu\u00e1ntos a\u00f1os ten\u00e9s? \u00bfQu\u00e9 com\u00e9s a la noche? \u00bfVos\u2026 <a rel=\"nofollow\" target=\"_blank\" href=\"https:\/\/t.co\/e9llVqmCm3\">pic.twitter.com\/e9llVqmCm3<\/a><\/p>\n<p>\u2014 Mauricio Macri (@mauriciomacri) <a rel=\"nofollow\" target=\"_blank\" href=\"https:\/\/twitter.com\/mauriciomacri\/status\/1914293981447418060?ref_src=twsrc%5Etfw\">April 21, 2025<\/a><\/p><\/blockquote>\n<\/div>\n<div id=\"element-body-4\">\n<p>Asimismo, record\u00f3 al l\u00edder de la Iglesia como &#8220;<strong>un religioso de una talla sin igual, un pol\u00edtico severo y, especialmente, un pastor bueno<\/strong>&#8220;.<\/p>\n<\/div>\n<div id=\"element-body-5\">\n<p>&#8220;Su vida estuvo marcada por las ense\u00f1anzas que dio con la palabra, con su compromiso y sus gestos. <strong>\u00c9l mismo, con su trayectoria, es una ense\u00f1anza para todos<\/strong>&#8220;, asegur\u00f3 el l\u00edder del PRO.<\/p>\n<\/div>\n<div id=\"element-body-6\">\n<p>Y expres\u00f3: &#8220;Fue un honor sin comparaci\u00f3n haberlo conocido. Para m\u00ed, su nombre <strong>merecer\u00e1 para siempre admiraci\u00f3n y respeto<\/strong>&#8220;.<\/p>\n<\/div>\n<div id=\"element-body-8\">\n<p>Las fotos de aquel encuentro, donde se ve a Macri junto a sus hijas Agustina y Antonia, adem\u00e1s de Juliana Awada y su hija Valentina, reflejan un encuentro oficial en medio de una relaci\u00f3n de tensi\u00f3n entre ambos l\u00edderes.<\/p>\n<\/div>\n<div id=\"element-body-9\">\n<p>Pocos meses despu\u00e9s de la asunci\u00f3n de Mauricio Macri a la presidencia, tuvo su primera audiencia con el Papa, <strong>un encuentro que pas\u00f3 a la historia por el gesto<\/strong> que Francisco hizo en una de las im\u00e1genes que se difundieron. <\/p>\n<\/div>\n<div id=\"element-body-11\">\n<p>El v\u00ednculo sigui\u00f3 deterior\u00e1ndose luego de que Francisco le dijera a Macri durante una conversaci\u00f3n telef\u00f3nica que dos de sus principales colaboradores -Marcos Pe\u00f1a y Dur\u00e1n Barba- \u201cme est\u00e1n haciendo campa\u00f1a en contra\u201d. Ya fuera del gobierno, Macri se preguntar\u00eda en su libro Primer Tiempo s\u00ed \u201cen las numerosas reuniones que ten\u00eda con sindicalistas y opositores\u201d el Papa alentaba las cr\u00edticas a su gobierno.<\/p>\n<\/div>\n<div id=\"element-body-12\">\n<p>Sin embargo, tras el segundo encuentro de Macri y Francisco, el expresidente lo consider\u00f3 un &#8220;l\u00edder moral&#8221; durante una conferencia de prensa y dijo que esta vez el di\u00e1logo fue \u201cbueno\u201d, dur\u00f3 casi una hora y estuvo caracterizado por las coincidencias en cuanto a la lucha contra la pobreza, la necesidad de promover el trabajo y el crecimiento.<\/p>\n<\/div>\n<p><script async src=\"\/\/platform.twitter.com\/widgets.js\" charset=\"utf-8\"><\/script><br \/>\n<br \/><br \/>\n<br \/><a href=\"https:\/\/www.clarin.com\/politica\/mauricio-macri-despidio-papa-francisco-recordo-tierno-encuentro-hija-antonia-dormis-ropa_0_Nphj87mBml.html\">Fuente Clarin.com <\/a><\/p>\n","protected":false},"excerpt":{"rendered":"<p>Luego de que se conociera la noticia de la muerte del Papa Francisco, el expresidente Mauricio Macri record\u00f3 este lunes su \u00faltimo encuentro con el sumo pont\u00edfice en el Vaticano, a donde fue acompa\u00f1ado por su pareja Juliana Awada y sus hijas, Agustina, Antonia y Valentina. En una publicaci\u00f3n en redes sociales, el exmandatario se [&hellip;]<\/p>\n","protected":false},"author":1,"featured_media":18613,"comment_status":"open","ping_status":"open","sticky":false,"template":"","format":"standard","meta":{"footnotes":""},"categories":[2],"tags":[15408,18,4562,15409,1353,1020,917,192,1109,1253,2919,2332,9204,199],"class_list":["post-18612","post","type-post","status-publish","format-standard","has-post-thumbnail","hentry","category-ultimas-noticias","tag-antonia","tag-con","tag-despidio","tag-dormis","tag-encuentro","tag-esa","tag-francisco","tag-hija","tag-macri","tag-mauricio","tag-papa","tag-recordo","tag-ropa","tag-tierno"],"_links":{"self":[{"href":"https:\/\/13.com.ar\/index.php\/wp-json\/wp\/v2\/posts\/18612","targetHints":{"allow":["GET"]}}],"collection":[{"href":"https:\/\/13.com.ar\/index.php\/wp-json\/wp\/v2\/posts"}],"about":[{"href":"https:\/\/13.com.ar\/index.php\/wp-json\/wp\/v2\/types\/post"}],"author":[{"embeddable":true,"href":"https:\/\/13.com.ar\/index.php\/wp-json\/wp\/v2\/users\/1"}],"replies":[{"embeddable":true,"href":"https:\/\/13.com.ar\/index.php\/wp-json\/wp\/v2\/comments?post=18612"}],"version-history":[{"count":0,"href":"https:\/\/13.com.ar\/index.php\/wp-json\/wp\/v2\/posts\/18612\/revisions"}],"wp:featuredmedia":[{"embeddable":true,"href":"https:\/\/13.com.ar\/index.php\/wp-json\/wp\/v2\/media\/18613"}],"wp:attachment":[{"href":"https:\/\/13.com.ar\/index.php\/wp-json\/wp\/v2\/media?parent=18612"}],"wp:term":[{"taxonomy":"category","embeddable":true,"href":"https:\/\/13.com.ar\/index.php\/wp-json\/wp\/v2\/categories?post=18612"},{"taxonomy":"post_tag","embeddable":true,"href":"https:\/\/13.com.ar\/index.php\/wp-json\/wp\/v2\/tags?post=18612"}],"curies":[{"name":"wp","href":"https:\/\/api.w.org\/{rel}","templated":true}]}}